{"id":442281,"date":"2025-10-06T06:33:14","date_gmt":"2025-10-06T06:33:14","guid":{"rendered":"https:\/\/www.europesays.com\/fr\/442281\/"},"modified":"2025-10-06T06:33:14","modified_gmt":"2025-10-06T06:33:14","slug":"football-les-verts-trinqueront-aux-50-ans-de-leur-finale-europeenne-avec-une-liqueur-produite-en-creuse","status":"publish","type":"post","link":"https:\/\/www.europesays.com\/fr\/442281\/","title":{"rendered":"Football &#8211; Les Verts trinqueront aux 50 ans de leur finale europ\u00e9enne avec une liqueur produite en Creuse"},"content":{"rendered":"<p>Les anciens joueurs de l&rsquo;AS Saint-Etienne s&rsquo;appr\u00eatent \u00e0 c\u00e9l\u00e9brer les 50 ans de la grande \u00e9pop\u00e9e\u00a0: 1976. L&rsquo;ann\u00e9e o\u00f9 les Verts sont all\u00e9s jusqu&rsquo;en finale de la Coupe des clubs champions europ\u00e9ens. Et les footballeurs trinqueront avec une liqueur verte bien s\u00fbr&#8230; mais une liqueur produite en Creuse\u00a0!<\/p>\n<p>\u00ab\u00a0Allez qui c&rsquo;est les plus forts\u00a0?\u00a0\u00c9videmment c&rsquo;est les verts\u00a0!\u00a0\u00bb. Cette chanson a \u00e9t\u00e9 chant\u00e9e par les supporters des Verts pendant des d\u00e9cennies. Une folie verte qui a envahi toute la France en 1976 lorsque l&rsquo;AS Saint-Etienne a disput\u00e9 la finale de la Coupe des clubs champions europ\u00e9ens. <strong>En 2026, les Verts s&rsquo;appr\u00eatent \u00e0 f\u00eater les 50 ans de cette \u00e9pop\u00e9e<\/strong>. Les anciens joueurs du club, r\u00e9unis en association, ont d\u00e9cid\u00e9 de produire 10.000 flacons de liqueur verte pour marquer l&rsquo;\u00e9v\u00e9nement.<\/p>\n<p>Et ils ont choisi pour cela <strong>une liqueur creusoise, produite \u00e0 Faux-la-Montagne<\/strong>. Aur\u00e9lie Tindili\u00e8re et Tristan Lacroix y tiennent Natorel, une ferme o\u00f9 ils cultivent des plantes qu&rsquo;ils transforment eux-m\u00eames pour les commercialiser en tisane et autres produits. Ils ont retenu l&rsquo;attention\u00a0des anciens footballeurs st\u00e9phanois gr\u00e2ce \u00e0\u00a0leur plus r\u00e9cente liqueur, la Licreuse, \u00e0 base de verveine et citronnelle bio, et surtout leur mode de production\u00a0: <strong>du champs \u00e0 l&rsquo;alambic en quelques m\u00e8tres<\/strong>. R\u00e9\u00e9coutez notre reportage.<\/p>\n<p><img loading=\"lazy\" decoding=\"async\" class=\"VisualPreview svelte-1rldrkz\" src=\"data:image\/jpeg;base64,\/9j\/2wBDACgcHiMeGSgjISMtKygwPGRBPDc3PHtYXUlkkYCZlo+AjIqgtObDoKrarYqMyP\/L2u71\/\/\/\/m8H\/\/\/\/6\/+b9\/\/j\/2wBDASstLTw1PHZBQXb4pYyl+Pj4+Pj4+Pj4+Pj4+Pj4+Pj4+Pj4+Pj4+Pj4+Pj4+Pj4+Pj4+Pj4+Pj4+Pj4+Pj4+Pj\/wAARCAAXACoDASIAAhEBAxEB\/8QAFwABAQEBAAAAAAAAAAAAAAAAAAECA\/\/EABYQAQEBAAAAAAAAAAAAAAAAAAABEf\/EABYBAQEBAAAAAAAAAAAAAAAAAAECAP\/EABURAQEAAAAAAAAAAAAAAAAAAAAB\/9oADAMBAAIRAxEAPwDgM6soW0AAlRUBc5WpQUzUq6ArCAkv\/9k=\" alt=\"Aur\u00e9lie Tindili\u00e8re et Tristan Lacroix posent avec la cuv\u00e9e sp\u00e9ciale Verts de 76 de la Licreuse. Ils ont habill\u00e9 eux-m\u00eame le flacon, avec l'aide d'une amie graphiste.\" width=\"600\" height=\"337\"\/>  Aur\u00e9lie Tindili\u00e8re et Tristan Lacroix posent avec la cuv\u00e9e sp\u00e9ciale Verts de 76 de la Licreuse. Ils ont habill\u00e9 eux-m\u00eame le flacon, avec l&rsquo;aide d&rsquo;une amie graphiste. \u00a9 Radio France &#8211; Sol\u00e8ne de Larquier<\/p>\n","protected":false},"excerpt":{"rendered":"Les anciens joueurs de l&rsquo;AS Saint-Etienne s&rsquo;appr\u00eatent \u00e0 c\u00e9l\u00e9brer les 50 ans de la grande \u00e9pop\u00e9e\u00a0: 1976. L&rsquo;ann\u00e9e&hellip;\n","protected":false},"author":2,"featured_media":442282,"comment_status":"","ping_status":"","sticky":false,"template":"","format":"standard","meta":{"footnotes":""},"categories":[1410],"tags":[63,1011,27,60],"class_list":{"0":"post-442281","1":"post","2":"type-post","3":"status-publish","4":"format-standard","5":"has-post-thumbnail","7":"category-football","8":"tag-football","9":"tag-fr","10":"tag-france","11":"tag-sports"},"share_on_mastodon":{"url":"https:\/\/pubeurope.com\/@fr\/115325829875476265","error":""},"_links":{"self":[{"href":"https:\/\/www.europesays.com\/fr\/wp-json\/wp\/v2\/posts\/442281","targetHints":{"allow":["GET"]}}],"collection":[{"href":"https:\/\/www.europesays.com\/fr\/wp-json\/wp\/v2\/posts"}],"about":[{"href":"https:\/\/www.europesays.com\/fr\/wp-json\/wp\/v2\/types\/post"}],"author":[{"embeddable":true,"href":"https:\/\/www.europesays.com\/fr\/wp-json\/wp\/v2\/users\/2"}],"replies":[{"embeddable":true,"href":"https:\/\/www.europesays.com\/fr\/wp-json\/wp\/v2\/comments?post=442281"}],"version-history":[{"count":0,"href":"https:\/\/www.europesays.com\/fr\/wp-json\/wp\/v2\/posts\/442281\/revisions"}],"wp:featuredmedia":[{"embeddable":true,"href":"https:\/\/www.europesays.com\/fr\/wp-json\/wp\/v2\/media\/442282"}],"wp:attachment":[{"href":"https:\/\/www.europesays.com\/fr\/wp-json\/wp\/v2\/media?parent=442281"}],"wp:term":[{"taxonomy":"category","embeddable":true,"href":"https:\/\/www.europesays.com\/fr\/wp-json\/wp\/v2\/categories?post=442281"},{"taxonomy":"post_tag","embeddable":true,"href":"https:\/\/www.europesays.com\/fr\/wp-json\/wp\/v2\/tags?post=442281"}],"curies":[{"name":"wp","href":"https:\/\/api.w.org\/{rel}","templated":true}]}}