{"id":442293,"date":"2025-10-06T06:44:16","date_gmt":"2025-10-06T06:44:16","guid":{"rendered":"https:\/\/www.europesays.com\/fr\/442293\/"},"modified":"2025-10-06T06:44:16","modified_gmt":"2025-10-06T06:44:16","slug":"comment-emma-ukrainienne-de-31-ans-a-cree-deux-entreprises-prosperes-en-sept-ans","status":"publish","type":"post","link":"https:\/\/www.europesays.com\/fr\/442293\/","title":{"rendered":"Comment Emma, Ukrainienne de 31\u00a0ans, a cr\u00e9\u00e9 deux entreprises prosp\u00e8res en sept\u00a0ans"},"content":{"rendered":"<p>Barri\u00e8re de la langue, refus bancaires, manque de r\u00e9seau\u00a0: \u00e0 31\u00a0ans, Emma Iankushenko a surmont\u00e9 chaque obstacle pour b\u00e2tir deux soci\u00e9t\u00e9s \u00e0 Toulouse.<\/p>\n<p class=\"fig-paragraph\">Son parcours de\u00a0<a href=\"http:\/\/www.lefigaro.fr\/flash-eco\/france-les-creations-d-entreprises-accelerent-en-juin-selon-l-insee-20250723\" data-fig-type=\"NewsFlash\" data-gtm-custom-categorie=\"navigation\" data-gtm-custom-action=\"crossclick\" data-gtm-custom-label=\"Contextuel\" data-gtm-event=\"customEventSPE\" data-fig-domain=\"LEFIGARO\" target=\"_blank\" rel=\"noopener\">cr\u00e9ation d\u2019entreprise<\/a>\u00a0a \u00e9t\u00e9 sem\u00e9 d\u2019emb\u00fbches. Arriv\u00e9e en France \u00e0 18\u00a0ans, sans r\u00e9seau ni ma\u00eetrise de la langue, Emma Iankushenko, 31\u00a0ans aujourd\u2019hui, a pourtant r\u00e9ussi \u00e0 b\u00e2tir deux soci\u00e9t\u00e9s prosp\u00e8res, dans un pays dont elle a d\u00fb apprendre les codes et la culture. \u00ab\u00a0J\u2019ai d\u00fb d\u00e9passer la barri\u00e8re de la langue, les complexit\u00e9s administratives et gagner la confiance des clients\u00a0\u00bb, confie-t-elle.<\/p>\n<p class=\"fig-paragraph\">N\u00e9e d\u2019un p\u00e8re russe et d\u2019une m\u00e8re ukrainienne, elle a cr\u00e9\u00e9, d\u00e8s ses 24\u00a0ans, la SARL Monsieur Flower avec sa m\u00e8re, Natalia, ancienne journaliste devenue comptable dans l\u2019entreprise. Un projet n\u00e9 dans la foul\u00e9e de son m\u00e9moire sur les fleurs stabilis\u00e9es, r\u00e9alis\u00e9 lors de son master en marketing et gestion \u00e0 l\u2019ESG.<\/p>\n<p class=\"fig-paragraph\">L\u2019entreprise de sc\u00e9nographie florale travaille exclusivement en BtoB avec des clients prestigieux \u2013 l\u2019\u00c9tat,\u00a0<a href=\"https:\/\/www.lefigaro.fr\/tag\/lvmh\" target=\"_blank\" rel=\"sponsored noopener\" data-gtm-custom-categorie=\"navigation\" data-gtm-custom-action=\"crossclick\" data-gtm-custom-label=\"Contextuel\" data-gtm-event=\"customEventSPE\">LVMH<\/a>, des maisons prestigieuses de\u00a0<a href=\"https:\/\/www.lefigaro.fr\/style\/sur-l-avenue-montaigne-paris-brille-t-il-20211220\" data-fig-type=\"Article\" data-gtm-custom-categorie=\"navigation\" data-gtm-custom-action=\"crossclick\" data-gtm-custom-label=\"Contextuel\" data-gtm-event=\"customEventSPE\" data-fig-domain=\"LEFIGARO\" target=\"_blank\" rel=\"noopener\">l\u2019avenue Montaigne<\/a>\u00a0ou encore des complexes h\u00f4teliers. Elle compte aujourd\u2019hui 18\u00a0salari\u00e9s, fait travailler une dizaine d\u2019ind\u00e9pendants\u2026<\/p>\n<p class=\"fig-premium-paywall__infos\">\n        Cet article est r\u00e9serv\u00e9 aux abonn\u00e9s.        Il vous reste 81% \u00e0 d\u00e9couvrir.\n    <\/p>\n<p>                <img  data- alt=\"Le Figaro\" class=\"fig-img--complete fig-img\"\/><\/p>\n<p class=\"fig-premium-paywall__title\">J-100, Le Figaro f\u00eate ses 200 ans<\/p>\n<p class=\"fig-premium-paywall__subtitle\">Offre anniversaire : 2\u20ac\/mois pendant 200 semaines<\/p>\n<p class=\"fig-premium-paywall__connect\">\n                D\u00e9j\u00e0 abonn\u00e9\u00a0?                <a class=\"fig-premium-paywall__connect-link\" href=\"https:\/\/connect.lefigaro.fr\/login?client=horizon_web&amp;type=main&amp;redirect_uri=https%3A%2F%2Fwww.lefigaro.fr%2Fentrepreneur%2Fcomment-emma-ukrainienne-de-31-ans-a-cree-deux-entreprises-prosperes-en-7-ans-20251006\" data-js-gtm=\"{&quot;customCategorie&quot;: &quot;conversion&quot;, &quot;customAction&quot;: &quot;before_Landing_Connexion_paywall_auto&quot;, &quot;customLabel&quot;: &quot;bGVmaWdhcm8uZnJfXzFmMDk5NjNhLTAzZmMtNjFmNi05N2VkLWRmYTgxNGUwMTE3MV9fQXJ0aWNsZQ==_Comment Emma, Ukrainienne de 31\u00a0ans, a cr\u00e9\u00e9 deux entreprises prosp\u00e8res en sept\u00a0ans_276&quot;, &quot;customIDSPE&quot;: &quot;bGVmaWdhcm8uZnJfXzFmMDk5NjNhLTAzZmMtNjFmNi05N2VkLWRmYTgxNGUwMTE3MV9fQXJ0aWNsZQ==&quot;, &quot;event&quot;: &quot;customEventSPE&quot;}\" target=\"_blank\" rel=\"noopener\"><br \/>\n                    Connectez-vous<br \/>\n                <\/a>\n            <\/p>\n","protected":false},"excerpt":{"rendered":"Barri\u00e8re de la langue, refus bancaires, manque de r\u00e9seau\u00a0: \u00e0 31\u00a0ans, Emma Iankushenko a surmont\u00e9 chaque obstacle pour&hellip;\n","protected":false},"author":2,"featured_media":442294,"comment_status":"","ping_status":"","sticky":false,"template":"","format":"standard","meta":{"footnotes":""},"categories":[6],"tags":[35,344,33,34,1011,27],"class_list":{"0":"post-442293","1":"post","2":"type-post","3":"status-publish","4":"format-standard","5":"has-post-thumbnail","7":"category-economie","8":"tag-business","9":"tag-creation-dentreprise","10":"tag-economie","11":"tag-economy","12":"tag-fr","13":"tag-france"},"share_on_mastodon":{"url":"https:\/\/pubeurope.com\/@fr\/115325872645936461","error":""},"_links":{"self":[{"href":"https:\/\/www.europesays.com\/fr\/wp-json\/wp\/v2\/posts\/442293","targetHints":{"allow":["GET"]}}],"collection":[{"href":"https:\/\/www.europesays.com\/fr\/wp-json\/wp\/v2\/posts"}],"about":[{"href":"https:\/\/www.europesays.com\/fr\/wp-json\/wp\/v2\/types\/post"}],"author":[{"embeddable":true,"href":"https:\/\/www.europesays.com\/fr\/wp-json\/wp\/v2\/users\/2"}],"replies":[{"embeddable":true,"href":"https:\/\/www.europesays.com\/fr\/wp-json\/wp\/v2\/comments?post=442293"}],"version-history":[{"count":0,"href":"https:\/\/www.europesays.com\/fr\/wp-json\/wp\/v2\/posts\/442293\/revisions"}],"wp:featuredmedia":[{"embeddable":true,"href":"https:\/\/www.europesays.com\/fr\/wp-json\/wp\/v2\/media\/442294"}],"wp:attachment":[{"href":"https:\/\/www.europesays.com\/fr\/wp-json\/wp\/v2\/media?parent=442293"}],"wp:term":[{"taxonomy":"category","embeddable":true,"href":"https:\/\/www.europesays.com\/fr\/wp-json\/wp\/v2\/categories?post=442293"},{"taxonomy":"post_tag","embeddable":true,"href":"https:\/\/www.europesays.com\/fr\/wp-json\/wp\/v2\/tags?post=442293"}],"curies":[{"name":"wp","href":"https:\/\/api.w.org\/{rel}","templated":true}]}}