{"id":442309,"date":"2025-10-06T06:55:11","date_gmt":"2025-10-06T06:55:11","guid":{"rendered":"https:\/\/www.europesays.com\/fr\/442309\/"},"modified":"2025-10-06T06:55:11","modified_gmt":"2025-10-06T06:55:11","slug":"toulon-retrouve-le-podium-apres-la-victoire-face-a-pau","status":"publish","type":"post","link":"https:\/\/www.europesays.com\/fr\/442309\/","title":{"rendered":"Toulon retrouve le podium apr\u00e8s la victoire face \u00e0 Pau"},"content":{"rendered":"\n<p>Conqu\u00e9rants devant leur public, les pensionnaires du RC Toulon ont r\u00e9alis\u00e9 une brillante op\u00e9ration (33-17), samedi apr\u00e8s-midi, face \u00e0 la Section Paloise. Ce succ\u00e8s ma\u00eetris\u00e9, le troisi\u00e8me de la saison sur les quatre premi\u00e8res journ\u00e9es des Rouge et Noir, leur permet de si\u00e9ger sur le podium du Top 14. \u00ab\u00a0On prend cinq points, on est tr\u00e8s content sur le plan comptable\u00a0\u00bb, se r\u00e9jouit Pierre Mignoni, conscient que son \u00e9quipe \u00ab\u00a0aurait pu perdre le bonus\u00a0\u00bb, suite \u00e0 une fin de match poussive des Palois inspir\u00e9s d\u00e8s l\u2019entr\u00e9e en jeu de l\u2019international argentin et ancien membre de la maison varoise, Facundo Isa. \u00ab\u00a0Cela aurait \u00e9t\u00e9 une grosse d\u00e9ception. Maintenant, j\u2019ai envie de rester positif et il faut l\u2019\u00eatre un peu. Nous avons fait des choses tr\u00e8s int\u00e9ressantes, il faut contr\u00f4ler davantage le jeu sur nos annonces et \u00eatre plus clair pour aider nos avants. Par moments, on les met une difficult\u00e9. C\u2019est la premi\u00e8re chose\u00a0\u00bb, pointe-t-il, avant de poursuivre\u00a0: \u00ab\u00a0D\u00e8s qu\u2019on encha\u00eenait et qu\u2019on \u00e9tait pr\u00e9cis, on les mettait en difficult\u00e9 avec de beaux essais. C\u2019est une bonne chose, il faut continuer et progresser. Je vois le potentiel de ce groupe. On a perdu trois rucks de trop ce soir. On va en faire la semaine prochaine, on va se pr\u00e9parer.\u00a0\u00bb<\/p>\n<p> Grand Ribbans\n              <\/p>\n<p>L\u2019un des grands points positifs de cette rencontre reste l\u2019excellente d\u00e9fense appliqu\u00e9e par les h\u00e9ros de Mayol. \u00ab\u00a0Je crois qu\u2019on a \u00e9t\u00e9 dur sur l\u2019homme, on a bien travaill\u00e9 sur des efforts dans les rucks, on \u00e9tait bien connect\u00e9\u00a0\u00bb, remarque le manager toulonnais, toutefois persuad\u00e9 que ses prot\u00e9g\u00e9s ont \u00ab\u00a0par moments manqu\u00e9 de connexion\u00a0\u00bb et qui l\u2019ont \u00ab\u00a0pay\u00e9 cash\u00a0\u00bb. \u00ab\u00a0Je veux que l\u2019on soit encore bien meilleur sur cela. On ne doit pas laisser revenir cette \u00e9quipe au risque de perdre un point. C\u2019est li\u00e9 \u00e0 la d\u00e9fense mais aussi sur des d\u00e9cisions \u00e0 la fin. Il faut \u00eatre bien meilleurs.\u00a0\u00bb Parmi ses cadres, le capitaine David Ribbans s\u2019est montr\u00e9 exemplaire sur le terrain, aussi bien en d\u00e9fense o\u00f9 il a r\u00e9ussi onze des douze plaquages qu\u2019il a tent\u00e9s dans la partie, qu\u2019en attaque o\u00f9 il a \u00e9t\u00e9 l\u2019auteur d\u2019un essai en force et a aid\u00e9 Esteban Abadie \u00e0 filer jusqu\u2019en terre promise. \u00ab\u00a0C\u2019est un des leaders de cette \u00e9quipe, c\u2019est quelqu\u2019un qui a besoin de sentir la connexion avec ses trois-quarts. Il ne peut pas s\u2019\u00e9puiser \u00e0 chercher des solutions. Il doit faire son job comme il le fait tr\u00e8s bien. Je veux des gar\u00e7ons autour qui lui apportent des solutions car il ne va pas faire tout tout seul. Il fait d\u00e9j\u00e0 beaucoup de choses\u00a0\u00bb, reconna\u00eet Mignoni.<\/p>\n","protected":false},"excerpt":{"rendered":"Conqu\u00e9rants devant leur public, les pensionnaires du RC Toulon ont r\u00e9alis\u00e9 une brillante op\u00e9ration (33-17), samedi apr\u00e8s-midi, face&hellip;\n","protected":false},"author":2,"featured_media":442310,"comment_status":"","ping_status":"","sticky":false,"template":"","format":"standard","meta":{"footnotes":""},"categories":[9619],"tags":[1111,11,13151,1777,674,1011,27,12,882,25,2310],"class_list":{"0":"post-442309","1":"post","2":"type-post","3":"status-publish","4":"format-standard","5":"has-post-thumbnail","7":"category-toulon","8":"tag-actu","9":"tag-actualites","10":"tag-camille-kadoum","11":"tag-eu","12":"tag-europe","13":"tag-fr","14":"tag-france","15":"tag-news","16":"tag-provence-alpes-cote-dazur","17":"tag-republique-francaise","18":"tag-toulon"},"share_on_mastodon":{"url":"https:\/\/pubeurope.com\/@fr\/115325915824567546","error":""},"_links":{"self":[{"href":"https:\/\/www.europesays.com\/fr\/wp-json\/wp\/v2\/posts\/442309","targetHints":{"allow":["GET"]}}],"collection":[{"href":"https:\/\/www.europesays.com\/fr\/wp-json\/wp\/v2\/posts"}],"about":[{"href":"https:\/\/www.europesays.com\/fr\/wp-json\/wp\/v2\/types\/post"}],"author":[{"embeddable":true,"href":"https:\/\/www.europesays.com\/fr\/wp-json\/wp\/v2\/users\/2"}],"replies":[{"embeddable":true,"href":"https:\/\/www.europesays.com\/fr\/wp-json\/wp\/v2\/comments?post=442309"}],"version-history":[{"count":0,"href":"https:\/\/www.europesays.com\/fr\/wp-json\/wp\/v2\/posts\/442309\/revisions"}],"wp:featuredmedia":[{"embeddable":true,"href":"https:\/\/www.europesays.com\/fr\/wp-json\/wp\/v2\/media\/442310"}],"wp:attachment":[{"href":"https:\/\/www.europesays.com\/fr\/wp-json\/wp\/v2\/media?parent=442309"}],"wp:term":[{"taxonomy":"category","embeddable":true,"href":"https:\/\/www.europesays.com\/fr\/wp-json\/wp\/v2\/categories?post=442309"},{"taxonomy":"post_tag","embeddable":true,"href":"https:\/\/www.europesays.com\/fr\/wp-json\/wp\/v2\/tags?post=442309"}],"curies":[{"name":"wp","href":"https:\/\/api.w.org\/{rel}","templated":true}]}}