{"id":442315,"date":"2025-10-06T06:58:09","date_gmt":"2025-10-06T06:58:09","guid":{"rendered":"https:\/\/www.europesays.com\/fr\/442315\/"},"modified":"2025-10-06T06:58:09","modified_gmt":"2025-10-06T06:58:09","slug":"info-trafic-les-routes-de-lagglomeration-de-rouen-voient-rouge-ce-matin","status":"publish","type":"post","link":"https:\/\/www.europesays.com\/fr\/442315\/","title":{"rendered":"Info trafic. Les routes de l&rsquo;agglom\u00e9ration de Rouen voient rouge ce matin"},"content":{"rendered":"<p>            Par<br \/>\n        <strong><br \/>\n            <a href=\"https:\/\/actu.fr\/auteur\/vanessa-leroy\" title=\"Consulter tous les articles de Vanessa Leroy\" target=\"_blank\" rel=\"noopener\">Vanessa Leroy<\/a><br \/>\n        <\/strong><\/p>\n<p>        Publi\u00e9 le<\/p>\n<p>            6 oct. 2025 \u00e0 8h26        <\/p>\n<p><strong>Accident<\/strong> sur l\u2019A13 \u00e0 hauteur de Tourville-la-Rivi\u00e8re, <strong>voiture en panne<\/strong> sur le pont Mathilde, camion \u00e0 l\u2019arr\u00eat dans le tunnel de la Grand-Mare, <strong>ralentissements<\/strong> ci et l\u00e0\u2026 les automobilistes voient rouge ce lundi 6 octobre 2025 sur les <strong>routes de l\u2019agglom\u00e9ration<\/strong> de <a href=\"https:\/\/actu.fr\/76actu\/\" target=\"_blank\" rel=\"noopener\">Rouen<\/a>.<\/p>\n<p class=\" wall-content\">Plusieurs axes sont concern\u00e9s donc <strong>la prudence et la patience sont de mise<\/strong> si vous devez vous d\u00e9placer, que ce soit sur l\u2019A13 o\u00f9 cinq kilom\u00e8tres de bouchons sont recens\u00e9s par Bison fut\u00e9, sur la Sud 3, la N28 ou encore le pont Mathilde.<\/p>\n<p>Suivez l\u2019actualit\u00e9 de Rouen <a href=\"https:\/\/www.whatsapp.com\/channel\/0029VaKfnf99hXF2ddApFB1D\" target=\"_blank\" rel=\"noopener\">sur notre cha\u00eene WhatsApp<\/a> et <a href=\"https:\/\/www.tiktok.com\/@76actu.fr?lang=fr\" target=\"_blank\" rel=\"noopener\">sur notre compte TikTok<\/a><\/p>\n<p class=\" wall-content\">Personnalisez votre actualit\u00e9 en ajoutant vos villes et m\u00e9dias en favori avec <a href=\"https:\/\/moncompte.actu.fr\" title=\"D\u00e9couvez Mon Actu\" rel=\"nofollow noopener\" data-trk=\"{&quot;cta&quot;:{&quot;action&quot;:&quot;https:\\\/\\\/moncompte.actu.fr&quot;,&quot;category&quot;:&quot;mon compte&quot;,&quot;from&quot;:&quot;article footer&quot;,&quot;name&quot;:&quot;Mon actu&quot;,&quot;type&quot;:&quot;cta&quot;}}\" target=\"_blank\">Mon Actu<\/a>.<\/p>\n<p>                    <script async src=\"\/\/www.tiktok.com\/embed.js\"><\/script><\/p>\n","protected":false},"excerpt":{"rendered":"Par Vanessa Leroy Publi\u00e9 le 6 oct. 2025 \u00e0 8h26 Accident sur l\u2019A13 \u00e0 hauteur de Tourville-la-Rivi\u00e8re, voiture&hellip;\n","protected":false},"author":2,"featured_media":442316,"comment_status":"","ping_status":"","sticky":false,"template":"","format":"standard","meta":{"footnotes":""},"categories":[9587],"tags":[1111,11,12725,1777,674,1011,27,803,12,5161,25,9590,104,2803],"class_list":{"0":"post-442315","1":"post","2":"type-post","3":"status-publish","4":"format-standard","5":"has-post-thumbnail","7":"category-rouen","8":"tag-actu","9":"tag-actualites","10":"tag-autoroute-13-a13","11":"tag-eu","12":"tag-europe","13":"tag-fr","14":"tag-france","15":"tag-info-trafic","16":"tag-news","17":"tag-normandie","18":"tag-republique-francaise","19":"tag-rouen","20":"tag-societe","21":"tag-transport"},"share_on_mastodon":{"url":"https:\/\/pubeurope.com\/@fr\/115325927860634728","error":""},"_links":{"self":[{"href":"https:\/\/www.europesays.com\/fr\/wp-json\/wp\/v2\/posts\/442315","targetHints":{"allow":["GET"]}}],"collection":[{"href":"https:\/\/www.europesays.com\/fr\/wp-json\/wp\/v2\/posts"}],"about":[{"href":"https:\/\/www.europesays.com\/fr\/wp-json\/wp\/v2\/types\/post"}],"author":[{"embeddable":true,"href":"https:\/\/www.europesays.com\/fr\/wp-json\/wp\/v2\/users\/2"}],"replies":[{"embeddable":true,"href":"https:\/\/www.europesays.com\/fr\/wp-json\/wp\/v2\/comments?post=442315"}],"version-history":[{"count":0,"href":"https:\/\/www.europesays.com\/fr\/wp-json\/wp\/v2\/posts\/442315\/revisions"}],"wp:featuredmedia":[{"embeddable":true,"href":"https:\/\/www.europesays.com\/fr\/wp-json\/wp\/v2\/media\/442316"}],"wp:attachment":[{"href":"https:\/\/www.europesays.com\/fr\/wp-json\/wp\/v2\/media?parent=442315"}],"wp:term":[{"taxonomy":"category","embeddable":true,"href":"https:\/\/www.europesays.com\/fr\/wp-json\/wp\/v2\/categories?post=442315"},{"taxonomy":"post_tag","embeddable":true,"href":"https:\/\/www.europesays.com\/fr\/wp-json\/wp\/v2\/tags?post=442315"}],"curies":[{"name":"wp","href":"https:\/\/api.w.org\/{rel}","templated":true}]}}