{"id":442317,"date":"2025-10-06T06:59:14","date_gmt":"2025-10-06T06:59:14","guid":{"rendered":"https:\/\/www.europesays.com\/fr\/442317\/"},"modified":"2025-10-06T06:59:14","modified_gmt":"2025-10-06T06:59:14","slug":"rouen-sa-voiture-vandalisee-une-mere-ne-peut-plus-conduire-son-fils-atteint-dune-grave-maladie-a-lhopital","status":"publish","type":"post","link":"https:\/\/www.europesays.com\/fr\/442317\/","title":{"rendered":"Rouen. Sa voiture vandalis\u00e9e, une m\u00e8re ne peut plus conduire son fils atteint d&rsquo;une grave maladie \u00e0 l\u2019h\u00f4pital"},"content":{"rendered":"<p>            Par<br \/>\n        <strong><br \/>\n            <a href=\"https:\/\/actu.fr\/auteur\/adrien-filoche\" title=\"Consulter tous les articles de Adrien Filoche\" target=\"_blank\" rel=\"noopener\">Adrien Filoche<\/a><br \/>\n        <\/strong><\/p>\n<p>        Publi\u00e9 le<\/p>\n<p>            6 oct. 2025 \u00e0 7h58        <\/p>\n<p><strong>Elle lance un appel \u00e0 la solidarit\u00e9.<\/strong> Habitante de <a href=\"https:\/\/actu.fr\/normandie\/rouen_76540\" target=\"_blank\" rel=\"noopener\">Rouen (Seine-Maritime)<\/a>, Anne-Lise est la maman de Ounis, un jeune gar\u00e7on de 18 ans atteint d\u2019une maladie rare et g\u00e9n\u00e9rative\u2009: <strong>la dystrophie musculaire d\u2019Ullrich.<br \/><\/strong>En raison de sa pathologie qui provoque une faiblesse progressive des muscles, Ounis est totalement d\u00e9pendant de sa m\u00e8re, reconnue comme parent aidant. Pour les soins de son fils, Anne-Lise est r\u00e9guli\u00e8rement contrainte de faire des allers et retours \u00e0 <a href=\"https:\/\/actu.fr\/tag\/hopital\" target=\"_blank\" rel=\"noopener\">l\u2019h\u00f4pital<\/a>. Mais en septembre\u00a02025, son v\u00e9hicule a \u00e9t\u00e9 vandalis\u00e9. Et tout est devenu encore plus compliqu\u00e9. <strong><a href=\"https:\/\/www.leetchi.com\/fr\/c\/une-cagnotte-pour-redonner-de-lelan-a-notre-quotidien-4014727\" target=\"_blank\" rel=\"noopener\">Une cagnotte<\/a> a \u00e9t\u00e9 lanc\u00e9e pour soutenir la famille.<\/strong><\/p>\n<p>\u00ab\u2009Un coup dur\u2009\u00bb<\/p>\n<p class=\" wall-content\">\u00ab\u2009Nous avions un v\u00e9hicule adapt\u00e9 TPMR (Transport de personnes \u00e0 mobilit\u00e9 r\u00e9duite). C\u2019est indispensable pour l\u2019emmener \u00e0 l\u2019h\u00f4pital, aux soins ou m\u00eame juste pour prendre l\u2019air\u2009\u00bb, raconte Anne-Lise aupr\u00e8s de 76actu.<\/p>\n<p class=\" wall-content\">Courant septembre\u00a02025, des personnes ont p\u00e9n\u00e9tr\u00e9 dans le garage de son immeuble et ont <strong>compl\u00e8tement d\u00e9truit son v\u00e9hicule.<\/strong><\/p>\n<p class=\" wall-content\">Assur\u00e9e au minimum, la maman a \u00e9t\u00e9 <strong>contrainte de faire une croix<\/strong> sur son Renault Kangoo. \u00ab\u2009Le pire, c\u2019est que nous avions d\u00e9j\u00e0 \u00e9t\u00e9 vandalis\u00e9s en 2022, s\u2019agace Anne-Lise. Les personnes qui font \u00e7a, ils ne comprennent pas que \u00e7a touche des personnes, des familles dans leur quotidien. Je trouve cela aberrant.\u2009\u00bb<\/p>\n<p class=\" wall-content\">En plus de <strong>p\u00e9naliser la famille<\/strong> pour les soins de Ounis, ce v\u00e9hicule servait aussi pour les sorties, les courses, pour \u00ab\u2009lui permettre de sortir, prendre l\u2019air, de voir du monde, de vivre. C\u2019est un vrai coup dur pour nous\u2009\u00bb.<\/p>\n<p>Une cagnotte pour la famille<\/p>\n<p class=\" wall-content\">Malgr\u00e9 ce coup du sort, Anne-Lise reste forte. \u00ab\u2009Il y a aussi ma fille de 14\u00a0ans qui nous aide beaucoup. C\u2019est un grand soutien\u2009\u00bb, souligne-t-elle.<\/p>\n<p class=\" wall-content\">Au sujet de son fils, elle ne tarit pas d\u2019\u00e9loges\u2009: \u00ab\u2009C\u2019est un enfant qui ne se plaint jamais. Il garde tout le temps le moral. Il est tr\u00e8s courageux.\u2009\u00bb<\/p>\n<p>Votre r\u00e9gion, votre actu !<\/p>\n<p>Recevez chaque jour les infos qui comptent pour vous.<\/p>\n<p>\t<a href=\"https:\/\/actu.fr\/newsletter\" class=\"ac-btn ac-btn--corner ac-btn--medium ac-btn--blue800\" target=\"_blank\" rel=\"noopener\">S&rsquo;incrire<\/a><\/p>\n<blockquote class=\"ac-article-quote wall-content\">\n<p>C\u2019est un gar\u00e7on extraordinaire et passionn\u00e9. Son r\u00eave \u00e0 lui, ce n\u2019est pas de baisser les bras, c\u2019est de vivre \u00e0 fond, comme ses h\u00e9ros de la Formule 1. Il a m\u00eame eu la chance, gr\u00e2ce \u00e0 l\u2019association Make A Wish, de rencontrer Pierre Gasly.<\/p>\n<p>    <strong>Anne-Lise<\/strong><br \/>\n        maman de Ounis    <\/p><\/blockquote>\n<p class=\" wall-content\">En journ\u00e9e, le jeune adulte est pris en charge par l\u2019IEM (institut d\u2019\u00e9ducation motrice) Colette-Yver \u00e0 Rouen. \u00ab\u2009C\u2019est le personnel qui m\u2019a donn\u00e9 l\u2019id\u00e9e d\u2019une cagnotte\u2009\u00bb, raconte Anne-Lise. L\u2019argent r\u00e9colt\u00e9 servira \u00e0\u00a0acheter un nouveau v\u00e9hicule adapt\u00e9.<\/p>\n<p class=\" wall-content\">\u00ab\u2009M\u00eame un petit don peut faire une grande diff\u00e9rence\u2009\u00bb, appuie-t-elle. Et de conclure\u2009: \u00ab\u2009Il ne s\u2019agit pas seulement d\u2019un moyen de transport. Il s\u2019agit de lui rendre sa libert\u00e9, son lien avec le monde ext\u00e9rieur, sa dignit\u00e9.\u2009\u00bb<\/p>\n<p>Suivez l\u2019actualit\u00e9 de Rouen sur <a href=\"https:\/\/www.whatsapp.com\/channel\/0029VaKfnf99hXF2ddApFB1D\" target=\"_blank\" rel=\"noopener\">notre cha\u00eene WhatsApp<\/a> et sur <a href=\"https:\/\/www.tiktok.com\/@76actu.fr?lang=fr\" target=\"_blank\" rel=\"noopener\">notre compte TikTok<\/a><\/p>\n<p class=\" wall-content\">Personnalisez votre actualit\u00e9 en ajoutant vos villes et m\u00e9dias en favori avec <a href=\"https:\/\/moncompte.actu.fr\" title=\"D\u00e9couvez Mon Actu\" rel=\"nofollow noopener\" data-trk=\"{&quot;cta&quot;:{&quot;action&quot;:&quot;https:\\\/\\\/moncompte.actu.fr&quot;,&quot;category&quot;:&quot;mon compte&quot;,&quot;from&quot;:&quot;article footer&quot;,&quot;name&quot;:&quot;Mon actu&quot;,&quot;type&quot;:&quot;cta&quot;}}\" target=\"_blank\">Mon Actu<\/a>.<\/p>\n<p>                    <script async src=\"\/\/www.tiktok.com\/embed.js\"><\/script><\/p>\n","protected":false},"excerpt":{"rendered":"Par Adrien Filoche Publi\u00e9 le 6 oct. 2025 \u00e0 7h58 Elle lance un appel \u00e0 la solidarit\u00e9. Habitante&hellip;\n","protected":false},"author":2,"featured_media":442318,"comment_status":"","ping_status":"","sticky":false,"template":"","format":"standard","meta":{"footnotes":""},"categories":[9587],"tags":[1111,11,1777,674,1011,27,100,12,5161,25,9590,104,3400,240],"class_list":{"0":"post-442317","1":"post","2":"type-post","3":"status-publish","4":"format-standard","5":"has-post-thumbnail","7":"category-rouen","8":"tag-actu","9":"tag-actualites","10":"tag-eu","11":"tag-europe","12":"tag-fr","13":"tag-france","14":"tag-hopital","15":"tag-news","16":"tag-normandie","17":"tag-republique-francaise","18":"tag-rouen","19":"tag-societe","20":"tag-solidarite","21":"tag-temoignage"},"share_on_mastodon":{"url":"https:\/\/pubeurope.com\/@fr\/115325931706707793","error":""},"_links":{"self":[{"href":"https:\/\/www.europesays.com\/fr\/wp-json\/wp\/v2\/posts\/442317","targetHints":{"allow":["GET"]}}],"collection":[{"href":"https:\/\/www.europesays.com\/fr\/wp-json\/wp\/v2\/posts"}],"about":[{"href":"https:\/\/www.europesays.com\/fr\/wp-json\/wp\/v2\/types\/post"}],"author":[{"embeddable":true,"href":"https:\/\/www.europesays.com\/fr\/wp-json\/wp\/v2\/users\/2"}],"replies":[{"embeddable":true,"href":"https:\/\/www.europesays.com\/fr\/wp-json\/wp\/v2\/comments?post=442317"}],"version-history":[{"count":0,"href":"https:\/\/www.europesays.com\/fr\/wp-json\/wp\/v2\/posts\/442317\/revisions"}],"wp:featuredmedia":[{"embeddable":true,"href":"https:\/\/www.europesays.com\/fr\/wp-json\/wp\/v2\/media\/442318"}],"wp:attachment":[{"href":"https:\/\/www.europesays.com\/fr\/wp-json\/wp\/v2\/media?parent=442317"}],"wp:term":[{"taxonomy":"category","embeddable":true,"href":"https:\/\/www.europesays.com\/fr\/wp-json\/wp\/v2\/categories?post=442317"},{"taxonomy":"post_tag","embeddable":true,"href":"https:\/\/www.europesays.com\/fr\/wp-json\/wp\/v2\/tags?post=442317"}],"curies":[{"name":"wp","href":"https:\/\/api.w.org\/{rel}","templated":true}]}}