{"id":442324,"date":"2025-10-06T07:03:14","date_gmt":"2025-10-06T07:03:14","guid":{"rendered":"https:\/\/www.europesays.com\/fr\/442324\/"},"modified":"2025-10-06T07:03:14","modified_gmt":"2025-10-06T07:03:14","slug":"alan-stivell-inaugure-la-salle-de-musique-de-cette-commune","status":"publish","type":"post","link":"https:\/\/www.europesays.com\/fr\/442324\/","title":{"rendered":"Alan Stivell inaugure la salle de musique de cette commune"},"content":{"rendered":"<p>            Par<br \/>\n        <strong><br \/>\n            <a href=\"https:\/\/actu.fr\/auteur\/redaction-jv\" title=\"Consulter tous les articles de R\u00e9daction Vitr\u00e9\" target=\"_blank\" rel=\"noopener\">R\u00e9daction Vitr\u00e9<\/a><br \/>\n        <\/strong><\/p>\n<p>        Publi\u00e9 le<\/p>\n<p>            6 oct. 2025 \u00e0 6h30        <\/p>\n<p>Vendredi 26\u00a0septembre 2025, s\u2019est d\u00e9roul\u00e9e <b>l\u2019inauguration de la salle de musique Alan-Stivell,<\/b> situ\u00e9e dans l\u2019espace communal de La Gendrini\u00e8re, rue Jean-Marie Pavy, \u00e0 <b>La Bou\u00ebxi\u00e8re<\/b> (Ille-et-Vilaine).<\/p>\n<p class=\" wall-content\">Un \u00e9v\u00e8nement important pour les quelques dizaines de personnes pr\u00e9sentes\u2009: \u00e9lus, repr\u00e9sentants de l\u2019\u00e9cole de musique intercommunale l\u2019Orph\u00e9on, amateurs de musique, musiciens et\/ou amis bouexi\u00e8rais car <b>Alan Stivell \u00e9tait pr\u00e9sent et il a longuement \u00e9chang\u00e9 avec le public, en breton parfois.<\/b><\/p>\n<p>\u00ab\u2009Comme une \u00e9vidence\u2009\u00bb<\/p>\n<p class=\" wall-content\">Avant l\u2019inauguration, Alan Stivell a \u00e9t\u00e9 convi\u00e9 \u00e0 d\u00e9couvrir dans le pr\u00e9au de Maisonneuve l\u2019exposition du Grenier de la m\u00e9moire, dot\u00e9e d\u2019un riche stand consacr\u00e9 \u00e0 <b>la musique locale.<\/b><\/p>\n<p class=\" wall-content\">Isabelle Cerneaux, conseill\u00e8re d\u00e9l\u00e9gu\u00e9e \u00e0 la culture, a pris la parole\u2009: \u00ab\u2009Donner votre nom \u00e0 cette salle, mise en service en 2021, est apparu comme<b> une \u00e9vidence<\/b>. Vous avez commenc\u00e9 la musique tr\u00e8s jeune. C\u2019est votre p\u00e8re qui a cr\u00e9\u00e9 votre harpe et gr\u00e2ce \u00e0 votre travail et beaucoup de passion, vous avez fait une carri\u00e8re brillante.\u2009\u00bb<\/p>\n<p>Un concert \u00e0 l\u2019Olympia<\/p>\n<p class=\" wall-content\">En 1953, \u00e0 l\u2019\u00e2ge de 9\u00a0ans, Alan Stivell a commenc\u00e9 \u00e0 jouer <b>de la harpe celtique,<\/b> instrument que son p\u00e8re r\u00eavait de concevoir dans ce si\u00e8cle marqu\u00e9 par deux guerres.<\/p>\n<p class=\" wall-content\">\u00ab\u2009\u00c0 la fin des ann\u00e9es 50, la harpe, qui est probablement le plus vieil instrument \u00e0 corde, \u00e9tait r\u00e9install\u00e9e avec des professeurs, des luthiers, son avenir \u00e9tait ainsi assur\u00e9\u2009\u00bb.<\/p>\n<p>Vid\u00e9os : en ce moment sur Actu<\/p>\n<p class=\" wall-content\">La musique bretonne avec les prestations des bagads \u00e9tait bien visible dans les d\u00e9cennies suivantes, mais il a \u00e9t\u00e9 tr\u00e8s important pour Alan Stivell d\u2019assurer son existence, voyant progresser les chansons populaires et les musiques dites commerciales.<\/p>\n<blockquote class=\"ac-article-quote wall-content\">\n<p>\u00ab\u2009Cette musique bretonne bien vivante doit continuer \u00e0 exister de g\u00e9n\u00e9ration en g\u00e9n\u00e9ration. On a besoin de s\u2019enraciner pour ne pas perdre cette diversit\u00e9-l\u00e0.\u2009\u00bb<\/p>\n<p>Alan Stivell<\/p><\/blockquote>\n<p>Votre r\u00e9gion, votre actu !<\/p>\n<p>Recevez chaque jour les infos qui comptent pour vous.<\/p>\n<p>\t<a href=\"https:\/\/actu.fr\/newsletter\" class=\"ac-btn ac-btn--corner ac-btn--medium ac-btn--blue800\" target=\"_blank\" rel=\"noopener\">S&rsquo;incrire<\/a><br \/>\n60\u00a0ans de carri\u00e8re pour Alan Stivell<\/p>\n<p class=\" wall-content\">Auteur, compositeur, musicien, interpr\u00e8te, <b>Alan Stivell f\u00eatera ses 60\u00a0ans de carri\u00e8re l\u2019an prochain.<\/b><\/p>\n<p class=\" wall-content\">Depuis le printemps 2025, il est au c\u0153ur de deux tourn\u00e9es. Le dernier concert est pr\u00e9vu<b> \u00e0 l\u2019Olympia le 31\u00a0mai 2026.<\/b><\/p>\n<p class=\" wall-content\">Parmi ses nombreuses collaborations, tout r\u00e9cemment, Alan Stivell a particip\u00e9 \u00e0 <b>l\u2019album hommage \u00e0 Philippe Pascal<\/b>, artiste majeur de la sc\u00e8ne rennaise et du rock fran\u00e7ais disparu en 2019.<\/p>\n<p class=\" wall-content\">Initi\u00e9 par Pascale Le Berre, cet album De quelle couleur est la passion\u2009? sortira le 17\u00a0octobre.<\/p>\n<p class=\" wall-content\">Le premier single, Recueillement, est interpr\u00e9t\u00e9 par Alan Stivell. Il s\u2019en \u00e9tait d\u00e9j\u00e0 charg\u00e9 lors d\u2019un concert \u00e0 la salle de la Cit\u00e9.<\/p>\n<p class=\" wall-content\">\u00ab\u2009Pascale Le Berre, avec qui j\u2019ai travaill\u00e9, a pens\u00e9 que j\u2019\u00e9tais la personne qui correspondait \u00e0 ce morceau. C\u2019est quelque chose de tellement particulier. En chantant, je pense \u00e9videmment \u00e0 lui et cela ressort dans l\u2019interpr\u00e9tation\u2026\u2009\u00bb<\/p>\n<p class=\" wall-content\">Personnalisez votre actualit\u00e9 en ajoutant vos villes et m\u00e9dias en favori avec <a href=\"https:\/\/moncompte.actu.fr\" title=\"D\u00e9couvez Mon Actu\" rel=\"nofollow noopener\" data-trk=\"{&quot;cta&quot;:{&quot;action&quot;:&quot;https:\\\/\\\/moncompte.actu.fr&quot;,&quot;category&quot;:&quot;mon compte&quot;,&quot;from&quot;:&quot;article footer&quot;,&quot;name&quot;:&quot;Mon actu&quot;,&quot;type&quot;:&quot;cta&quot;}}\" target=\"_blank\">Mon Actu<\/a>.<\/p>\n","protected":false},"excerpt":{"rendered":"Par R\u00e9daction Vitr\u00e9 Publi\u00e9 le 6 oct. 2025 \u00e0 6h30 Vendredi 26\u00a0septembre 2025, s\u2019est d\u00e9roul\u00e9e l\u2019inauguration de la&hellip;\n","protected":false},"author":2,"featured_media":442325,"comment_status":"","ping_status":"","sticky":false,"template":"","format":"standard","meta":{"footnotes":""},"categories":[2821],"tags":[1111,11,5935,829,1777,674,1011,27,873,8510,12,584,25,104],"class_list":{"0":"post-442324","1":"post","2":"type-post","3":"status-publish","4":"format-standard","5":"has-post-thumbnail","7":"category-rennes","8":"tag-actu","9":"tag-actualites","10":"tag-alan-stivell","11":"tag-bretagne","12":"tag-eu","13":"tag-europe","14":"tag-fr","15":"tag-france","16":"tag-musique","17":"tag-musique-bretonne","18":"tag-news","19":"tag-rennes","20":"tag-republique-francaise","21":"tag-societe"},"share_on_mastodon":{"url":"https:\/\/pubeurope.com\/@fr\/115325947339224501","error":""},"_links":{"self":[{"href":"https:\/\/www.europesays.com\/fr\/wp-json\/wp\/v2\/posts\/442324","targetHints":{"allow":["GET"]}}],"collection":[{"href":"https:\/\/www.europesays.com\/fr\/wp-json\/wp\/v2\/posts"}],"about":[{"href":"https:\/\/www.europesays.com\/fr\/wp-json\/wp\/v2\/types\/post"}],"author":[{"embeddable":true,"href":"https:\/\/www.europesays.com\/fr\/wp-json\/wp\/v2\/users\/2"}],"replies":[{"embeddable":true,"href":"https:\/\/www.europesays.com\/fr\/wp-json\/wp\/v2\/comments?post=442324"}],"version-history":[{"count":0,"href":"https:\/\/www.europesays.com\/fr\/wp-json\/wp\/v2\/posts\/442324\/revisions"}],"wp:featuredmedia":[{"embeddable":true,"href":"https:\/\/www.europesays.com\/fr\/wp-json\/wp\/v2\/media\/442325"}],"wp:attachment":[{"href":"https:\/\/www.europesays.com\/fr\/wp-json\/wp\/v2\/media?parent=442324"}],"wp:term":[{"taxonomy":"category","embeddable":true,"href":"https:\/\/www.europesays.com\/fr\/wp-json\/wp\/v2\/categories?post=442324"},{"taxonomy":"post_tag","embeddable":true,"href":"https:\/\/www.europesays.com\/fr\/wp-json\/wp\/v2\/tags?post=442324"}],"curies":[{"name":"wp","href":"https:\/\/api.w.org\/{rel}","templated":true}]}}