{"id":442336,"date":"2025-10-06T07:09:14","date_gmt":"2025-10-06T07:09:14","guid":{"rendered":"https:\/\/www.europesays.com\/fr\/442336\/"},"modified":"2025-10-06T07:09:14","modified_gmt":"2025-10-06T07:09:14","slug":"emblemes-de-la-ville-les-grues-jaunes-et-grise-vont-etre-en-travaux","status":"publish","type":"post","link":"https:\/\/www.europesays.com\/fr\/442336\/","title":{"rendered":"embl\u00e8mes de la ville, les grues jaunes et grise vont \u00eatre en travaux"},"content":{"rendered":"<p>            Par<br \/>\n        <strong><br \/>\n            <a href=\"https:\/\/actu.fr\/auteur\/thomas-bernard\" title=\"Consulter tous les articles de Thomas Bernard\" rel=\"nofollow noopener\" target=\"_blank\">Thomas Bernard<\/a><br \/>\n        <\/strong><\/p>\n<p>        Publi\u00e9 le<\/p>\n<p>            6 oct. 2025 \u00e0 8h26        <\/p>\n<p>Symboles du pass\u00e9 industriel de Nantes, <strong>les grues jaune et grise<\/strong> sont devenues des embl\u00e8mes de la cit\u00e9 des ducs de Bretagne. Pour pr\u00e9server ce patrimoine, les mythiques grues, toutes les deux class\u00e9es monument historique (depuis 2005 pour la grue grise et depuis 2024 pour la grue jaune), vont faire <strong>l\u2019objet de travaux d\u2019entretien cet automne<\/strong>. Des interventions de\u00a0stabilisation, de s\u00e9curisation et de renforcement sont pr\u00e9vues en octobre et novembre.<\/p>\n<p>Des travaux pour stopper les d\u00e9gradations<\/p>\n<p class=\" wall-content\">En octobre\u00a02023, <a href=\"https:\/\/actu.fr\/pays-de-la-loire\/nantes_44109\/nantes-la-grue-jaune-va-etre-diagnostiquee-apres-la-chute-de-morceaux_60348277.html\" rel=\"nofollow noopener\" target=\"_blank\">la chute d\u2019un morceau de m\u00e9tal provenant de la grue jaune avait l\u00e9g\u00e8rement bless\u00e9 un passant<\/a>. Suite \u00e0 cet incident, un diagnostic avait \u00e9t\u00e9 r\u00e9alis\u00e9 par le bureau d\u2019\u00e9tudes Atlantic Ing\u00e9nierie pour d\u00e9terminer la nature des op\u00e9rations de restauration \u00e0 mener. La grue grise avait \u00e9galement \u00e9t\u00e9 diagnostiqu\u00e9e.<\/p>\n<blockquote class=\"tiktok-embed\" cite=\"https:\/\/www.tiktok.com\/@actufrnantes\/video\/7519876552906018050\" data-video-id=\"7519876552906018050\" data-embed-from=\"oembed\" style=\"max-width:605px; min-width:325px;\"><p>\n<a target=\"_blank\" title=\"@actufrnantes\" href=\"https:\/\/www.tiktok.com\/@actufrnantes?refer=embed\" rel=\"nofollow noopener\">@actufrnantes<\/a> <\/p>\n<p>On retrouve aujourd\u2019hui Tristan dans ce nouvel \u00e9pisode de la rubrique du stagiaire pour nous parler de la grue jaune de l\u2019\u00cele de Nantes. <a title=\"fyp\" target=\"_blank\" href=\"https:\/\/www.tiktok.com\/tag\/fyp?refer=embed\" rel=\"nofollow noopener\">#fyp<\/a> <a title=\"patrimoine\" target=\"_blank\" href=\"https:\/\/www.tiktok.com\/tag\/patrimoine?refer=embed\" rel=\"nofollow noopener\">#patrimoine<\/a> <a title=\"histoire\" target=\"_blank\" href=\"https:\/\/www.tiktok.com\/tag\/histoire?refer=embed\" rel=\"nofollow noopener\">#histoire<\/a> <a title=\"nantes\" target=\"_blank\" href=\"https:\/\/www.tiktok.com\/tag\/nantes?refer=embed\" rel=\"nofollow noopener\">#Nantes<\/a> <a title=\"nantes44\" target=\"_blank\" href=\"https:\/\/www.tiktok.com\/tag\/nantes44?refer=embed\" rel=\"nofollow noopener\">#nantes44<\/a> <a title=\"news\" target=\"_blank\" href=\"https:\/\/www.tiktok.com\/tag\/news?refer=embed\" rel=\"nofollow noopener\">#news<\/a> <a title=\"actualit\u00e9\" target=\"_blank\" href=\"https:\/\/www.tiktok.com\/tag\/actualit%C3%A9?refer=embed\" rel=\"nofollow noopener\">#actualit\u00e9<\/a> <a title=\"chantier\" target=\"_blank\" href=\"https:\/\/www.tiktok.com\/tag\/chantier?refer=embed\" rel=\"nofollow noopener\">#chantier<\/a> <a title=\"culture\" target=\"_blank\" href=\"https:\/\/www.tiktok.com\/tag\/culture?refer=embed\" rel=\"nofollow noopener\">#culture<\/a> <\/p>\n<p> <a target=\"_blank\" title=\"\u266c Refreshing and light indie pop(1552207) - Cheng Lee\" href=\"https:\/\/www.tiktok.com\/music\/Refreshing-and-light-indie-pop-1552207-7369293314431387649?refer=embed\" rel=\"nofollow noopener\">\u266c Refreshing and light indie pop(1552207) \u2013 Cheng Lee<\/a> <\/p>\n<\/blockquote>\n<p class=\" wall-content\">\u00ab\u2009Ces diagnostics r\u00e9v\u00e8lent des fragilit\u00e9s sur plusieurs parties des grues, en particulier les fl\u00e8ches et les chemins d\u2019acc\u00e8s\u2009\u00bb, indique la Ville de Nantes par communiqu\u00e9.<\/p>\n<p>    <img   decoding=\"async\" loading=\"lazy\" src=\"https:\/\/www.europesays.com\/fr\/wp-content\/uploads\/2025\/10\/grue-grise-nantes-960x640.jpeg\" alt=\"Depuis 2005, la grue grise est class\u00e9e au titre des monuments historiques.\" width=\"960\" height=\"640\"\/><br \/>\n    Depuis 2005, la grue grise est class\u00e9e au titre des monuments historiques. (\u00a9Archives Thomas Bernard \/ actu Nantes)<\/p>\n<p class=\" wall-content\">Les premi\u00e8res interventions d\u00e9buteront sur la grue grise, puis se poursuivront sur la grue jaune. L\u2019op\u00e9ration sera r\u00e9alis\u00e9e par des cordistes de l\u2019entreprise Altitude 44. <strong>Un p\u00e9rim\u00e8tre de s\u00e9curit\u00e9<\/strong> autour des ouvrages sera mis en place.<\/p>\n<p class=\" wall-content\">\u00ab\u2009Ces travaux, <strong>dont le co\u00fbt s\u2019\u00e9l\u00e8ve \u00e0 plus de 110\u2009000\u00a0euros<\/strong>, sont accompagn\u00e9s financi\u00e8rement par la DRAC des Pays de la Loire et Nantes M\u00e9tropole via son programme d\u2019aides aux patrimoines de Loire\u2009\u00bb, pr\u00e9cise la Ville de Nantes.<\/p>\n<p class=\" wall-content\">Personnalisez votre actualit\u00e9 en ajoutant vos villes et m\u00e9dias en favori avec <a href=\"https:\/\/moncompte.actu.fr\" title=\"D\u00e9couvez Mon Actu\" rel=\"nofollow noopener\" data-trk=\"{&quot;cta&quot;:{&quot;action&quot;:&quot;https:\\\/\\\/moncompte.actu.fr&quot;,&quot;category&quot;:&quot;mon compte&quot;,&quot;from&quot;:&quot;article footer&quot;,&quot;name&quot;:&quot;Mon actu&quot;,&quot;type&quot;:&quot;cta&quot;}}\" target=\"_blank\">Mon Actu<\/a>.<\/p>\n<p>                    <script async src=\"\/\/www.tiktok.com\/embed.js\"><\/script><\/p>\n","protected":false},"excerpt":{"rendered":"Par Thomas Bernard Publi\u00e9 le 6 oct. 2025 \u00e0 8h26 Symboles du pass\u00e9 industriel de Nantes, les grues&hellip;\n","protected":false},"author":2,"featured_media":442337,"comment_status":"","ping_status":"","sticky":false,"template":"","format":"standard","meta":{"footnotes":""},"categories":[2818],"tags":[1111,11,1777,674,1011,27,766,12,2551,2636,25,104,2086],"class_list":{"0":"post-442336","1":"post","2":"type-post","3":"status-publish","4":"format-standard","5":"has-post-thumbnail","7":"category-nantes","8":"tag-actu","9":"tag-actualites","10":"tag-eu","11":"tag-europe","12":"tag-fr","13":"tag-france","14":"tag-nantes","15":"tag-news","16":"tag-patrimoine","17":"tag-pays-de-la-loire","18":"tag-republique-francaise","19":"tag-societe","20":"tag-travaux"},"share_on_mastodon":{"url":"https:\/\/pubeurope.com\/@fr\/115325971378337746","error":""},"_links":{"self":[{"href":"https:\/\/www.europesays.com\/fr\/wp-json\/wp\/v2\/posts\/442336","targetHints":{"allow":["GET"]}}],"collection":[{"href":"https:\/\/www.europesays.com\/fr\/wp-json\/wp\/v2\/posts"}],"about":[{"href":"https:\/\/www.europesays.com\/fr\/wp-json\/wp\/v2\/types\/post"}],"author":[{"embeddable":true,"href":"https:\/\/www.europesays.com\/fr\/wp-json\/wp\/v2\/users\/2"}],"replies":[{"embeddable":true,"href":"https:\/\/www.europesays.com\/fr\/wp-json\/wp\/v2\/comments?post=442336"}],"version-history":[{"count":0,"href":"https:\/\/www.europesays.com\/fr\/wp-json\/wp\/v2\/posts\/442336\/revisions"}],"wp:featuredmedia":[{"embeddable":true,"href":"https:\/\/www.europesays.com\/fr\/wp-json\/wp\/v2\/media\/442337"}],"wp:attachment":[{"href":"https:\/\/www.europesays.com\/fr\/wp-json\/wp\/v2\/media?parent=442336"}],"wp:term":[{"taxonomy":"category","embeddable":true,"href":"https:\/\/www.europesays.com\/fr\/wp-json\/wp\/v2\/categories?post=442336"},{"taxonomy":"post_tag","embeddable":true,"href":"https:\/\/www.europesays.com\/fr\/wp-json\/wp\/v2\/tags?post=442336"}],"curies":[{"name":"wp","href":"https:\/\/api.w.org\/{rel}","templated":true}]}}