{"id":442340,"date":"2025-10-06T07:11:12","date_gmt":"2025-10-06T07:11:12","guid":{"rendered":"https:\/\/www.europesays.com\/fr\/442340\/"},"modified":"2025-10-06T07:11:12","modified_gmt":"2025-10-06T07:11:12","slug":"ex-girondins-jeremy-grain-brille-avec-chauray-avant-de-retrouver-bordeaux","status":"publish","type":"post","link":"https:\/\/www.europesays.com\/fr\/442340\/","title":{"rendered":"Ex-Girondins : J\u00e9r\u00e9my Grain brille avec Chauray avant de retrouver Bordeaux"},"content":{"rendered":"<p><img decoding=\"async\" src=\"https:\/\/www.europesays.com\/fr\/wp-content\/uploads\/2025\/10\/671_65da2e2f40710a7dbef0a6448bbc3382.jpg\" alt=\"Ex-Girondins : J\u00e9r\u00e9my Grain brille avec Chauray avant de retrouver Bordeaux\" class=\"img-responsive mt-3\"\/><\/p>\n<p class=\"text-center mb-3\" style=\"font-size: 14px\">\u00a9 Iconsport<\/p>\n<p>      <strong>L\u2019ancien Bordelais J\u00e9r\u00e9my Grain en grande forme avant d\u2019affronter les Girondins<\/strong><\/p>\n<p style=\"text-align: justify;\">\u00a0<\/p>\n<p style=\"text-align: justify;\">Ce vendredi soir, le FC Chauray a battu Les Herbiers sur son terrain, 2 buts \u00e0 1. L&rsquo;ancien bordelais aujourd&rsquo;hui chez le promu, J\u00e9r\u00e9my Grain a marqu\u00e9 le premier but de son \u00e9quipe.<\/p>\n<p style=\"text-align: justify;\">Avec cette r\u00e9alisation, Grain marque son deuxi\u00e8me but de la saison, et a aussi une passe d\u00e9cisive \u00e0 son actif.<\/p>\n<p style=\"text-align: justify;\">Bordeaux se d\u00e9place \u00e0 Chauray le 1e novembre prochain pour la 9e journ\u00e9e de National 2 de la poule A.<\/p>\n<p class=\"px-0\">\u00c0 lire &gt;&gt;\u00a0<strong><a href=\"https:\/\/www.webgirondins.com\/actualite-girondins-girondins-la-reaction-de-bruno-irles-apres-le-succes-a-poitiers-0-3-130687\" target=\"_blank\" rel=\"noopener\">Girondins : la r\u00e9action de Bruno Irl\u00e8s apr\u00e8s le succ\u00e8s \u00e0 Poitiers (0\u20133)<\/a><\/strong><\/p>\n<p>Notre podcast court sur l&rsquo;actu des Girondins \u00e0 \u00e9couter :<\/p>\n<p>\u00a0<\/p>\n","protected":false},"excerpt":{"rendered":"\u00a9 Iconsport L\u2019ancien Bordelais J\u00e9r\u00e9my Grain en grande forme avant d\u2019affronter les Girondins \u00a0 Ce vendredi soir, le&hellip;\n","protected":false},"author":2,"featured_media":442341,"comment_status":"","ping_status":"","sticky":false,"template":"","format":"standard","meta":{"footnotes":""},"categories":[2817],"tags":[1111,11,4255,13771,3917,3396,1997,19042,22484,2563,1777,674,2823,1011,27,1987,31594,14979,47702,31593,9957,7826,3238,12,2219,2406,25,7473,3242,1264],"class_list":{"0":"post-442340","1":"post","2":"type-post","3":"status-publish","4":"format-standard","5":"has-post-thumbnail","7":"category-bordeaux","8":"tag-actu","9":"tag-actualites","10":"tag-ancien","11":"tag-attaquant","12":"tag-avant","13":"tag-avec","14":"tag-bordeaux","15":"tag-brille","16":"tag-chauray","17":"tag-deuxieme","18":"tag-eu","19":"tag-europe","20":"tag-face","21":"tag-fr","22":"tag-france","23":"tag-girondins","24":"tag-grain","25":"tag-herbiers","26":"tag-inscrit","27":"tag-jeremy","28":"tag-lancee","29":"tag-lors","30":"tag-national","31":"tag-news","32":"tag-nouvelle-aquitaine","33":"tag-poursuit","34":"tag-republique-francaise","35":"tag-retrouver","36":"tag-saison","37":"tag-victoire"},"share_on_mastodon":{"url":"https:\/\/pubeurope.com\/@fr\/115325979253718486","error":""},"_links":{"self":[{"href":"https:\/\/www.europesays.com\/fr\/wp-json\/wp\/v2\/posts\/442340","targetHints":{"allow":["GET"]}}],"collection":[{"href":"https:\/\/www.europesays.com\/fr\/wp-json\/wp\/v2\/posts"}],"about":[{"href":"https:\/\/www.europesays.com\/fr\/wp-json\/wp\/v2\/types\/post"}],"author":[{"embeddable":true,"href":"https:\/\/www.europesays.com\/fr\/wp-json\/wp\/v2\/users\/2"}],"replies":[{"embeddable":true,"href":"https:\/\/www.europesays.com\/fr\/wp-json\/wp\/v2\/comments?post=442340"}],"version-history":[{"count":0,"href":"https:\/\/www.europesays.com\/fr\/wp-json\/wp\/v2\/posts\/442340\/revisions"}],"wp:featuredmedia":[{"embeddable":true,"href":"https:\/\/www.europesays.com\/fr\/wp-json\/wp\/v2\/media\/442341"}],"wp:attachment":[{"href":"https:\/\/www.europesays.com\/fr\/wp-json\/wp\/v2\/media?parent=442340"}],"wp:term":[{"taxonomy":"category","embeddable":true,"href":"https:\/\/www.europesays.com\/fr\/wp-json\/wp\/v2\/categories?post=442340"},{"taxonomy":"post_tag","embeddable":true,"href":"https:\/\/www.europesays.com\/fr\/wp-json\/wp\/v2\/tags?post=442340"}],"curies":[{"name":"wp","href":"https:\/\/api.w.org\/{rel}","templated":true}]}}