{"id":442342,"date":"2025-10-06T07:12:12","date_gmt":"2025-10-06T07:12:12","guid":{"rendered":"https:\/\/www.europesays.com\/fr\/442342\/"},"modified":"2025-10-06T07:12:12","modified_gmt":"2025-10-06T07:12:12","slug":"plusieurs-accidents-sur-le-peripherique-de-toulouse-difficulte-sur-une-autoroute-des-bouchons-en-cours","status":"publish","type":"post","link":"https:\/\/www.europesays.com\/fr\/442342\/","title":{"rendered":"Plusieurs accidents sur le p\u00e9riph\u00e9rique de Toulouse, difficult\u00e9 sur une autoroute : des bouchons en cours"},"content":{"rendered":"<p>            Par<br \/>\n        <strong><br \/>\n            <a href=\"https:\/\/actu.fr\/auteur\/david-saint-sernin\" title=\"Consulter tous les articles de David Saint-Sernin\" rel=\"nofollow noopener\" target=\"_blank\">David Saint-Sernin<\/a><br \/>\n        <\/strong><\/p>\n<p>        Publi\u00e9 le<\/p>\n<p>            6 oct. 2025 \u00e0 7h53        <\/p>\n<p>Lundi 6\u00a0octobre 2025, les difficult\u00e9s ont d\u00e9but\u00e9 de bon matin sur les autoroutes de l\u2019agglom\u00e9ration toulousaine, particuli\u00e8rement au nord de Toulouse o\u00f9 <a href=\"https:\/\/actu.fr\/occitanie\/toulouse_31555\/toulouse-les-pompiers-prennent-en-charge-une-femme-enceinte-mais-leur-vehicule-est-percute-par-un-motard_63258153.html\" rel=\"nofollow noopener\" target=\"_blank\">un accident<\/a> s\u2019est produit <a href=\"https:\/\/actu.fr\/tag\/autoroute-62-a62\" rel=\"nofollow noopener\" target=\"_blank\">sur l\u2019autoroute A 62.<\/a><\/p>\n<p>Un accident sur l\u2019autoroute A 62<\/p>\n<p class=\" wall-content\">Cet accident s\u2019est produit au niveau de la sortie Eurocentre, en direction de Toulouse. \u00ab\u2009Il implique un v\u00e9hicule qui se trouve sur la voie la plus \u00e0 gauche et un poids lourd, immobilis\u00e9 \u00e0 cheval entre la voie de droite et la bande d\u2019arr\u00eat d\u2019urgence\u2009\u00bb, indique Vinci Autoroutes.<\/p>\n<p class=\" wall-content\">\u00ab\u2009La voie de gauche est neutralis\u00e9e\u2009\u00bb, ajoute radio 107.7.<\/p>\n<p>Accidents sur le p\u00e9riph\u00e9rique<\/p>\n<p class=\" wall-content\"><strong>Plusieurs accidents<\/strong> ont \u00e9galement eu lieu <strong>sur le p\u00e9riph\u00e9rique<\/strong> note Bison Fut\u00e9.<\/p>\n<p class=\" wall-content\">L\u2019un des deux impliquerait un deux-roues, p\u00e9riph\u00e9rique int\u00e9rieur au niveau de Langlade. Il provoque en amont un bouchon de plusieurs kilom\u00e8tres entre le Palays et Langlade.<\/p>\n<p class=\" wall-content\">L\u2019autre impliquerait trois v\u00e9hicules sur le p\u00e9riph\u00e9rique ext\u00e9rieur, \u00e0 l\u2019ouest de Toulouse.<\/p>\n<p>Vid\u00e9os : en ce moment sur ActuDes bouchons sur l\u2019A 64 et l\u2019A68<\/p>\n<p class=\" wall-content\">Outre cet accident, les difficult\u00e9s sont un peu partout sur le p\u00e9riph\u00e9rique et sur les autoroutes qui d\u00e9bouchent \u00e0 Toulouse.<\/p>\n<p class=\" wall-content\">Les bouchons se forment sur l\u2019autoroute A 64 dans le sens Muret-Toulouse, ainsi que sur l\u2019autoroute A 68 dans le sens Albi-Toulouse.<\/p>\n<p>Votre r\u00e9gion, votre actu !<\/p>\n<p>Recevez chaque jour les infos qui comptent pour vous.<\/p>\n<p>\t<a href=\"https:\/\/actu.fr\/newsletter\" class=\"ac-btn ac-btn--corner ac-btn--medium ac-btn--blue800\" rel=\"nofollow noopener\" target=\"_blank\">S&rsquo;incrire<\/a><\/p>\n<p class=\" wall-content\">Il faut 30\u00a0minutes pour arriver depuis Roques-sur-Garonne. Il faut une trentaine de minutes pour faire le trajet entre les p\u00e9ages de Toulouse Nord et Toulouse Sud, au lieu de 10\u00a0minutes habituellement.<\/p>\n<p>    <img   decoding=\"async\" loading=\"lazy\" src=\"https:\/\/www.europesays.com\/fr\/wp-content\/uploads\/2025\/10\/capture-decran-2025-10-06-080545-960x640.png\" alt=\"Les conditions de circulation sont compliqu\u00e9es lundi 6 octobre 2025 \u00e0 Toulouse. \" width=\"960\" height=\"640\"\/><br \/>\n    Les conditions de circulation sont compliqu\u00e9es lundi 6 octobre 2025 \u00e0 Toulouse. (\u00a9Capture d\u2019\u00e9cran Toulouse Trafic)<\/p>\n<p class=\" wall-content\">Personnalisez votre actualit\u00e9 en ajoutant vos villes et m\u00e9dias en favori avec <a href=\"https:\/\/moncompte.actu.fr\" title=\"D\u00e9couvez Mon Actu\" rel=\"nofollow noopener\" data-trk=\"{&quot;cta&quot;:{&quot;action&quot;:&quot;https:\\\/\\\/moncompte.actu.fr&quot;,&quot;category&quot;:&quot;mon compte&quot;,&quot;from&quot;:&quot;article footer&quot;,&quot;name&quot;:&quot;Mon actu&quot;,&quot;type&quot;:&quot;cta&quot;}}\" target=\"_blank\">Mon Actu<\/a>.<\/p>\n","protected":false},"excerpt":{"rendered":"Par David Saint-Sernin Publi\u00e9 le 6 oct. 2025 \u00e0 7h53 Lundi 6\u00a0octobre 2025, les difficult\u00e9s ont d\u00e9but\u00e9 de&hellip;\n","protected":false},"author":2,"featured_media":442343,"comment_status":"","ping_status":"","sticky":false,"template":"","format":"standard","meta":{"footnotes":""},"categories":[2816],"tags":[1111,11,1777,674,1011,27,12,2680,25,104,2312],"class_list":{"0":"post-442342","1":"post","2":"type-post","3":"status-publish","4":"format-standard","5":"has-post-thumbnail","7":"category-toulouse","8":"tag-actu","9":"tag-actualites","10":"tag-eu","11":"tag-europe","12":"tag-fr","13":"tag-france","14":"tag-news","15":"tag-occitanie","16":"tag-republique-francaise","17":"tag-societe","18":"tag-toulouse"},"share_on_mastodon":{"url":"https:\/\/pubeurope.com\/@fr\/115325982911370231","error":""},"_links":{"self":[{"href":"https:\/\/www.europesays.com\/fr\/wp-json\/wp\/v2\/posts\/442342","targetHints":{"allow":["GET"]}}],"collection":[{"href":"https:\/\/www.europesays.com\/fr\/wp-json\/wp\/v2\/posts"}],"about":[{"href":"https:\/\/www.europesays.com\/fr\/wp-json\/wp\/v2\/types\/post"}],"author":[{"embeddable":true,"href":"https:\/\/www.europesays.com\/fr\/wp-json\/wp\/v2\/users\/2"}],"replies":[{"embeddable":true,"href":"https:\/\/www.europesays.com\/fr\/wp-json\/wp\/v2\/comments?post=442342"}],"version-history":[{"count":0,"href":"https:\/\/www.europesays.com\/fr\/wp-json\/wp\/v2\/posts\/442342\/revisions"}],"wp:featuredmedia":[{"embeddable":true,"href":"https:\/\/www.europesays.com\/fr\/wp-json\/wp\/v2\/media\/442343"}],"wp:attachment":[{"href":"https:\/\/www.europesays.com\/fr\/wp-json\/wp\/v2\/media?parent=442342"}],"wp:term":[{"taxonomy":"category","embeddable":true,"href":"https:\/\/www.europesays.com\/fr\/wp-json\/wp\/v2\/categories?post=442342"},{"taxonomy":"post_tag","embeddable":true,"href":"https:\/\/www.europesays.com\/fr\/wp-json\/wp\/v2\/tags?post=442342"}],"curies":[{"name":"wp","href":"https:\/\/api.w.org\/{rel}","templated":true}]}}