{"id":442346,"date":"2025-10-06T07:14:09","date_gmt":"2025-10-06T07:14:09","guid":{"rendered":"https:\/\/www.europesays.com\/fr\/442346\/"},"modified":"2025-10-06T07:14:09","modified_gmt":"2025-10-06T07:14:09","slug":"une-jeune-femme-de-27-ans-se-tue-dans-un-accident-pres-de-lille","status":"publish","type":"post","link":"https:\/\/www.europesays.com\/fr\/442346\/","title":{"rendered":"une jeune femme de 27 ans se tue dans un accident pr\u00e8s de Lille"},"content":{"rendered":"<p>            Par<br \/>\n        <strong><br \/>\n            <a href=\"https:\/\/actu.fr\/auteur\/nicolas-demollien\" title=\"Consulter tous les articles de Nicolas Demollien\" target=\"_blank\" rel=\"noopener\">Nicolas Demollien<\/a><br \/>\n        <\/strong><\/p>\n<p>        Publi\u00e9 le<\/p>\n<p>            6 oct. 2025 \u00e0 8h54        <\/p>\n<p>Nouveau <b>drame de la route<\/b> en <a href=\"https:\/\/actu.fr\/tag\/belgique\" target=\"_blank\" rel=\"noopener\">Belgique<\/a>. Dimanche 5 octobre 2025, une <b>jeune femme est d\u00e9c\u00e9d\u00e9e<\/b> apr\u00e8s un <a href=\"https:\/\/actu.fr\/tag\/accident\" target=\"_blank\" rel=\"noopener\">accident<\/a> \u00e0 <b>Estaimpuis<\/b>, tout <b>pr\u00e8s de la fronti\u00e8re<\/b> avec la m\u00e9tropole de <a href=\"https:\/\/actu.fr\/hauts-de-france\/lille_59350\" target=\"_blank\" rel=\"noopener\">Lille<\/a> (Nord). Le choc a \u00e9t\u00e9 violent.<\/p>\n<p>Une jeune femme de 27 ans meurt dans un accident \u00e0 la fronti\u00e8re belge<\/p>\n<p class=\" wall-content\">Selon <a href=\"https:\/\/www.dhnet.be\/regions\/tournai-ath-mouscron\/mouscron-comines\/2025\/10\/05\/drame-cette-nuit-a-estaimpuis-une-jeune-femme-de-27-ans-a-perdu-la-vie-dans-un-accident-de-la-route-FSSIUM5J2ZG5ZGW4HMWMV44YKU\/\" target=\"_blank\" rel=\"noopener\">nos confr\u00e8res belges de Dhnet<\/a>, la victime a \u00e9t\u00e9 \u00ab\u00a0\u00e9ject\u00e9e de son v\u00e9hicule\u00a0\u00bb.<\/p>\n<p class=\" wall-content\">Il \u00e9tait aux alentours de 2h30 du matin lorsque le drame s\u2019est produit, du c\u00f4t\u00e9 de la campagne de Saint-L\u00e9ger. Selon les premiers \u00e9l\u00e9ments de l\u2019enqu\u00eate la jeune femme aurait <b>perdu le contr\u00f4le de son v\u00e9hicule<\/b> puis <b>heurt\u00e9 une t\u00eate de pont<\/b>.<\/p>\n<p class=\" wall-content\">Sa voiture aurait alors fait <b>plusieurs tonneaux<\/b> tandis que la conductrice a \u00e9t\u00e9 <b>\u00e9ject\u00e9e<\/b> selon les autorit\u00e9s belges. \u00ab\u00a0L\u2019automobiliste, qui \u00e9tait seule \u00e0 bord, a <b>perdu la vie sur le coup<\/b>\u00ab\u00a0, d\u00e9taillent encore nos confr\u00e8res. Les secours n\u2019ont malheureusement pu que constater son d\u00e9c\u00e8s. <b>\u00c2g\u00e9e de 27 ans<\/b>, elle \u00e9tait originaire d\u2019Estaimpuis.<\/p>\n<p class=\" wall-content\">Personnalisez votre actualit\u00e9 en ajoutant vos villes et m\u00e9dias en favori avec <a href=\"https:\/\/moncompte.actu.fr\" title=\"D\u00e9couvez Mon Actu\" rel=\"nofollow noopener\" data-trk=\"{&quot;cta&quot;:{&quot;action&quot;:&quot;https:\\\/\\\/moncompte.actu.fr&quot;,&quot;category&quot;:&quot;mon compte&quot;,&quot;from&quot;:&quot;article footer&quot;,&quot;name&quot;:&quot;Mon actu&quot;,&quot;type&quot;:&quot;cta&quot;}}\" target=\"_blank\">Mon Actu<\/a>.<\/p>\n","protected":false},"excerpt":{"rendered":"Par Nicolas Demollien Publi\u00e9 le 6 oct. 2025 \u00e0 8h54 Nouveau drame de la route en Belgique. Dimanche&hellip;\n","protected":false},"author":2,"featured_media":442347,"comment_status":"","ping_status":"","sticky":false,"template":"","format":"standard","meta":{"footnotes":""},"categories":[2815],"tags":[119,1111,11,828,1777,674,118,1011,27,811,1307,12,25],"class_list":{"0":"post-442346","1":"post","2":"type-post","3":"status-publish","4":"format-standard","5":"has-post-thumbnail","7":"category-lille","8":"tag-accident","9":"tag-actu","10":"tag-actualites","11":"tag-belgique","12":"tag-eu","13":"tag-europe","14":"tag-faits-divers","15":"tag-fr","16":"tag-france","17":"tag-hauts-de-france","18":"tag-lille","19":"tag-news","20":"tag-republique-francaise"},"share_on_mastodon":{"url":"https:\/\/pubeurope.com\/@fr\/115325990605825748","error":""},"_links":{"self":[{"href":"https:\/\/www.europesays.com\/fr\/wp-json\/wp\/v2\/posts\/442346","targetHints":{"allow":["GET"]}}],"collection":[{"href":"https:\/\/www.europesays.com\/fr\/wp-json\/wp\/v2\/posts"}],"about":[{"href":"https:\/\/www.europesays.com\/fr\/wp-json\/wp\/v2\/types\/post"}],"author":[{"embeddable":true,"href":"https:\/\/www.europesays.com\/fr\/wp-json\/wp\/v2\/users\/2"}],"replies":[{"embeddable":true,"href":"https:\/\/www.europesays.com\/fr\/wp-json\/wp\/v2\/comments?post=442346"}],"version-history":[{"count":0,"href":"https:\/\/www.europesays.com\/fr\/wp-json\/wp\/v2\/posts\/442346\/revisions"}],"wp:featuredmedia":[{"embeddable":true,"href":"https:\/\/www.europesays.com\/fr\/wp-json\/wp\/v2\/media\/442347"}],"wp:attachment":[{"href":"https:\/\/www.europesays.com\/fr\/wp-json\/wp\/v2\/media?parent=442346"}],"wp:term":[{"taxonomy":"category","embeddable":true,"href":"https:\/\/www.europesays.com\/fr\/wp-json\/wp\/v2\/categories?post=442346"},{"taxonomy":"post_tag","embeddable":true,"href":"https:\/\/www.europesays.com\/fr\/wp-json\/wp\/v2\/tags?post=442346"}],"curies":[{"name":"wp","href":"https:\/\/api.w.org\/{rel}","templated":true}]}}