{"id":44235,"date":"2025-04-22T15:08:08","date_gmt":"2025-04-22T15:08:08","guid":{"rendered":"https:\/\/www.europesays.com\/fr\/44235\/"},"modified":"2025-04-22T15:08:08","modified_gmt":"2025-04-22T15:08:08","slug":"hem-un-enorme-salon-gratuit-consacre-aux-lego-vous-attend-ce-week-end","status":"publish","type":"post","link":"https:\/\/www.europesays.com\/fr\/44235\/","title":{"rendered":"Hem. Un \u00e9norme salon gratuit consacr\u00e9 aux Lego\u00ae vous attend ce week-end\u00a0!"},"content":{"rendered":"<p>            Par<br \/>\n        <strong><br \/>\n            <a href=\"https:\/\/actu.fr\/auteur\/nicolas-demollien\" title=\"Consulter tous les articles de Nicolas Demollien\" target=\"_blank\" rel=\"noopener\">Nicolas Demollien<\/a><br \/>\n        <\/strong><\/p>\n<p>        Publi\u00e9 le<\/p>\n<p>            22 avr. 2025 \u00e0 16h50        <\/p>\n<p>Voil\u00e0 qui promet de ravir tous les <b>passionn\u00e9s des c\u00e9l\u00e8bres Lego\u00ae<\/b>, mais aussi les simples curieux. Ces samedi 26 et dimanche 27 avril 2025, le <b>grand salon de la brique<\/b> sera propos\u00e9 \u00e0 <a href=\"https:\/\/actu.fr\/hauts-de-france\/hem_59299\" target=\"_blank\" rel=\"noopener\">Hem<\/a>, tout pr\u00e8s de <a href=\"https:\/\/actu.fr\/hauts-de-france\/lille_59350\" target=\"_blank\" rel=\"noopener\">Lille<\/a> (Nord). De quoi se faire plaisir et en prendre plein les yeux. Et en plus <b>l\u2019entr\u00e9e est gratuite<\/b>.<\/p>\n<p>Ce qui vous attend ce week-end au salon de la brique \u00e0 Hem, pr\u00e8s de Lille<\/p>\n<p class=\" wall-content\">Durant deux jours, de 10h \u00e0 18h, l\u2019<b>Espace culturel Franchomme<\/b> (1, rue du G\u00e9n\u00e9ral Leclerc) va se transformer totalement pour devenir l\u2019empire des c\u00e9l\u00e8bres petites briques. Et le programme est all\u00e9chant !<\/p>\n<p class=\" wall-content\">Sur place, en effet, vous trouverez des <b>dioramas spectaculaires<\/b> sur divers th\u00e8mes, pr\u00e9sent\u00e9s par des passionn\u00e9s. C\u2019est d\u2019ailleurs l\u2019une des forces de cet \u00e9v\u00e9nement, la possibilit\u00e9 de rencontrer et discuter avec des collectionneurs et cr\u00e9ateurs talentueux. Vous pourrez \u00e9galement profiter de diverses <b>animations<\/b>, de <b>stands de vente<\/b> pour am\u00e9liorer vos collections ou vous faire plaisir.<\/p>\n<p class=\" wall-content\">Des <b>mini-conf\u00e9rences<\/b> seront aussi propos\u00e9es, ainsi que des <b>tutos<\/b> pour \u00ab\u00a0am\u00e9liorer votre cr\u00e9ativit\u00e9\u00a0\u00bb.<\/p>\n<p class=\" wall-content\">Bref, un bon moment en perspective !<\/p>\n<p>Vid\u00e9os : en ce moment sur Actu<br \/>\n    <a href=\"https:\/\/www.facebook.com\/plugins\/post.php?href=https%3A%2F%2Fwww.facebook.com%2Ffermefranchomme%2Fposts%2Fpfbid02jdC5GoBE8T66B2oLj57Zy86HJ497K9cLbxpVGw4VeL7HUKxZdMTvq8xWRS1kz8T6l&amp;show_text=true&amp;width=350\" title=\"Ouvrie le lien\" target=\"_blank\" rel=\"noopener\">Cliquez ici pour visualiser le contenu<\/a><\/p>\n<p class=\" wall-content\">Plus d\u2019infos sur le site <a href=\"https:\/\/www.ville-hem.fr\/2025\/04\/19\/week-end-de-la-brique\/\" target=\"_blank\" rel=\"noopener\">ville-hem.fr<\/a><\/p>\n<p class=\" wall-content\">Suivez toute l\u2019actualit\u00e9 de vos villes et m\u00e9dias favoris en vous inscrivant \u00e0 <a href=\"https:\/\/moncompte.actu.fr\" title=\"D\u00e9couvez Mon Actu\" rel=\"nofollow noopener\" data-trk=\"{&quot;cta&quot;:{&quot;action&quot;:&quot;https:\\\/\\\/moncompte.actu.fr&quot;,&quot;category&quot;:&quot;mon compte&quot;,&quot;from&quot;:&quot;article footer&quot;,&quot;name&quot;:&quot;Mon actu&quot;,&quot;type&quot;:&quot;cta&quot;}}\" target=\"_blank\">Mon Actu<\/a>.<\/p>\n","protected":false},"excerpt":{"rendered":"Par Nicolas Demollien Publi\u00e9 le 22 avr. 2025 \u00e0 16h50 Voil\u00e0 qui promet de ravir tous les passionn\u00e9s&hellip;\n","protected":false},"author":2,"featured_media":44236,"comment_status":"","ping_status":"","sticky":false,"template":"","format":"standard","meta":{"footnotes":""},"categories":[2815],"tags":[1111,11,13207,1777,674,1011,27,811,1307,1652,12,25],"class_list":{"0":"post-44235","1":"post","2":"type-post","3":"status-publish","4":"format-standard","5":"has-post-thumbnail","7":"category-lille","8":"tag-actu","9":"tag-actualites","10":"tag-collections","11":"tag-eu","12":"tag-europe","13":"tag-fr","14":"tag-france","15":"tag-hauts-de-france","16":"tag-lille","17":"tag-loisirs-culture","18":"tag-news","19":"tag-republique-francaise"},"share_on_mastodon":{"url":"https:\/\/pubeurope.com\/@fr\/114382248829598859","error":""},"_links":{"self":[{"href":"https:\/\/www.europesays.com\/fr\/wp-json\/wp\/v2\/posts\/44235","targetHints":{"allow":["GET"]}}],"collection":[{"href":"https:\/\/www.europesays.com\/fr\/wp-json\/wp\/v2\/posts"}],"about":[{"href":"https:\/\/www.europesays.com\/fr\/wp-json\/wp\/v2\/types\/post"}],"author":[{"embeddable":true,"href":"https:\/\/www.europesays.com\/fr\/wp-json\/wp\/v2\/users\/2"}],"replies":[{"embeddable":true,"href":"https:\/\/www.europesays.com\/fr\/wp-json\/wp\/v2\/comments?post=44235"}],"version-history":[{"count":0,"href":"https:\/\/www.europesays.com\/fr\/wp-json\/wp\/v2\/posts\/44235\/revisions"}],"wp:featuredmedia":[{"embeddable":true,"href":"https:\/\/www.europesays.com\/fr\/wp-json\/wp\/v2\/media\/44236"}],"wp:attachment":[{"href":"https:\/\/www.europesays.com\/fr\/wp-json\/wp\/v2\/media?parent=44235"}],"wp:term":[{"taxonomy":"category","embeddable":true,"href":"https:\/\/www.europesays.com\/fr\/wp-json\/wp\/v2\/categories?post=44235"},{"taxonomy":"post_tag","embeddable":true,"href":"https:\/\/www.europesays.com\/fr\/wp-json\/wp\/v2\/tags?post=44235"}],"curies":[{"name":"wp","href":"https:\/\/api.w.org\/{rel}","templated":true}]}}