{"id":442354,"date":"2025-10-06T07:18:16","date_gmt":"2025-10-06T07:18:16","guid":{"rendered":"https:\/\/www.europesays.com\/fr\/442354\/"},"modified":"2025-10-06T07:18:16","modified_gmt":"2025-10-06T07:18:16","slug":"a-gauche-comme-a-droite-les-elus-lyonnais-sont-depites","status":"publish","type":"post","link":"https:\/\/www.europesays.com\/fr\/442354\/","title":{"rendered":"\u00e0 gauche comme \u00e0 droite, les \u00e9lus lyonnais sont d\u00e9pit\u00e9s"},"content":{"rendered":"<p itemprop=\"description\"><strong>Ce dimanche soir, 26 jours apr\u00e8s sa nomination, S\u00e9bastien Lecornu a enfin d\u00e9voil\u00e9 une partie de son gouvernement.<\/strong><\/p>\n<p>Mais en reconduisant la plupart des membres du pr\u00e9c\u00e9dent gouvernement, et en faisant appel \u00e0 Bruno Le Maire pour g\u00e9rer les Arm\u00e9es, le Premier ministre a provoqu\u00e9 la col\u00e8re de l&rsquo;ensemble de la classe politique. Certains sont m\u00eame d\u00e9pit\u00e9s face \u00e0 cette absence totale de renouvellement.<\/p>\n<p>\u00ab\u00a0Un mois pour \u00e7a ! Le grand \u201cchangement\u201d annonc\u00e9 : quelques chaises bougent, les m\u00eames s\u2019assoient. La rupture fa\u00e7on recyclage Quelle bande de pitres !\u00a0 Le gavage de l\u2019oligarchie touche \u00e0 sa fin\u00a0\u00bb, r\u00e9agit la d\u00e9put\u00e9e LFI de Lyon, <a href=\"https:\/\/www.lyonmag.com\/profil-personnalite-lyonnaise\/698\/anais-belouassa-cherifi\" target=\"_blank\" rel=\"noopener\">Ana\u00efs Belouassa-Cherifi<\/a>, probable candidate aux \u00e9lections municipales 2026.<\/p>\n<p>La d\u00e9put\u00e9e RN du Rh\u00f4ne <a href=\"https:\/\/www.lyonmag.com\/profil-personnalite-lyonnaise\/742\/tiffany-joncour\" target=\"_blank\" rel=\"noopener\">Tiffany Joncour<\/a> dit la m\u00eame chose avec des mots diff\u00e9rents : \u00ab\u00a0Nouveau gouvernement, m\u00eames visages, m\u00eames \u00e9checs, et un revenant qui a ruin\u00e9 le pays\u2026 c\u2019est la provocation de trop ! Les Fran\u00e7ais attendaient une rupture, ils auront la continuit\u00e9\u00a0\u00bb.<\/p>\n<p>R\u00e9action int\u00e9ressante puisqu&rsquo;elle \u00e9mane du pr\u00e9sident des R\u00e9publicains du Rh\u00f4ne. <a href=\"https:\/\/www.lyonmag.com\/profil-personnalite-lyonnaise\/477\/jeremie-breaud\" target=\"_blank\" rel=\"noopener\">J\u00e9r\u00e9mie Br\u00e9aud<\/a>, \u00e9galement maire de Bron, reconna\u00eet qu&rsquo;au moment o\u00f9 il devrait \u00ab\u00a0saluer le nouveau gouvernement\u00a0\u00bb compte-tenu de sa position, \u00ab\u00a0le coeur n&rsquo;y est pas\u00a0\u00bb. \u00ab\u00a0Aucune rupture. Les m\u00eames visages, les m\u00eames recettes&#8230; et m\u00eame le retour de ceux qui ont contribu\u00e9 depuis 2017 \u00e0 mettre nos finances dans l&rsquo;\u00e9tat funeste o\u00f9 elles sont\u00a0\u00bb, indique-t-il, invitant son propre parti \u00e0 \u00ab\u00a0se ressaisir et vite\u00a0\u00bb. Une ligne d\u00e9fendue par Laurent Wauquiez ces derniers jours, alors que Bruno Retailleau tranchait plut\u00f4t pour une participation active au gouvernement de S\u00e9bastien Lecornu.<\/p>\n<p>Quant \u00e0 <a href=\"https:\/\/www.lyonmag.com\/profil-personnalite-lyonnaise\/708\/marie-charlotte-garin\" target=\"_blank\" rel=\"noopener\">Marie-Charlotte Garin<\/a>, d\u00e9put\u00e9e lyonnaise Les Ecologistes, elle publiait un photomontage \u00e9loquent o\u00f9 G\u00e9rald Darmanin, S\u00e9bastien Lecornu et Bruno Retailleau avaient le visage d&rsquo;Emmanuel Macron. \u00ab\u00a0La farce continue\u00a0\u00bb, souffle-t-elle.<\/p>\n<blockquote class=\"twitter-tweet\"><p>&#13;<\/p>\n<p dir=\"ltr\" lang=\"fr\">Tout \u00e7a pour \u00e7a ! \ud83e\udee0\ud83e\udee0 <a href=\"https:\/\/t.co\/gfqsfOxYMf\">pic.twitter.com\/gfqsfOxYMf<\/a><\/p>\n<p>&#13;<br \/>\n\u2014 Marie-Charlotte Garin (@MC_Garin) <a href=\"https:\/\/twitter.com\/MC_Garin\/status\/1974920255928729960?ref_src=twsrc%5Etfw\" target=\"_blank\" rel=\"noopener\">October 5, 2025<\/a><\/p><\/blockquote>\n<p>\t\t  <script async src=\"https:\/\/platform.twitter.com\/widgets.js\" charset=\"utf-8\"><\/script><\/p>\n","protected":false},"excerpt":{"rendered":"Ce dimanche soir, 26 jours apr\u00e8s sa nomination, S\u00e9bastien Lecornu a enfin d\u00e9voil\u00e9 une partie de son gouvernement.&hellip;\n","protected":false},"author":2,"featured_media":442355,"comment_status":"","ping_status":"","sticky":false,"template":"","format":"standard","meta":{"footnotes":""},"categories":[1889],"tags":[1111,11,2813,2190,2430,1109,251,1112,2811,1777,674,118,1011,27,1922,1110,1114,2428,2810,12,241,316,25,2812,517,800],"class_list":{"0":"post-442354","1":"post","2":"type-post","3":"status-publish","4":"format-standard","5":"has-post-thumbnail","7":"category-lyon","8":"tag-actu","9":"tag-actualites","10":"tag-article","11":"tag-asvel","12":"tag-auvergne-rhone-alpes","13":"tag-breves","14":"tag-culture","15":"tag-depeches","16":"tag-economique","17":"tag-eu","18":"tag-europe","19":"tag-faits-divers","20":"tag-fr","21":"tag-france","22":"tag-info","23":"tag-informations","24":"tag-infos","25":"tag-lyon","26":"tag-lyonmag","27":"tag-news","28":"tag-ol","29":"tag-politique","30":"tag-republique-francaise","31":"tag-sociale","32":"tag-sport","33":"tag-transports"},"share_on_mastodon":{"url":"https:\/\/pubeurope.com\/@fr\/115326006330712763","error":""},"_links":{"self":[{"href":"https:\/\/www.europesays.com\/fr\/wp-json\/wp\/v2\/posts\/442354","targetHints":{"allow":["GET"]}}],"collection":[{"href":"https:\/\/www.europesays.com\/fr\/wp-json\/wp\/v2\/posts"}],"about":[{"href":"https:\/\/www.europesays.com\/fr\/wp-json\/wp\/v2\/types\/post"}],"author":[{"embeddable":true,"href":"https:\/\/www.europesays.com\/fr\/wp-json\/wp\/v2\/users\/2"}],"replies":[{"embeddable":true,"href":"https:\/\/www.europesays.com\/fr\/wp-json\/wp\/v2\/comments?post=442354"}],"version-history":[{"count":0,"href":"https:\/\/www.europesays.com\/fr\/wp-json\/wp\/v2\/posts\/442354\/revisions"}],"wp:featuredmedia":[{"embeddable":true,"href":"https:\/\/www.europesays.com\/fr\/wp-json\/wp\/v2\/media\/442355"}],"wp:attachment":[{"href":"https:\/\/www.europesays.com\/fr\/wp-json\/wp\/v2\/media?parent=442354"}],"wp:term":[{"taxonomy":"category","embeddable":true,"href":"https:\/\/www.europesays.com\/fr\/wp-json\/wp\/v2\/categories?post=442354"},{"taxonomy":"post_tag","embeddable":true,"href":"https:\/\/www.europesays.com\/fr\/wp-json\/wp\/v2\/tags?post=442354"}],"curies":[{"name":"wp","href":"https:\/\/api.w.org\/{rel}","templated":true}]}}