{"id":442356,"date":"2025-10-06T07:19:12","date_gmt":"2025-10-06T07:19:12","guid":{"rendered":"https:\/\/www.europesays.com\/fr\/442356\/"},"modified":"2025-10-06T07:19:12","modified_gmt":"2025-10-06T07:19:12","slug":"deux-hommes-interpelles-dans-un-salon-de-coiffure","status":"publish","type":"post","link":"https:\/\/www.europesays.com\/fr\/442356\/","title":{"rendered":"deux hommes interpell\u00e9s dans un salon de coiffure"},"content":{"rendered":"<p><a href=\"https:\/\/www.lyonpremiere.fr\/faits-divers\/pres-de-lyon-connaissez-vous-ce-jeune-homme\/\" target=\"_blank\" rel=\"noopener\">Pr\u00e8s de Lyon : connaissez-vous ce jeune homme ?<\/a><\/p>\n<p>\nUn appel \u00e0 t\u00e9moins a \u00e9t\u00e9 lanc\u00e9 par la gendarmerie du Rh\u00f4ne.<\/p>\n<p>Objectif : avoir des informations sur un jeune homme qui a \u00e9t\u00e9 retrouv\u00e9 \u00e0 Mions, dans le Rh\u00f4ne. <\/p>\n<p>\u00ab\u00a0Il ne parle pas. Aucune identit\u00e9 n&rsquo;a \u00e9t\u00e9 retrouv\u00e9e sur lui\u00a0\u00bb, pr\u00e9cisent les gendarmes. <\/p>\n<p>https:\/\/twitter.com\/Gendarmerie_069\/status\/197&#8230;<\/p>\n<p class=\"related-post-date\">01 October \u00e0 8h16<\/p>\n<p><script async src=\"https:\/\/platform.twitter.com\/widgets.js\" charset=\"utf-8\"><\/script><\/p>\n","protected":false},"excerpt":{"rendered":"Pr\u00e8s de Lyon : connaissez-vous ce jeune homme ? Un appel \u00e0 t\u00e9moins a \u00e9t\u00e9 lanc\u00e9 par la&hellip;\n","protected":false},"author":2,"featured_media":442357,"comment_status":"","ping_status":"","sticky":false,"template":"","format":"standard","meta":{"footnotes":""},"categories":[1889],"tags":[1111,11,2430,1777,674,118,1011,27,2428,12,25,15336],"class_list":{"0":"post-442356","1":"post","2":"type-post","3":"status-publish","4":"format-standard","5":"has-post-thumbnail","7":"category-lyon","8":"tag-actu","9":"tag-actualites","10":"tag-auvergne-rhone-alpes","11":"tag-eu","12":"tag-europe","13":"tag-faits-divers","14":"tag-fr","15":"tag-france","16":"tag-lyon","17":"tag-news","18":"tag-republique-francaise","19":"tag-vol-a-larrache"},"share_on_mastodon":{"url":"https:\/\/pubeurope.com\/@fr\/115326010276112139","error":""},"_links":{"self":[{"href":"https:\/\/www.europesays.com\/fr\/wp-json\/wp\/v2\/posts\/442356","targetHints":{"allow":["GET"]}}],"collection":[{"href":"https:\/\/www.europesays.com\/fr\/wp-json\/wp\/v2\/posts"}],"about":[{"href":"https:\/\/www.europesays.com\/fr\/wp-json\/wp\/v2\/types\/post"}],"author":[{"embeddable":true,"href":"https:\/\/www.europesays.com\/fr\/wp-json\/wp\/v2\/users\/2"}],"replies":[{"embeddable":true,"href":"https:\/\/www.europesays.com\/fr\/wp-json\/wp\/v2\/comments?post=442356"}],"version-history":[{"count":0,"href":"https:\/\/www.europesays.com\/fr\/wp-json\/wp\/v2\/posts\/442356\/revisions"}],"wp:featuredmedia":[{"embeddable":true,"href":"https:\/\/www.europesays.com\/fr\/wp-json\/wp\/v2\/media\/442357"}],"wp:attachment":[{"href":"https:\/\/www.europesays.com\/fr\/wp-json\/wp\/v2\/media?parent=442356"}],"wp:term":[{"taxonomy":"category","embeddable":true,"href":"https:\/\/www.europesays.com\/fr\/wp-json\/wp\/v2\/categories?post=442356"},{"taxonomy":"post_tag","embeddable":true,"href":"https:\/\/www.europesays.com\/fr\/wp-json\/wp\/v2\/tags?post=442356"}],"curies":[{"name":"wp","href":"https:\/\/api.w.org\/{rel}","templated":true}]}}