{"id":442358,"date":"2025-10-06T07:20:09","date_gmt":"2025-10-06T07:20:09","guid":{"rendered":"https:\/\/www.europesays.com\/fr\/442358\/"},"modified":"2025-10-06T07:20:09","modified_gmt":"2025-10-06T07:20:09","slug":"soleil-et-douceur-attendus-a-paris-et-en-ile-de-france","status":"publish","type":"post","link":"https:\/\/www.europesays.com\/fr\/442358\/","title":{"rendered":"soleil et douceur attendus \u00e0 Paris et en \u00cele-de-France"},"content":{"rendered":"<p>            Par<br \/>\n        <strong><br \/>\n            <a href=\"https:\/\/actu.fr\/auteur\/redaction-paris\" title=\"Consulter tous les articles de R\u00e9daction Paris\" target=\"_blank\" rel=\"noopener\">R\u00e9daction Paris<\/a><br \/>\n        <\/strong><\/p>\n<p>        Publi\u00e9 le<\/p>\n<p>            6 oct. 2025 \u00e0 8h57        <\/p>\n<p>Apr\u00e8s une semaine de pluie et de froid, la <a href=\"https:\/\/actu.fr\/paris\/meteo\" target=\"_blank\" rel=\"noopener\">m\u00e9t\u00e9o<\/a> sera plus douce cette semaine \u00e0 Paris et en \u00cele-de-France.\u00a0Du <strong>soleil<\/strong> et des temp\u00e9ratures sont au programme de ce lundi 6 au vendredi 10 octobre 2025, \u00e0 la faveur d\u2019un anticyclone.\u00a0<\/p>\n<p>\u00ab\u00a0Un air sec souvent propice \u00e0 des journ\u00e9es lumineuses\u00a0\u00bb<\/p>\n<p class=\" wall-content\">\u00ab\u00a0L\u2019anticyclone regonfle actuellement au-dessus de la France. [\u2026] Nos r\u00e9gions verront la mise en place progressive d\u2019un flux de nord-est dominant, advectant un<strong> air sec<\/strong> souvent propice \u00e0 des journ\u00e9es lumineuses\u00a0\u00bb, explique <a href=\"https:\/\/www.meteo-villes.com\/actualites\/retour-de-l-anticyclone-vers-un-blocage-et-un-mois-d-octobre-bien-sec\" target=\"_blank\" rel=\"noopener\">Meteo-Villes<\/a>.\u00a0<\/p>\n<p class=\" wall-content\">Des effets qui vont commencer \u00e0 se concr\u00e9tiser d\u00e8s ce lundi 6 octobre 2025 : le ciel sera bleu toute la matin\u00e9e avant l\u2019arriv\u00e9e, dans l\u2019apr\u00e8s-midi, de <strong>quelques nuages<\/strong>. Il fera entre 10\u00b0C et 17\u00b0C.\u00a0Demain, mardi 7 octobre 2025, <a href=\"https:\/\/actu.fr\/tag\/meteo-france\" target=\"_blank\" rel=\"noopener\">M\u00e9t\u00e9o France<\/a> annonce \u00ab\u00a0un soleil pr\u00e9dominant\u00a0\u00bb toute la journ\u00e9e. Les temp\u00e9ratures oscilleront entre 12\u00b0C et 19\u00b0C.\u00a0<\/p>\n<p class=\" wall-content\">Mercredi 8 octobre 2025, retour des nuages. Le ciel sera voil\u00e9 d\u00e8s le d\u00e9but de matin\u00e9e. L\u2019apr\u00e8s-midi sera marqu\u00e9e par \u00ab une alternance <strong>d\u2019\u00e9claircies<\/strong> et de passages nuageux \u00bb. Il fera entre 11\u00b0C et 20\u00b0C. Jeudi 9 octobre 2025, retour du soleil et d\u2019un ciel d\u00e9gag\u00e9 toute la journ\u00e9e. Le mercure affichera entre 12\u00b0C et 19\u00b0C. Vendredi 10 octobre 2025, veille de week-end, la m\u00e9t\u00e9o sera mitig\u00e9e, entre soleil radieux et passages nuageux. Les temp\u00e9ratures perdront quelques degr\u00e9s, avec des minimales de 9\u00b0C et des maximales de 17\u00b0C.<\/p>\n<p class=\" wall-content\">Personnalisez votre actualit\u00e9 en ajoutant vos villes et m\u00e9dias en favori avec <a href=\"https:\/\/moncompte.actu.fr\" title=\"D\u00e9couvez Mon Actu\" rel=\"nofollow noopener\" data-trk=\"{&quot;cta&quot;:{&quot;action&quot;:&quot;https:\\\/\\\/moncompte.actu.fr&quot;,&quot;category&quot;:&quot;mon compte&quot;,&quot;from&quot;:&quot;article footer&quot;,&quot;name&quot;:&quot;Mon actu&quot;,&quot;type&quot;:&quot;cta&quot;}}\" target=\"_blank\">Mon Actu<\/a>.<\/p>\n","protected":false},"excerpt":{"rendered":"Par R\u00e9daction Paris Publi\u00e9 le 6 oct. 2025 \u00e0 8h57 Apr\u00e8s une semaine de pluie et de froid,&hellip;\n","protected":false},"author":2,"featured_media":442359,"comment_status":"","ping_status":"","sticky":false,"template":"","format":"standard","meta":{"footnotes":""},"categories":[1592],"tags":[1111,11,1777,674,1011,27,662,2487,2357,12,626,25],"class_list":{"0":"post-442358","1":"post","2":"type-post","3":"status-publish","4":"format-standard","5":"has-post-thumbnail","7":"category-ile-de-france","8":"tag-actu","9":"tag-actualites","10":"tag-eu","11":"tag-europe","12":"tag-fr","13":"tag-france","14":"tag-ile-de-france","15":"tag-meteo","16":"tag-meteo-france","17":"tag-news","18":"tag-paris","19":"tag-republique-francaise"},"share_on_mastodon":{"url":"https:\/\/pubeurope.com\/@fr\/115326014197787943","error":""},"_links":{"self":[{"href":"https:\/\/www.europesays.com\/fr\/wp-json\/wp\/v2\/posts\/442358","targetHints":{"allow":["GET"]}}],"collection":[{"href":"https:\/\/www.europesays.com\/fr\/wp-json\/wp\/v2\/posts"}],"about":[{"href":"https:\/\/www.europesays.com\/fr\/wp-json\/wp\/v2\/types\/post"}],"author":[{"embeddable":true,"href":"https:\/\/www.europesays.com\/fr\/wp-json\/wp\/v2\/users\/2"}],"replies":[{"embeddable":true,"href":"https:\/\/www.europesays.com\/fr\/wp-json\/wp\/v2\/comments?post=442358"}],"version-history":[{"count":0,"href":"https:\/\/www.europesays.com\/fr\/wp-json\/wp\/v2\/posts\/442358\/revisions"}],"wp:featuredmedia":[{"embeddable":true,"href":"https:\/\/www.europesays.com\/fr\/wp-json\/wp\/v2\/media\/442359"}],"wp:attachment":[{"href":"https:\/\/www.europesays.com\/fr\/wp-json\/wp\/v2\/media?parent=442358"}],"wp:term":[{"taxonomy":"category","embeddable":true,"href":"https:\/\/www.europesays.com\/fr\/wp-json\/wp\/v2\/categories?post=442358"},{"taxonomy":"post_tag","embeddable":true,"href":"https:\/\/www.europesays.com\/fr\/wp-json\/wp\/v2\/tags?post=442358"}],"curies":[{"name":"wp","href":"https:\/\/api.w.org\/{rel}","templated":true}]}}