{"id":442360,"date":"2025-10-06T07:21:10","date_gmt":"2025-10-06T07:21:10","guid":{"rendered":"https:\/\/www.europesays.com\/fr\/442360\/"},"modified":"2025-10-06T07:21:10","modified_gmt":"2025-10-06T07:21:10","slug":"diagalim-institut-paris-region","status":"publish","type":"post","link":"https:\/\/www.europesays.com\/fr\/442360\/","title":{"rendered":"DiagAlim &#8211; Institut Paris R\u00e9gion"},"content":{"rendered":"<p>DiagAlim est un outil interactif visant \u00e0 pr\u00e9senter de fa\u00e7on synth\u00e9tique et p\u00e9dagogique les principales caract\u00e9ristiques du syst\u00e8me alimentaire francilien. Que vous soyez \u00e9lu, technicien, chercheur ou citoyen, ce support vise \u00e0 enrichir vos r\u00e9flexions, favoriser le partage de connaissances et le dialogue entre acteurs du territoire.<\/p>\n<p>Financ\u00e9 par la DRIAAF, cet outil r\u00e9alis\u00e9 par L\u2019Institut Paris Region a pour objectifs de proposer une navigation simple et intuitive entre les diff\u00e9rentes th\u00e9matiques, mettre en lumi\u00e8re les chiffres cl\u00e9s, les grands enjeux et les principales caract\u00e9ristiques. Il offre \u00e9galement une lecture territoriale des disparit\u00e9s et des leviers d\u2019action possibles.<\/p>\n<p>Il reprend le diagnostic de l\u2019offre alimentaire en \u00cele-de-France, <a href=\"https:\/\/driaaf.ile-de-france.agriculture.gouv.fr\/IMG\/pdf\/diagnostic_2022_-_vf.pdf\" target=\"_blank\" rel=\"noreferrer noopener\">produit en 2022<\/a> et <a href=\"https:\/\/www.prefectures-regions.gouv.fr\/ile-de-france\/irecontenu\/telechargement\/120884\/897441\/file\/Livret%20CRALIM%20Diag.2024-VF.pdf\" target=\"_blank\" rel=\"noreferrer noopener\">actualis\u00e9 en 2024\/25<\/a>, dont la version compl\u00e8te avait \u00e9t\u00e9 effectu\u00e9e en partenariat avec la Junior Entreprise d\u2019AgroParisTech et L\u2019Institut Paris Region.<\/p>\n<p>Certaines donn\u00e9es proviennent, ou sont reprises, des productions de nos partenaires (AFAUP, ANSA, Cantines responsables, Chambre d&rsquo;Agriculture de R\u00e9gion \u00cele-de-France, CGAD, GAB \u00cedF\u2026). Con\u00e7u comme une premi\u00e8re version, il sera progressivement enrichi par de nouvelles donn\u00e9es.<\/p>\n","protected":false},"excerpt":{"rendered":"DiagAlim est un outil interactif visant \u00e0 pr\u00e9senter de fa\u00e7on synth\u00e9tique et p\u00e9dagogique les principales caract\u00e9ristiques du syst\u00e8me&hellip;\n","protected":false},"author":2,"featured_media":442361,"comment_status":"","ping_status":"","sticky":false,"template":"","format":"standard","meta":{"footnotes":""},"categories":[1592],"tags":[1111,11,1777,674,1011,27,662,1577,12,626,25],"class_list":{"0":"post-442360","1":"post","2":"type-post","3":"status-publish","4":"format-standard","5":"has-post-thumbnail","7":"category-ile-de-france","8":"tag-actu","9":"tag-actualites","10":"tag-eu","11":"tag-europe","12":"tag-fr","13":"tag-france","14":"tag-ile-de-france","15":"tag-l","16":"tag-news","17":"tag-paris","18":"tag-republique-francaise"},"share_on_mastodon":{"url":"https:\/\/pubeurope.com\/@fr\/115326018129530778","error":""},"_links":{"self":[{"href":"https:\/\/www.europesays.com\/fr\/wp-json\/wp\/v2\/posts\/442360","targetHints":{"allow":["GET"]}}],"collection":[{"href":"https:\/\/www.europesays.com\/fr\/wp-json\/wp\/v2\/posts"}],"about":[{"href":"https:\/\/www.europesays.com\/fr\/wp-json\/wp\/v2\/types\/post"}],"author":[{"embeddable":true,"href":"https:\/\/www.europesays.com\/fr\/wp-json\/wp\/v2\/users\/2"}],"replies":[{"embeddable":true,"href":"https:\/\/www.europesays.com\/fr\/wp-json\/wp\/v2\/comments?post=442360"}],"version-history":[{"count":0,"href":"https:\/\/www.europesays.com\/fr\/wp-json\/wp\/v2\/posts\/442360\/revisions"}],"wp:featuredmedia":[{"embeddable":true,"href":"https:\/\/www.europesays.com\/fr\/wp-json\/wp\/v2\/media\/442361"}],"wp:attachment":[{"href":"https:\/\/www.europesays.com\/fr\/wp-json\/wp\/v2\/media?parent=442360"}],"wp:term":[{"taxonomy":"category","embeddable":true,"href":"https:\/\/www.europesays.com\/fr\/wp-json\/wp\/v2\/categories?post=442360"},{"taxonomy":"post_tag","embeddable":true,"href":"https:\/\/www.europesays.com\/fr\/wp-json\/wp\/v2\/tags?post=442360"}],"curies":[{"name":"wp","href":"https:\/\/api.w.org\/{rel}","templated":true}]}}