{"id":442362,"date":"2025-10-06T07:22:11","date_gmt":"2025-10-06T07:22:11","guid":{"rendered":"https:\/\/www.europesays.com\/fr\/442362\/"},"modified":"2025-10-06T07:22:11","modified_gmt":"2025-10-06T07:22:11","slug":"les-negociations-indirectes-entre-le-hamas-et-israel-debutent-lundi-en-egypte","status":"publish","type":"post","link":"https:\/\/www.europesays.com\/fr\/442362\/","title":{"rendered":"les n\u00e9gociations indirectes entre le Hamas et Isra\u00ebl d\u00e9butent lundi en Egypte"},"content":{"rendered":"<p>Des d\u00e9l\u00e9gations du Hamas, d&rsquo;Isra\u00ebl et des Etats-Unis doivent entamer des n\u00e9gociations indirectes en Egypte, lundi 6 octobre, pour obtenir la <a href=\"https:\/\/www.franceinfo.fr\/monde\/proche-orient\/israel-palestine\/reponse-du-hamas-au-plan-de-paix-a-gaza-tout-est-possible-le-meilleur-comme-le-pire-reste-prudent-un-representant-des-familles-d-otages_7531300.html\" rel=\"nofollow noopener\" target=\"_blank\">lib\u00e9ration des otages retenus \u00e0 Gaza<\/a> et <a href=\"https:\/\/www.franceinfo.fr\/monde\/proche-orient\/israel-palestine\/reportage-guerre-dans-la-bande-de-gaza-entre-espoir-et-defiance-la-reaction-des-gazaouis-au-plan-de-paix-de-donald-trump_7531774.html\" rel=\"nofollow noopener\" target=\"_blank\">mettre fin \u00e0 pr\u00e8s de deux ans de guerre<\/a> dans le territoire palestinien. Les pourparlers sur le plan de paix de Donald Trump doivent avoir lieu dans la station baln\u00e9aire de Charm el-Cheikh, \u00e0 la veille du deuxi\u00e8me anniversaire des attentats terroristes du 7-Octobre. Suivez notre direct.<\/p>\n<p class=\"c-body__bullet\"> <strong>Donald Trump veut des avanc\u00e9es rapides.<\/strong> Le pr\u00e9sident am\u00e9ricain souhaite que les n\u00e9gociations progressent \u00ab\u00a0tr\u00e8s rapidement\u00a0\u00bb, faisant \u00e9tat de premi\u00e8res \u00ab\u00a0discussions tr\u00e8s positives (&#8230;) ce week-end avec le Hamas\u00a0\u00bb en amont des discussions en Egypte, o\u00f9 il a d\u00e9p\u00each\u00e9 son \u00e9missaire Steve Witkoff et son gendre, Jared Kushner. Donald Trump veut que la lib\u00e9ration des otages ait lieu dans la semaine, et a pr\u00e9venu le Hamas qu&rsquo;il ne \u00ab\u00a0tol\u00e9rerait aucun retard\u00a0\u00bb dans l&rsquo;application de son plan.<\/p>\n<p class=\"c-body__bullet\"> <strong>Le n\u00e9gociateur en chef du Hamas est arriv\u00e9 \u00e0 Charm el-Cheikh.<\/strong> Khalil Al-Hayya, qui a atterri dimanche soir en Egypte, m\u00e8nera la d\u00e9l\u00e9gation du mouvement islamiste palestinien. Les r\u00e9unions pr\u00e9vues lundi seront les premi\u00e8res auxquelles participe le n\u00e9gociateur en chef du Hamas depuis qu&rsquo;Isra\u00ebl l&rsquo;a pris pour cible, ainsi que d&rsquo;autres dirigeants de l&rsquo;organisation, <a href=\"https:\/\/www.franceinfo.fr\/monde\/proche-orient\/guerre\/ce-que-l-on-sait-des-frappes-israeliennes-qui-ont-vise-des-responsables-du-hamas-au-qatar_7482868.html\" rel=\"nofollow noopener\" target=\"_blank\">lors de frappes \u00e0 Doha en septembre<\/a>.<\/p>\n<p class=\"c-body__bullet\"> <strong>Les combats se poursuivent \u00e0 Gaza.\u00a0<\/strong>Malgr\u00e9 les appels de Donald Trump \u00e0 un arr\u00eat \u00ab\u00a0imm\u00e9diat\u00a0\u00bb des bombardements, l&rsquo;arm\u00e9e isra\u00e9lienne a poursuivi ses frappes dans l&rsquo;enclave palestinienne, faisant pr\u00e8s de 60 morts samedi et 20 dimanche, selon la d\u00e9fense civile \u00e0 Gaza. Benyamin N\u00e9tanyahou soutient le plan Trump, tout en pr\u00e9cisant que son arm\u00e9e se maintiendra dans la majeure partie de la bande de Gaza, dont elle contr\u00f4le environ 75%. Le pr\u00e9sident am\u00e9ricain a assur\u00e9 samedi qu&rsquo;Isra\u00ebl avait accept\u00e9 une premi\u00e8re \u00ab\u00a0ligne de retrait\u00a0\u00bb \u00e0 une distance de 1,5 \u00e0 3,5\u00a0km \u00e0 l&rsquo;int\u00e9rieur du territoire palestinien.<\/p>\n<p class=\"c-body__bullet\"><strong> Des incertitudes sur la suite du processus.\u00a0<\/strong>Annonc\u00e9 le 29 septembre, le plan am\u00e9ricain \u00e0 la base des n\u00e9gociations pr\u00e9voit un cessez-le-feu, la lib\u00e9ration dans les 72\u00a0heures des 47\u00a0otages toujours d\u00e9tenus depuis le 7-Octobre, le retrait par \u00e9tapes de l&rsquo;arm\u00e9e isra\u00e9lienne de Gaza et le d\u00e9sarmement du Hamas. Le mouvement islamiste a fait savoir dimanche \u00e0 l&rsquo;AFP qu&rsquo;il voulait mettre fin \u00e0 la guerre et \u00ab\u00a0entamer imm\u00e9diatement le processus d&rsquo;\u00e9change\u00a0\u00bb d&rsquo;otages et de prisonniers avec Isra\u00ebl. Il n&rsquo;a toutefois pas mentionn\u00e9 la question de son d\u00e9sarmement.<\/p>\n","protected":false},"excerpt":{"rendered":"Des d\u00e9l\u00e9gations du Hamas, d&rsquo;Isra\u00ebl et des Etats-Unis doivent entamer des n\u00e9gociations indirectes en Egypte, lundi 6 octobre,&hellip;\n","protected":false},"author":2,"featured_media":442363,"comment_status":"","ping_status":"","sticky":false,"template":"","format":"standard","meta":{"footnotes":""},"categories":[1888],"tags":[1111,1928,11,1927,1777,674,1011,27,12,1926,626,1925,25],"class_list":{"0":"post-442362","1":"post","2":"type-post","3":"status-publish","4":"format-standard","5":"has-post-thumbnail","7":"category-paris","8":"tag-actu","9":"tag-actu-paris","10":"tag-actualites","11":"tag-actualites-paris","12":"tag-eu","13":"tag-europe","14":"tag-fr","15":"tag-france","16":"tag-news","17":"tag-news-paris","18":"tag-paris","19":"tag-paris-news","20":"tag-republique-francaise"},"share_on_mastodon":{"url":"https:\/\/pubeurope.com\/@fr\/115326022063154068","error":""},"_links":{"self":[{"href":"https:\/\/www.europesays.com\/fr\/wp-json\/wp\/v2\/posts\/442362","targetHints":{"allow":["GET"]}}],"collection":[{"href":"https:\/\/www.europesays.com\/fr\/wp-json\/wp\/v2\/posts"}],"about":[{"href":"https:\/\/www.europesays.com\/fr\/wp-json\/wp\/v2\/types\/post"}],"author":[{"embeddable":true,"href":"https:\/\/www.europesays.com\/fr\/wp-json\/wp\/v2\/users\/2"}],"replies":[{"embeddable":true,"href":"https:\/\/www.europesays.com\/fr\/wp-json\/wp\/v2\/comments?post=442362"}],"version-history":[{"count":0,"href":"https:\/\/www.europesays.com\/fr\/wp-json\/wp\/v2\/posts\/442362\/revisions"}],"wp:featuredmedia":[{"embeddable":true,"href":"https:\/\/www.europesays.com\/fr\/wp-json\/wp\/v2\/media\/442363"}],"wp:attachment":[{"href":"https:\/\/www.europesays.com\/fr\/wp-json\/wp\/v2\/media?parent=442362"}],"wp:term":[{"taxonomy":"category","embeddable":true,"href":"https:\/\/www.europesays.com\/fr\/wp-json\/wp\/v2\/categories?post=442362"},{"taxonomy":"post_tag","embeddable":true,"href":"https:\/\/www.europesays.com\/fr\/wp-json\/wp\/v2\/tags?post=442362"}],"curies":[{"name":"wp","href":"https:\/\/api.w.org\/{rel}","templated":true}]}}