{"id":442368,"date":"2025-10-06T07:27:10","date_gmt":"2025-10-06T07:27:10","guid":{"rendered":"https:\/\/www.europesays.com\/fr\/442368\/"},"modified":"2025-10-06T07:27:10","modified_gmt":"2025-10-06T07:27:10","slug":"en-championnat-de-russie-linternational-armenien-eduard-spertsyan-risque-une-suspension-a-long-terme","status":"publish","type":"post","link":"https:\/\/www.europesays.com\/fr\/442368\/","title":{"rendered":"En championnat de Russie, l\u2019international arm\u00e9nien Eduard Spertsyan risque une suspension \u00e0 long terme"},"content":{"rendered":"<p>Le champion de Russie et milieu de terrain de Krasnodar et de l\u2019\u00e9quipe nationale d\u2019Arm\u00e9nie, Eduard Spertsyan, risque une suspension pouvant aller jusqu\u2019\u00e0 10 matchs en Russie, rapporte Sport24.ru.<\/p>\n<p>Ibrahim Ndong, milieu de terrain s\u00e9n\u00e9galais d\u2019Akhmat, a d\u00e9clar\u00e9 que Spertsyan l\u2019avait insult\u00e9 en lui disant : \u00ab Ferme-la, esp\u00e8ce de noir. \u00bb \u00c0 la 85e minute de la 11e journ\u00e9e du Championnat de Russie (remport\u00e9e 2-0 par Krasnodar), Ndong a \u00e9t\u00e9 expuls\u00e9 pour avoir frapp\u00e9 Spertsyan au visage. Apr\u00e8s le match, Spertsyan a d\u00e9clar\u00e9 que Ndong l\u2019avait insult\u00e9, mais qu\u2019il n\u2019avait pas tenu de propos racistes.<\/p>\n<p>Plus tard, Spertsyan a de nouveau ni\u00e9 les accusations de Ndong sur Telegram, proposant de visionner les enregistrements vid\u00e9o, de lire sur les l\u00e8vres et de se soumettre \u00e0 un test polygraphique.<\/p>\n<p>\u00a0<\/p>\n<p>Krikor Amirzayan<\/p>\n","protected":false},"excerpt":{"rendered":"Le champion de Russie et milieu de terrain de Krasnodar et de l\u2019\u00e9quipe nationale d\u2019Arm\u00e9nie, Eduard Spertsyan, risque&hellip;\n","protected":false},"author":2,"featured_media":442369,"comment_status":"","ping_status":"","sticky":false,"template":"","format":"standard","meta":{"footnotes":""},"categories":[1591],"tags":[11,5950,1887,63,12,1885,1886,132],"class_list":{"0":"post-442368","1":"post","2":"type-post","3":"status-publish","4":"format-standard","5":"has-post-thumbnail","7":"category-russie","8":"tag-actualites","9":"tag-armenie","10":"tag-federation-de-russie","11":"tag-football","12":"tag-news","13":"tag-russia","14":"tag-russian-federation","15":"tag-russie"},"share_on_mastodon":{"url":"https:\/\/pubeurope.com\/@fr\/115326041693281989","error":""},"_links":{"self":[{"href":"https:\/\/www.europesays.com\/fr\/wp-json\/wp\/v2\/posts\/442368","targetHints":{"allow":["GET"]}}],"collection":[{"href":"https:\/\/www.europesays.com\/fr\/wp-json\/wp\/v2\/posts"}],"about":[{"href":"https:\/\/www.europesays.com\/fr\/wp-json\/wp\/v2\/types\/post"}],"author":[{"embeddable":true,"href":"https:\/\/www.europesays.com\/fr\/wp-json\/wp\/v2\/users\/2"}],"replies":[{"embeddable":true,"href":"https:\/\/www.europesays.com\/fr\/wp-json\/wp\/v2\/comments?post=442368"}],"version-history":[{"count":0,"href":"https:\/\/www.europesays.com\/fr\/wp-json\/wp\/v2\/posts\/442368\/revisions"}],"wp:featuredmedia":[{"embeddable":true,"href":"https:\/\/www.europesays.com\/fr\/wp-json\/wp\/v2\/media\/442369"}],"wp:attachment":[{"href":"https:\/\/www.europesays.com\/fr\/wp-json\/wp\/v2\/media?parent=442368"}],"wp:term":[{"taxonomy":"category","embeddable":true,"href":"https:\/\/www.europesays.com\/fr\/wp-json\/wp\/v2\/categories?post=442368"},{"taxonomy":"post_tag","embeddable":true,"href":"https:\/\/www.europesays.com\/fr\/wp-json\/wp\/v2\/tags?post=442368"}],"curies":[{"name":"wp","href":"https:\/\/api.w.org\/{rel}","templated":true}]}}