{"id":442378,"date":"2025-10-06T07:32:15","date_gmt":"2025-10-06T07:32:15","guid":{"rendered":"https:\/\/www.europesays.com\/fr\/442378\/"},"modified":"2025-10-06T07:32:15","modified_gmt":"2025-10-06T07:32:15","slug":"leurope-vue-en-legere-baisse-apres-une-semaine-solide-la-france-inquiete-06-10-2025-a-0844","status":"publish","type":"post","link":"https:\/\/www.europesays.com\/fr\/442378\/","title":{"rendered":"L&rsquo;Europe vue en l\u00e9g\u00e8re baisse apr\u00e8s une semaine solide, la France inqui\u00e8te &#8211; 06\/10\/2025 \u00e0 08:44"},"content":{"rendered":"<p>        <img fetchpriority=\"high\" decoding=\"async\" src=\"https:\/\/www.europesays.com\/fr\/wp-content\/uploads\/2025\/10\/9a31c0f8f40d8628d1d67e982dfd6c51-760x507.jpg\" alt=\"Ancienne Bourse de Paris\" loading=\"eager\" width=\"760\" height=\"507\" style=\"max-width: 100%!important; height: auto;\"\/><\/p>\n<p class=\"c-image-news__legend\">Ancienne Bourse de Paris<\/p>\n<p>\n par Diana Mandia\n<\/p>\n<p>\n Les principales Bourses europ\u00e9ennes sont attendues en l\u00e9g\u00e8re baisse lundi \u00e0 l&rsquo;ouverture, apr\u00e8s avoir enregistr\u00e9 vendredi leur meilleure performance hebdomadaire en cinq mois gr\u00e2ce aux anticipations de nouvelles baisses de taux aux Etats-Unis, tandis que la situation politique en France fait progresser les rendements obligataires de la deuxi\u00e8me \u00e9conomie de la zone euro.\n<\/p>\n<p>\n Les contrats \u00e0 terme sur indices sugg\u00e8rent une ouverture en baisse de 0,26% pour le CAC 40 parisien, de 0,05% pour le Dax \u00e0 Francfort et de 0,07%  pour le FTSE \u00e0 Londres.\n<\/p>\n<p>\n Les Bourses europ\u00e9ennes devraient entamer la semaine sur une note prudente apr\u00e8s avoir connu une semaine solide, marqu\u00e9e par la conviction des investisseurs que la R\u00e9serve f\u00e9d\u00e9rale am\u00e9ricaine (Fed) va \u00e0 nouveau baisser ses taux d&rsquo;int\u00e9r\u00eat en octobre, ce qui a pris le pas sur les inqui\u00e9tudes li\u00e9es \u00e0 l&rsquo;impasse budg\u00e9taire aux \u00c9tats-Unis.\n<\/p>\n<p>\n Pour l&rsquo;instant, cette fermeture du gouvernement f\u00e9d\u00e9ral, qui dure depuis mercredi dernier, n&rsquo;a eu aucun effet sur les march\u00e9s, davantage concentr\u00e9s sur la politique mon\u00e9taire et les perspectives de secteurs porteurs tels que l&rsquo;intelligence artificielle, mais elle a d\u00e9j\u00e0 retard\u00e9 la publication de certains indicateurs macro\u00e9conomiques cl\u00e9s, tels que le rapport sur l&#8217;emploi am\u00e9ricain vendredi.\n<\/p>\n<p>\n Un haut responsable de la Maison blanche a par ailleurs dit dimanche que Washington proc\u00e9derait \u00e0 des licenciements massifs de fonctionnaires f\u00e9d\u00e9raux si le pr\u00e9sident Donald Trump estimait que les n\u00e9gociations avec les d\u00e9mocrates du Congr\u00e8s visant \u00e0 mettre fin \u00e0 la fermeture partielle du gouvernement \u00ab\u00a0ne menaient absolument \u00e0 rien\u00a0\u00bb.\n<\/p>\n<p>\n Les turbulences politiques sont \u00e9galement \u00e0 l&rsquo;ordre du jour en Europe, et notamment en France, o\u00f9 la composition du gouvernement de S\u00e9bastien Lecornu a \u00e9t\u00e9 d\u00e9voil\u00e9e dimanche et ensuite critiqu\u00e9e par l&rsquo;un de ses membres, le ministre de l&rsquo;Int\u00e9rieur reconduit et chef de file des R\u00e9publicains Bruno Retailleau.\n<\/p>\n<p>\n Le front commercial continue par ailleurs de retenir l&rsquo;attention, alors que le pr\u00e9sident am\u00e9ricain Donald Trump envisage un all\u00e8gement significatif des droits de douane pour la production automobile am\u00e9ricaine, ont d\u00e9clar\u00e9 vendredi \u00e0 Reuters le s\u00e9nateur r\u00e9publicain Bernie Moreno et des responsables de l&rsquo;industrie automobile.\n<\/p>\n<p>\n Au programme du jour, les investisseurs examineront l&rsquo;indice Sentix et les ventes au d\u00e9tail de la zone euro, ainsi que les propos d&rsquo;un certain nombre de responsables de la Banque centrale europ\u00e9enne (BCE), dont sa pr\u00e9sidente Christine Lagarde, qui doit s&rsquo;exprimer dans la soir\u00e9e lors de la session pl\u00e9ni\u00e8re du Parlement europ\u00e9en \u00e0 Strasbourg.\n<\/p>\n<p>\n A WALL STREET\n<\/p>\n<p>\n \u00c0 Bourse de New York, le Dow et le S&amp;P 500 ont termin\u00e9 en hausse vendredi, tir\u00e9s par les anticipations sur les baisses de taux de la Fed, tandis quand le Nasdaq a clos dans le rouge, en raison de prises de b\u00e9n\u00e9fices dans le secteur de la \u00ab\u00a0tech\u00a0\u00bb apr\u00e8s le rallye de la veille.\n<\/p>\n<p>\n L&rsquo;indice Dow Jones a gagn\u00e9 0,51%, le Standard &amp; Poor&rsquo;s 500, plus large, a pris 0,01% et le Nasdaq Composite a recul\u00e9 de son c\u00f4t\u00e9 de 0,28%.\n<\/p>\n<p>\n EN ASIE\n<\/p>\n<p>\n La Bourse de Tokyo a fini en hausse de 4,75% \u00e0 un record de cl\u00f4ture de 47.944,76 points, alors que la nationaliste Sanae Takaichi a \u00e9t\u00e9 \u00e9lue \u00e0 la t\u00eate du Parti lib\u00e9ral d\u00e9mocrate (PLD) samedi et devrait \u00eatre amen\u00e9e \u00e0 remplacer le Premier ministre d\u00e9missionnaire Shigeru Ishiba. Ce qui devrait devenir la premi\u00e8re femme \u00e0 acc\u00e9der \u00e0 la t\u00eate du gouvernement dans l&rsquo;histoire du pays est connue pour ses positions conservatrices, pr\u00f4ne une politique \u00e9conomique expansionniste et ne cache pas son admiration pour l&rsquo;ancienne Premi\u00e8re ministre britannique Margaret Thatcher.\n<\/p>\n<p>\n La plupart des autres grandes Bourses de la r\u00e9gion sont ferm\u00e9es lundi pour cause de jours f\u00e9ri\u00e9s, notamment en Chine continentale, en Cor\u00e9e du Sud et \u00e0 Ta\u00efwan.\n<\/p>\n<p>\n La Bourse de Hong Kong perd 0,97% sur de prises de b\u00e9n\u00e9fices apr\u00e8s ses gains r\u00e9cents et avant un jour f\u00e9ri\u00e9 mardi.\n<\/p>\n<p>\n TAUX\n<\/p>\n<p>\n Les rendements des bons du Tr\u00e9sor am\u00e9ricain augmentent l\u00e9g\u00e8rement, le report, vendredi, de la publication de donn\u00e9es sur l&#8217;emploi ayant laiss\u00e9 le march\u00e9 sans v\u00e9ritable orientation.\n<\/p>\n<p>\n Le rendement des Treasuries \u00e0 dix ans prend 2,7 points de base \u00e0 4,1462%. Le deux ans progresse quant \u00e0 lui de 1,2 point de base \u00e0 3,5842%.\n<\/p>\n<p>\n En Europe, le rendement du Bund allemand \u00e0 dix ans prend 2,6 points de base \u00e0 2,7261%. Le deux ans est quasi stable \u00e0 2,0205%.\n<\/p>\n<p>\n En France, le rendement de l&rsquo;OAT \u00e0 dix ans avance de 5,2 points de base \u00e0 3,5637% et le \u00ab\u00a0spread\u00a0\u00bb, ou \u00e9cart de rendement entre le Bund et l&rsquo;OAT \u00e0 dix ans ressort \u00e0 83,66 points au lendemain de l&rsquo;annonce de la composition du gouvernement du Premier ministre S\u00e9bastien Lecornu.\n<\/p>\n<p>\n Les rendements des obligations d&rsquo;\u00c9tat japonaises \u00e0 court terme ont baiss\u00e9 lundi, la politique \u00e9conomique expansionniste voulue par la nationaliste Sanae Takaichi ayant r\u00e9duit les paris sur une hausse des taux d&rsquo;int\u00e9r\u00eat par la Banque du Japon (BoJ) ce mois-ci.\n<\/p>\n<p>\n La banque centrale japonaise a par ailleurs maintenu lundi son optimisme prudent quant aux perspectives \u00e9conomiques, mais a averti que la hausse des prix des denr\u00e9es alimentaires et les droits de douane am\u00e9ricains pourraient peser sur les d\u00e9penses des m\u00e9nages et des entreprises.\n<\/p>\n<p>\n CHANGES\n<\/p>\n<p>\n Le dollar regagne du terrain (+0,43%), profitant de son \u00e9lan face au yen apr\u00e8s avoir recul\u00e9 de 0,5% la semaine derni\u00e8re par rapport \u00e0 un panier des principales devises.\n<\/p>\n<p>\n L&rsquo;euro perd 0,26% \u00e0 1,1711 dollar.\n<\/p>\n<p>\n Le yen japonais chute de 1,7% pour atteindre 150,11 yens pour un dollar am\u00e9ricain alors que Sanae Takaichi en passe de devenir Premi\u00e8re ministre, orientant le pays vers une politique budg\u00e9taire plus expansionniste.\n<\/p>\n<p>\n Le<br \/>\n <a href=\"https:\/\/www.boursorama.com\/cours\/9xBTCUSD\/\" rel=\"nofollow noopener\" target=\"_blank\"><br \/>\n  bitcoin<br \/>\n <\/a><br \/>\n , qui a atteint dimanche un record de 125.653,32 dollars, les investisseurs se tournant de plus en plus vers les actifs alternatifs dans le contexte du shutdown am\u00e9ricain, \u00e9volue \u00e0 123.817,55 dollars lundi matin.\n<\/p>\n<p>\n P\u00c9TROLE\n<\/p>\n<p>\n Le Brent avance de 0,98% \u00e0 65,16 dollars le baril et le brut l\u00e9ger am\u00e9ricain (West Texas Intermediate, WTI) de 1,02% \u00e0 61,50 dollars, l&rsquo;Opep+ ayant d\u00e9cid\u00e9 dimanche une augmentation moins forte que pr\u00e9vu de sa production \u00e0 partir de novembre, dans un contexte d&rsquo;inqui\u00e9tudes persistantes concernant une surabondance de l&rsquo;offre.\n<\/p>\n<p>\n M\u00c9TAUX\n<\/p>\n<p>\n Le cours de l&rsquo;or a d\u00e9pass\u00e9 lundi pour la premi\u00e8re fois la barre des 3.900 dollars l&rsquo;once, port\u00e9 par la demande de valeurs refuges apr\u00e8s la fermeture partielle de l&rsquo;administration f\u00e9d\u00e9rale am\u00e9ricaine et aux anticipations d&rsquo;une nouvelle baisse des taux d&rsquo;int\u00e9r\u00eat par la Fed.\n<\/p>\n<p>\n (R\u00e9dig\u00e9 par Diana Mandia, \u00e9dit\u00e9 par Augustin Turpin)<\/p>\n","protected":false},"excerpt":{"rendered":"Ancienne Bourse de Paris par Diana Mandia Les principales Bourses europ\u00e9ennes sont attendues en l\u00e9g\u00e8re baisse lundi \u00e0&hellip;\n","protected":false},"author":2,"featured_media":442379,"comment_status":"","ping_status":"","sticky":false,"template":"","format":"standard","meta":{"footnotes":""},"categories":[1586],"tags":[400,11,398,408,405,1777,674,1011,27,403,402,399,404,12,25,401,406,407],"class_list":{"0":"post-442378","1":"post","2":"type-post","3":"status-publish","4":"format-standard","5":"has-post-thumbnail","7":"category-europe","8":"tag-action-cac-40","9":"tag-actualites","10":"tag-bourse-de-paris","11":"tag-boursorama","12":"tag-cotations","13":"tag-eu","14":"tag-europe","15":"tag-fr","16":"tag-france","17":"tag-indices-devises","18":"tag-investir","19":"tag-investissement","20":"tag-marche-boursier","21":"tag-news","22":"tag-republique-francaise","23":"tag-sicav","24":"tag-trackers","25":"tag-warrants"},"share_on_mastodon":{"url":"https:\/\/pubeurope.com\/@fr\/115326061893243480","error":""},"_links":{"self":[{"href":"https:\/\/www.europesays.com\/fr\/wp-json\/wp\/v2\/posts\/442378","targetHints":{"allow":["GET"]}}],"collection":[{"href":"https:\/\/www.europesays.com\/fr\/wp-json\/wp\/v2\/posts"}],"about":[{"href":"https:\/\/www.europesays.com\/fr\/wp-json\/wp\/v2\/types\/post"}],"author":[{"embeddable":true,"href":"https:\/\/www.europesays.com\/fr\/wp-json\/wp\/v2\/users\/2"}],"replies":[{"embeddable":true,"href":"https:\/\/www.europesays.com\/fr\/wp-json\/wp\/v2\/comments?post=442378"}],"version-history":[{"count":0,"href":"https:\/\/www.europesays.com\/fr\/wp-json\/wp\/v2\/posts\/442378\/revisions"}],"wp:featuredmedia":[{"embeddable":true,"href":"https:\/\/www.europesays.com\/fr\/wp-json\/wp\/v2\/media\/442379"}],"wp:attachment":[{"href":"https:\/\/www.europesays.com\/fr\/wp-json\/wp\/v2\/media?parent=442378"}],"wp:term":[{"taxonomy":"category","embeddable":true,"href":"https:\/\/www.europesays.com\/fr\/wp-json\/wp\/v2\/categories?post=442378"},{"taxonomy":"post_tag","embeddable":true,"href":"https:\/\/www.europesays.com\/fr\/wp-json\/wp\/v2\/tags?post=442378"}],"curies":[{"name":"wp","href":"https:\/\/api.w.org\/{rel}","templated":true}]}}