{"id":442393,"date":"2025-10-06T07:43:12","date_gmt":"2025-10-06T07:43:12","guid":{"rendered":"https:\/\/www.europesays.com\/fr\/442393\/"},"modified":"2025-10-06T07:43:12","modified_gmt":"2025-10-06T07:43:12","slug":"un-gros-dementi-apporte-au-sujet-de-bagnaia-avec-un-sujet-qui-fait-du-bruit","status":"publish","type":"post","link":"https:\/\/www.europesays.com\/fr\/442393\/","title":{"rendered":"un gros d\u00e9menti apport\u00e9 au sujet de Bagnaia, avec un sujet qui fait du bruit"},"content":{"rendered":"<p>Francesco Bagnaia a-t-il conduit avec une GP24 compl\u00e8te lors de son week-end victorieux au Grand Prix du Japon ? Auteur de la pole, de la victoire en course sprint et du succ\u00e8s en Grand Prix il y a deux semaines \u00e0 Motegi, Bagnaia avait brill\u00e9. Mais rapidement, des rumeurs sont apparues selon lesquelles le double champion du monde aurait pilote tout au long du week-end avec une Ducati GP24 compl\u00e8te. Sauf que face \u00e0 ces rumeurs de plus en plus insistantes, Davide Tardozzi, le directeur d&rsquo;\u00e9quipe de Ducati, a apport\u00e9 un gros d\u00e9menti concernant cette possible information.<\/p>\n<p>Tardozzi d\u00e9ment<\/p>\n<p>Tandis que la\u00a0 team VR46 avait balanc\u00e9 des informations selon lesquelles Bagnaia avait pilot\u00e9 avec une Ducati GP24 compl\u00e8te, le journaliste Mat Oxley avait \u00e9crit sur X : \u00ab\u00a0Des rumeurs circulent maintenant dans le paddock selon lesquelles Bagnaia aurait couru une GP24 \u00e0 Motegi. Le silence de Ducati ne les aide pas dans cette affaire.\u00a0\u00bb<\/p>\n<p>Mais Davide Tardozzi est venu d\u00e9mentir ces rumeurs. Sur Sky, le directeur d&rsquo;\u00e9quipe de Ducati a d\u00e9clar\u00e9 : \u00ab\u00a0Si nous avions couru avec le moteur GP24, nous aurions enfreint le r\u00e8glement, ce que Ducati ne fait pas. Le moteur qui \u00e9tait au Japon est donc un GP25. Les moteurs GP24 et GP25 ont deux homologations diff\u00e9rentes. Nous ne pouvons pas nous permettre d\u2019utiliser le moteur GP24.\u00a0\u00bb Mais en s&rsquo;appuyant uniquement sur la motorisation, le manager Ducati a laiss\u00e9 entendre que le ch\u00e2ssis GP24 a bien \u00e9t\u00e9 utilis\u00e9, la fourche 2024 \u00e9tait pr\u00e9sente et que le bras oscillant de l\u2019ann\u00e9e derni\u00e8re \u00e9quipait la moto. L&rsquo;\u00e9curie italienne a \u00e9t\u00e9 tr\u00e8s maligne, en \u00e9cartant le risque de disqualification technique mais confirmant une approche sp\u00e9ciale avec des \u00e9l\u00e9ments de la GP24 \u00e0 Motegi pour Bagnaia.<\/p>\n<p>    Partagez cette info avec vos amis et vos proches en cliquant ici  <\/p>\n<p> Podcasts \u00e0 la une MEN LIFE <\/p>\n<p>    Pour r\u00e9sumer<\/p>\n<p>Francesco Bagnaia a-t-il conduit avec une GP24 compl\u00e8te lors de son week-end victorieux au Grand Prix du Japon ? Auteur de la pole, de la victoire en course sprint et du succ\u00e8s en Grand Prix il y a deux semaines \u00e0 Motegi, Bagnaia avait brill\u00e9.<\/p>\n<p>R\u00e9dacteur<\/p>\n<p><img decoding=\"async\" width=\"76\" height=\"76\" loading=\"lazy\" src=\"https:\/\/www.europesays.com\/fr\/wp-content\/uploads\/2025\/04\/logo-victor-willems.jpg\" alt=\"Victor Willems\"\/><\/p>\n","protected":false},"excerpt":{"rendered":"Francesco Bagnaia a-t-il conduit avec une GP24 compl\u00e8te lors de son week-end victorieux au Grand Prix du Japon&hellip;\n","protected":false},"author":2,"featured_media":442394,"comment_status":"","ping_status":"","sticky":false,"template":"","format":"standard","meta":{"footnotes":""},"categories":[1412],"tags":[1451,1452,1453,1454,1455,1011,27,60],"class_list":{"0":"post-442393","1":"post","2":"type-post","3":"status-publish","4":"format-standard","5":"has-post-thumbnail","7":"category-f1","8":"tag-f1","9":"tag-formula-1","10":"tag-formula1","11":"tag-formule-1","12":"tag-formule1","13":"tag-fr","14":"tag-france","15":"tag-sports"},"share_on_mastodon":{"url":"https:\/\/pubeurope.com\/@fr\/115326105118076997","error":""},"_links":{"self":[{"href":"https:\/\/www.europesays.com\/fr\/wp-json\/wp\/v2\/posts\/442393","targetHints":{"allow":["GET"]}}],"collection":[{"href":"https:\/\/www.europesays.com\/fr\/wp-json\/wp\/v2\/posts"}],"about":[{"href":"https:\/\/www.europesays.com\/fr\/wp-json\/wp\/v2\/types\/post"}],"author":[{"embeddable":true,"href":"https:\/\/www.europesays.com\/fr\/wp-json\/wp\/v2\/users\/2"}],"replies":[{"embeddable":true,"href":"https:\/\/www.europesays.com\/fr\/wp-json\/wp\/v2\/comments?post=442393"}],"version-history":[{"count":0,"href":"https:\/\/www.europesays.com\/fr\/wp-json\/wp\/v2\/posts\/442393\/revisions"}],"wp:featuredmedia":[{"embeddable":true,"href":"https:\/\/www.europesays.com\/fr\/wp-json\/wp\/v2\/media\/442394"}],"wp:attachment":[{"href":"https:\/\/www.europesays.com\/fr\/wp-json\/wp\/v2\/media?parent=442393"}],"wp:term":[{"taxonomy":"category","embeddable":true,"href":"https:\/\/www.europesays.com\/fr\/wp-json\/wp\/v2\/categories?post=442393"},{"taxonomy":"post_tag","embeddable":true,"href":"https:\/\/www.europesays.com\/fr\/wp-json\/wp\/v2\/tags?post=442393"}],"curies":[{"name":"wp","href":"https:\/\/api.w.org\/{rel}","templated":true}]}}