{"id":442395,"date":"2025-10-06T07:45:18","date_gmt":"2025-10-06T07:45:18","guid":{"rendered":"https:\/\/www.europesays.com\/fr\/442395\/"},"modified":"2025-10-06T07:45:18","modified_gmt":"2025-10-06T07:45:18","slug":"le-reveil-de-paixao","status":"publish","type":"post","link":"https:\/\/www.europesays.com\/fr\/442395\/","title":{"rendered":"le r\u00e9veil de Paixao !"},"content":{"rendered":"<p>\u00c0 genoux face au virage Sud, les deux index en l&rsquo;air,<a href=\"https:\/\/www.laprovence.com\/article\/om\/1306539700786215\/om-face-a-lajax-en-ligue-des-champions-lheure-du-declic-pour-igor-paixao\" target=\"_blank\" rel=\"noopener\"> Igor Paixao a re\u00e7u un ouragan d&rsquo;applaudissements<\/a> bien m\u00e9rit\u00e9. Le Br\u00e9silien de 25\u00a0ans a beau \u00eatre petit par la taille (1,68m), il a \u00e9t\u00e9 le grand bonhomme de la soir\u00e9e, hier soir, en inscrivant un doubl\u00e9 en six minutes chrono et en d\u00e9livrant une passe d\u00e9cisive lors de la victoire de l&rsquo;OM contre l&rsquo;Ajax Amsterdam (4-0).<\/p>\n<p><a href=\"https:\/\/www.laprovence.com\/article\/om\/59546505216868\/om-psg-1-0-cote-ambiance-le-velodrome-a-aussi-climatise-le-psg\" target=\"_blank\" rel=\"noopener\">Le fervent public du V\u00e9lodrome<\/a> ne s&rsquo;y est pas tromp\u00e9 au moment d&rsquo;exploser sur l&rsquo;ouverture du score du lutin br\u00e9silien, id\u00e9alement servi par Pierre-Emerick Aubameyang dans la course apr\u00e8s une belle ouverture de Nayef Aguerd, qui ne s&rsquo;est pos\u00e9 aucune question pour griller la politesse \u00e0 Youri Regeer et ajuster Vitezslav Jaros, plant\u00e9 sur sa ligne, d&rsquo;une frappe crois\u00e9e du pied droit (6). Un vacarme \u00e0 tout rompre a surgi des tribunes pour c\u00e9l\u00e9brer la r\u00e9alisation du natif de Macapa.<\/p>\n<p>L&rsquo;ailier gauche de poche a m\u00eame remis \u00e7a apr\u00e8s une r\u00e9cup\u00e9ration d&rsquo;Arthur Vermeeren, titulaire surprise, en trompant le portier amstellodamois d&rsquo;une autre frappe du pied droit (12). \u00c0 2-0 avant le quart d&rsquo;heure de jeu, le joueur form\u00e9 \u00e0 Coritiba venait de r\u00e9aliser un v\u00e9ritable chantier. Une belle r\u00e9compense pour <a href=\"https:\/\/www.laprovence.com\/article\/om\/77182282000491\/mercato-om-igor-paixao-fait-ses-adieux-a-feyenoord-et-se-sent-pret-pour-la-prochaine-etape\" target=\"_blank\" rel=\"noopener\">la recrue la plus ch\u00e8re de l&rsquo;histo<\/a>&#8230;<\/p>\n","protected":false},"excerpt":{"rendered":"\u00c0 genoux face au virage Sud, les deux index en l&rsquo;air, Igor Paixao a re\u00e7u un ouragan d&rsquo;applaudissements&hellip;\n","protected":false},"author":2,"featured_media":442396,"comment_status":"","ping_status":"","sticky":false,"template":"","format":"standard","meta":{"footnotes":""},"categories":[1410],"tags":[51912,17,63,1011,27,149,55594,42135,16512,60],"class_list":{"0":"post-442395","1":"post","2":"type-post","3":"status-publish","4":"format-standard","5":"has-post-thumbnail","7":"category-football","8":"tag-4-0","9":"tag-17","10":"tag-football","11":"tag-fr","12":"tag-france","13":"tag-om","14":"tag-om-ajax","15":"tag-paixao","16":"tag-reveil","17":"tag-sports"},"share_on_mastodon":{"url":"https:\/\/pubeurope.com\/@fr\/115326112478358406","error":""},"_links":{"self":[{"href":"https:\/\/www.europesays.com\/fr\/wp-json\/wp\/v2\/posts\/442395","targetHints":{"allow":["GET"]}}],"collection":[{"href":"https:\/\/www.europesays.com\/fr\/wp-json\/wp\/v2\/posts"}],"about":[{"href":"https:\/\/www.europesays.com\/fr\/wp-json\/wp\/v2\/types\/post"}],"author":[{"embeddable":true,"href":"https:\/\/www.europesays.com\/fr\/wp-json\/wp\/v2\/users\/2"}],"replies":[{"embeddable":true,"href":"https:\/\/www.europesays.com\/fr\/wp-json\/wp\/v2\/comments?post=442395"}],"version-history":[{"count":0,"href":"https:\/\/www.europesays.com\/fr\/wp-json\/wp\/v2\/posts\/442395\/revisions"}],"wp:featuredmedia":[{"embeddable":true,"href":"https:\/\/www.europesays.com\/fr\/wp-json\/wp\/v2\/media\/442396"}],"wp:attachment":[{"href":"https:\/\/www.europesays.com\/fr\/wp-json\/wp\/v2\/media?parent=442395"}],"wp:term":[{"taxonomy":"category","embeddable":true,"href":"https:\/\/www.europesays.com\/fr\/wp-json\/wp\/v2\/categories?post=442395"},{"taxonomy":"post_tag","embeddable":true,"href":"https:\/\/www.europesays.com\/fr\/wp-json\/wp\/v2\/tags?post=442395"}],"curies":[{"name":"wp","href":"https:\/\/api.w.org\/{rel}","templated":true}]}}