{"id":442429,"date":"2025-10-06T08:08:09","date_gmt":"2025-10-06T08:08:09","guid":{"rendered":"https:\/\/www.europesays.com\/fr\/442429\/"},"modified":"2025-10-06T08:08:09","modified_gmt":"2025-10-06T08:08:09","slug":"rouen-le-meilleur-cancer-est-celui-quon-na-pas-insiste-florian-clatot-pour-octobre-rose","status":"publish","type":"post","link":"https:\/\/www.europesays.com\/fr\/442429\/","title":{"rendered":"Rouen. \u00ab\u00a0Le meilleur cancer est celui qu&rsquo;on n&rsquo;a pas\u00a0\u00bb, insiste Florian Clatot pour Octobre Rose"},"content":{"rendered":"<p melodystyle=\"texte\">En pleine op\u00e9ration Octobre Rose, Florian Clatot, professeur d&rsquo;oncologie m\u00e9dicale au centre Becquerel de Rouen, rappelle l&rsquo;importance du d\u00e9pistage et d&rsquo;une prise en charge pr\u00e9coce.<\/p>\n<p>En quoi Octobre Rose reste-t-il essentiel\u00a0?<\/p>\n<p melodystyle=\"texte\">\u00ab\u00a0C&rsquo;est un peu comme le T\u00e9l\u00e9thon avec les maladies g\u00e9n\u00e9tiques. Cela permet de communiquer autour du cancer du sein et de favoriser une prise de conscience. Il y a toujours une mobilisation des associations sportives et culturelles avec de la pr\u00e9vention. Cela permet aussi de r\u00e9colter des fonds pour la recherche.\u00a0\u00bb<\/p>\n<p>Est-ce qu&rsquo;on a progress\u00e9 <br \/>dans la prise en charge\u00a0?<\/p>\n<p melodystyle=\"texte\">\u00ab\u00a0Quand on regarde 10 ou 20 ans en arri\u00e8re, il y a des progr\u00e8s majeurs dans les trois grandes familles de cancers du sein\u00a0: les r\u00e9cepteurs hormonaux, les tumeurs HER2 amplifi\u00e9es et les tumeurs triple n\u00e9gatives. Pendant longtemps, les tumeurs triple n\u00e9gatives \u00e9taient les parents pauvres. D\u00e9sormais, on a une am\u00e9lioration dans les trois types de cancer. Mais attention\u00a0! On n&rsquo;a toujours pas de baguette magique. Le meilleur cancer est celui qu&rsquo;on n&rsquo;a pas. Il faut les pr\u00e9venir et les prendre t\u00f4t.\u00a0\u00bb<\/p>\n<p>D&rsquo;o\u00f9 l&rsquo;importance <br \/>du d\u00e9pistage\u2026<\/p>\n<p melodystyle=\"texte\">\u00ab\u00a0Le d\u00e9pistage organis\u00e9 concerne les femmes entre 50 et 74 ans. On re\u00e7oit une convocation et il est important de passer par la structure de d\u00e9pistage et de ne pas faire de d\u00e9marche individuelle. On n&rsquo;arrive pas encore \u00e0 avoir une adh\u00e9sion compl\u00e8te aux d\u00e9pistages. Et celles qui n&rsquo;adh\u00e8rent pas sont les m\u00eames qui ne vont pas voir leur m\u00e9decin quand elles d\u00e9tectent une anomalie. C&rsquo;est humain de faire la politique de l&rsquo;autruche. Mais c&rsquo;est absolument essentiel.\u00a0\u00bb<\/p>\n<p melodystyle=\"textnoprint\">\n<p>Quand faut-il pratiquer l&rsquo;autopalpation\u00a0?<\/p>\n<p melodystyle=\"textnoprint\">\u00ab\u00a0Ce sont deux choses diff\u00e9rentes. Il n&rsquo;y a pas d&rsquo;\u00e2ge pour d\u00e9buter l&rsquo;autopalpation. C&rsquo;est recommand\u00e9 d\u00e8s 25 ans. L&rsquo;id\u00e9e est d&rsquo;\u00eatre attentive \u00e0 ses seins et \u00e0 ses aisselles. S&rsquo;il y a une boule qui persiste, ce n&rsquo;est pas normal, il faut se poser la question. L&rsquo;autopalpation est \u00e0 faire apr\u00e8s les menstruations, de fa\u00e7on mensuelle. Si on se rend compte que quelque chose interpelle, on va voir son m\u00e9decin qui va v\u00e9rifier et, s&rsquo;il a un doute, demander une mammographie.\u00a0\u00bb<\/p>\n","protected":false},"excerpt":{"rendered":"En pleine op\u00e9ration Octobre Rose, Florian Clatot, professeur d&rsquo;oncologie m\u00e9dicale au centre Becquerel de Rouen, rappelle l&rsquo;importance du&hellip;\n","protected":false},"author":2,"featured_media":442430,"comment_status":"","ping_status":"","sticky":false,"template":"","format":"standard","meta":{"footnotes":""},"categories":[9587],"tags":[1111,11,1777,674,1011,27,12,5161,25,9590],"class_list":{"0":"post-442429","1":"post","2":"type-post","3":"status-publish","4":"format-standard","5":"has-post-thumbnail","7":"category-rouen","8":"tag-actu","9":"tag-actualites","10":"tag-eu","11":"tag-europe","12":"tag-fr","13":"tag-france","14":"tag-news","15":"tag-normandie","16":"tag-republique-francaise","17":"tag-rouen"},"share_on_mastodon":{"url":"https:\/\/pubeurope.com\/@fr\/115326202955476739","error":""},"_links":{"self":[{"href":"https:\/\/www.europesays.com\/fr\/wp-json\/wp\/v2\/posts\/442429","targetHints":{"allow":["GET"]}}],"collection":[{"href":"https:\/\/www.europesays.com\/fr\/wp-json\/wp\/v2\/posts"}],"about":[{"href":"https:\/\/www.europesays.com\/fr\/wp-json\/wp\/v2\/types\/post"}],"author":[{"embeddable":true,"href":"https:\/\/www.europesays.com\/fr\/wp-json\/wp\/v2\/users\/2"}],"replies":[{"embeddable":true,"href":"https:\/\/www.europesays.com\/fr\/wp-json\/wp\/v2\/comments?post=442429"}],"version-history":[{"count":0,"href":"https:\/\/www.europesays.com\/fr\/wp-json\/wp\/v2\/posts\/442429\/revisions"}],"wp:featuredmedia":[{"embeddable":true,"href":"https:\/\/www.europesays.com\/fr\/wp-json\/wp\/v2\/media\/442430"}],"wp:attachment":[{"href":"https:\/\/www.europesays.com\/fr\/wp-json\/wp\/v2\/media?parent=442429"}],"wp:term":[{"taxonomy":"category","embeddable":true,"href":"https:\/\/www.europesays.com\/fr\/wp-json\/wp\/v2\/categories?post=442429"},{"taxonomy":"post_tag","embeddable":true,"href":"https:\/\/www.europesays.com\/fr\/wp-json\/wp\/v2\/tags?post=442429"}],"curies":[{"name":"wp","href":"https:\/\/api.w.org\/{rel}","templated":true}]}}