{"id":442433,"date":"2025-10-06T08:10:13","date_gmt":"2025-10-06T08:10:13","guid":{"rendered":"https:\/\/www.europesays.com\/fr\/442433\/"},"modified":"2025-10-06T08:10:13","modified_gmt":"2025-10-06T08:10:13","slug":"grenoble-blesse-dun-coup-de-couteau-par-son-voisin-octogenaire-lors-dun-differend","status":"publish","type":"post","link":"https:\/\/www.europesays.com\/fr\/442433\/","title":{"rendered":"Grenoble. Bless\u00e9 d\u2019un coup de couteau par son voisin octog\u00e9naire lors d\u2019un diff\u00e9rend"},"content":{"rendered":"<p>Une violente altercation a \u00e9clat\u00e9 entre deux habitants du 40 galerie de l\u2019Arlequin, dans le quartier de la Villeneuve, \u00e0 Grenoble, ce dimanche 5\u00a0octobre, peu apr\u00e8s 21\u00a0h\u00a030, \u00e0 la suite d\u2019un contentieux \u00e0 propos des poubelles.<\/p>\n<p>Ce contenu est bloqu\u00e9 car vous n&rsquo;avez pas accept\u00e9 les cookies et autres traceurs.<\/p>\n<p>En cliquant sur \u00ab J\u2019accepte \u00bb, les cookies et autres traceurs seront d\u00e9pos\u00e9s et vous pourrez visualiser les contenus  (<a href=\"\" class=\"consentModule_policy\" target=\"_blank\" title=\"Consulter la politique de protection des donn\u00e9es du fournisseur\">plus d&rsquo;informations<\/a>).<\/p>\n<p>En cliquant sur \u00ab J\u2019accepte tous les cookies \u00bb, vous autorisez des d\u00e9p\u00f4ts de cookies et autres traceurs pour le stockage de vos donn\u00e9es sur nos sites et applications \u00e0 des fins de personnalisation et de ciblage publicitaire.<\/p>\n<p class=\"consentModule_secondaryText\">Vous gardez la possibilit\u00e9 de retirer votre consentement \u00e0 tout moment en consultant notre <a href=\"https:\/\/www.ledauphine.com\/protection-des-donnees\" target=\"_blank\" title=\"Consulter notre politique de protection des donn\u00e9es\" rel=\"noopener\">politique de protection des donn\u00e9es<\/a>. <br \/>&#13;<br \/>\n            <a href=\"https:\/\/www.ledauphine.com\/faits-divers-justice\/2025\/10\/06\/javascript:Didomi.notice.show()\" class=\"consentModule_cmp\" target=\"_blank\" rel=\"noopener\">G\u00e9rer mes choix<\/a>&#13;\n        <\/p>\n<p>&#13;<br \/>\n                        J&rsquo;accepte&#13;<br \/>\n            J&rsquo;accepte tous les cookies&#13;\n        <\/p>\n<p>Les deux hommes en seraient venus aux mains et ce serait pour se d\u00e9fendre que l\u2019un d\u2019entre eux, \u00e2g\u00e9 de 81 ans, se serait empar\u00e9 d\u2019un couteau avec lequel il a bless\u00e9 son adversaire, un homme de 53 ans.<\/p>\n<p>Touch\u00e9 au cou, ce dernier a \u00e9t\u00e9 secouru par les sapeurs-pompiers et une \u00e9quipe du Samu 38\u00a0avant d\u2019\u00eatre conduit au CHU Grenoble-Alpes. Son pronostic vital n\u2019\u00e9tait pas engag\u00e9.<\/p>\n<p>Entre-temps, les policiers grenoblois \u00e9taient intervenus sur les lieux et avaient interpell\u00e9 l\u2019octog\u00e9naire qui a \u00e9t\u00e9 plac\u00e9 en garde \u00e0 vue. En raison de son \u00e2ge, il a \u00e9t\u00e9 lib\u00e9r\u00e9 et reconvoqu\u00e9 ult\u00e9rieurement \u00e0 l\u2019h\u00f4tel de police.<\/p>\n","protected":false},"excerpt":{"rendered":"Une violente altercation a \u00e9clat\u00e9 entre deux habitants du 40 galerie de l\u2019Arlequin, dans le quartier de la&hellip;\n","protected":false},"author":2,"featured_media":442434,"comment_status":"","ping_status":"","sticky":false,"template":"","format":"standard","meta":{"footnotes":""},"categories":[9566],"tags":[1111,11,2430,271,272,112,1777,674,274,107,1011,27,2731,2732,108,12,25],"class_list":{"0":"post-442433","1":"post","2":"type-post","3":"status-publish","4":"format-standard","5":"has-post-thumbnail","7":"category-grenoble","8":"tag-actu","9":"tag-actualites","10":"tag-auvergne-rhone-alpes","11":"tag-crime","12":"tag-delit-et-contravention","13":"tag-edition-grenoble-agglomeration","14":"tag-eu","15":"tag-europe","16":"tag-faits-divers-justice","17":"tag-fil-info","18":"tag-fr","19":"tag-france","20":"tag-grenoble","21":"tag-grenoble-bassin","22":"tag-isere","23":"tag-news","24":"tag-republique-francaise"},"share_on_mastodon":{"url":"https:\/\/pubeurope.com\/@fr\/115326210850413144","error":""},"_links":{"self":[{"href":"https:\/\/www.europesays.com\/fr\/wp-json\/wp\/v2\/posts\/442433","targetHints":{"allow":["GET"]}}],"collection":[{"href":"https:\/\/www.europesays.com\/fr\/wp-json\/wp\/v2\/posts"}],"about":[{"href":"https:\/\/www.europesays.com\/fr\/wp-json\/wp\/v2\/types\/post"}],"author":[{"embeddable":true,"href":"https:\/\/www.europesays.com\/fr\/wp-json\/wp\/v2\/users\/2"}],"replies":[{"embeddable":true,"href":"https:\/\/www.europesays.com\/fr\/wp-json\/wp\/v2\/comments?post=442433"}],"version-history":[{"count":0,"href":"https:\/\/www.europesays.com\/fr\/wp-json\/wp\/v2\/posts\/442433\/revisions"}],"wp:featuredmedia":[{"embeddable":true,"href":"https:\/\/www.europesays.com\/fr\/wp-json\/wp\/v2\/media\/442434"}],"wp:attachment":[{"href":"https:\/\/www.europesays.com\/fr\/wp-json\/wp\/v2\/media?parent=442433"}],"wp:term":[{"taxonomy":"category","embeddable":true,"href":"https:\/\/www.europesays.com\/fr\/wp-json\/wp\/v2\/categories?post=442433"},{"taxonomy":"post_tag","embeddable":true,"href":"https:\/\/www.europesays.com\/fr\/wp-json\/wp\/v2\/tags?post=442433"}],"curies":[{"name":"wp","href":"https:\/\/api.w.org\/{rel}","templated":true}]}}