{"id":442435,"date":"2025-10-06T08:11:09","date_gmt":"2025-10-06T08:11:09","guid":{"rendered":"https:\/\/www.europesays.com\/fr\/442435\/"},"modified":"2025-10-06T08:11:09","modified_gmt":"2025-10-06T08:11:09","slug":"grenoble-nouveau-depart-dincendie-dans-un-bar-du-centre-une-enquete-ouverte","status":"publish","type":"post","link":"https:\/\/www.europesays.com\/fr\/442435\/","title":{"rendered":"Grenoble. Nouveau d\u00e9part d&rsquo;incendie dans un bar du centre : une enqu\u00eate ouverte"},"content":{"rendered":"<p>            Par<br \/>\n        <strong><br \/>\n            <a href=\"https:\/\/actu.fr\/auteur\/lisa-rodrigues\" title=\"Consulter tous les articles de Lisa Rodrigues\" target=\"_blank\" rel=\"noopener\">Lisa Rodrigues<\/a><br \/>\n        <\/strong><\/p>\n<p>        Publi\u00e9 le<\/p>\n<p>            6 oct. 2025 \u00e0 9h38        <\/p>\n<p>C\u2019est d\u00e9j\u00e0 le troisi\u00e8me bar vis\u00e9 en moins d\u2019une semaine \u00e0 <a href=\"https:\/\/actu.fr\/auvergne-rhone-alpes\/grenoble_38185\" target=\"_blank\" rel=\"noopener\">Grenoble<\/a>. T\u00f4t lundi 6 octobre, vers 3h25, un bar au 3 rue Millet, en plein centre, a \u00e9t\u00e9 victime d\u2019une tentative de d\u00e9gradation.<\/p>\n<p>    <a href=\"https:\/\/www.google.com\/maps\/embed?pb=!1m18!1m12!1m3!1d591.1321936387603!2d5.727110370219523!3d45.18882814568771!2m3!1f0!2f0!3f0!3m2!1i1024!2i768!4f13.1!3m3!1m2!1s0x478af48c0121682b%3A0x53d8f73d1630f633!2s3%20Rue%20Millet%2C%2038000%20Grenoble!5e0!3m2!1sfr!2sfr!4v1759735336563!5m2!1sfr!2sfr\" title=\"Ouvrie le lien\" target=\"_blank\" rel=\"noopener\">Cliquez ici pour visualiser le contenu<\/a><\/p>\n<p class=\" wall-content\">Les forces de l\u2019ordre se sont rendues sur place suite \u00e0 une \u00ab\u00a0<strong>tentative d\u2019incendie criminel<\/strong>\u00a0\u00bb dans l\u2019\u00e9tablissement.<\/p>\n<p>Deuxi\u00e8me bar vis\u00e9 dans la rue<\/p>\n<p class=\" wall-content\">L\u2019\u00e9tablissement \u00e9tant vide au moment des faits, <strong>aucun bless\u00e9<\/strong> n\u2019est \u00e0 d\u00e9plorer. Le feu s\u2019est \u00ab\u00a0consum\u00e9 de lui-m\u00eame\u00a0\u00bb, occasionnant peu de d\u00e9g\u00e2ts.<\/p>\n<p class=\" wall-content\">La semaine derni\u00e8re, c\u2019est un bar de la m\u00eame rue qui a \u00e9t\u00e9 <a href=\"https:\/\/actu.fr\/auvergne-rhone-alpes\/grenoble_38185\/grenoble-ce-bar-du-centre-ville-vise-par-un-cocktail-molotov-ce-que-l-on-sait_63230404.html\" target=\"_blank\" rel=\"noopener\">vis\u00e9 par un cocktail Molotov<\/a>, l\u00e0 aussi sans faire de bless\u00e9.<\/p>\n<p class=\" wall-content\">Une enqu\u00eate a \u00e9t\u00e9 ouverte.<\/p>\n<p class=\" wall-content\">Personnalisez votre actualit\u00e9 en ajoutant vos villes et m\u00e9dias en favori avec <a href=\"https:\/\/moncompte.actu.fr\" title=\"D\u00e9couvez Mon Actu\" rel=\"nofollow noopener\" data-trk=\"{&quot;cta&quot;:{&quot;action&quot;:&quot;https:\\\/\\\/moncompte.actu.fr&quot;,&quot;category&quot;:&quot;mon compte&quot;,&quot;from&quot;:&quot;article footer&quot;,&quot;name&quot;:&quot;Mon actu&quot;,&quot;type&quot;:&quot;cta&quot;}}\" target=\"_blank\">Mon Actu<\/a>.<\/p>\n","protected":false},"excerpt":{"rendered":"Par Lisa Rodrigues Publi\u00e9 le 6 oct. 2025 \u00e0 9h38 C\u2019est d\u00e9j\u00e0 le troisi\u00e8me bar vis\u00e9 en moins&hellip;\n","protected":false},"author":2,"featured_media":400358,"comment_status":"","ping_status":"","sticky":false,"template":"","format":"standard","meta":{"footnotes":""},"categories":[9566],"tags":[1111,11,2430,1777,674,118,1011,27,2731,12,1072,25,1340],"class_list":{"0":"post-442435","1":"post","2":"type-post","3":"status-publish","4":"format-standard","5":"has-post-thumbnail","7":"category-grenoble","8":"tag-actu","9":"tag-actualites","10":"tag-auvergne-rhone-alpes","11":"tag-eu","12":"tag-europe","13":"tag-faits-divers","14":"tag-fr","15":"tag-france","16":"tag-grenoble","17":"tag-news","18":"tag-police","19":"tag-republique-francaise","20":"tag-restaurant"},"share_on_mastodon":{"url":"https:\/\/pubeurope.com\/@fr\/115326214775896162","error":""},"_links":{"self":[{"href":"https:\/\/www.europesays.com\/fr\/wp-json\/wp\/v2\/posts\/442435","targetHints":{"allow":["GET"]}}],"collection":[{"href":"https:\/\/www.europesays.com\/fr\/wp-json\/wp\/v2\/posts"}],"about":[{"href":"https:\/\/www.europesays.com\/fr\/wp-json\/wp\/v2\/types\/post"}],"author":[{"embeddable":true,"href":"https:\/\/www.europesays.com\/fr\/wp-json\/wp\/v2\/users\/2"}],"replies":[{"embeddable":true,"href":"https:\/\/www.europesays.com\/fr\/wp-json\/wp\/v2\/comments?post=442435"}],"version-history":[{"count":0,"href":"https:\/\/www.europesays.com\/fr\/wp-json\/wp\/v2\/posts\/442435\/revisions"}],"wp:featuredmedia":[{"embeddable":true,"href":"https:\/\/www.europesays.com\/fr\/wp-json\/wp\/v2\/media\/400358"}],"wp:attachment":[{"href":"https:\/\/www.europesays.com\/fr\/wp-json\/wp\/v2\/media?parent=442435"}],"wp:term":[{"taxonomy":"category","embeddable":true,"href":"https:\/\/www.europesays.com\/fr\/wp-json\/wp\/v2\/categories?post=442435"},{"taxonomy":"post_tag","embeddable":true,"href":"https:\/\/www.europesays.com\/fr\/wp-json\/wp\/v2\/tags?post=442435"}],"curies":[{"name":"wp","href":"https:\/\/api.w.org\/{rel}","templated":true}]}}