{"id":442440,"date":"2025-10-06T08:14:13","date_gmt":"2025-10-06T08:14:13","guid":{"rendered":"https:\/\/www.europesays.com\/fr\/442440\/"},"modified":"2025-10-06T08:14:13","modified_gmt":"2025-10-06T08:14:13","slug":"un-carton-annonce-au-zenith-le-10-octobre-2","status":"publish","type":"post","link":"https:\/\/www.europesays.com\/fr\/442440\/","title":{"rendered":"un carton annonc\u00e9 au Z\u00e9nith le 10\u00a0octobre"},"content":{"rendered":"<p>Apr\u00e8s le g\u00e9ant \u201cAim\u00e9e tour\u201d, qui a r\u00e9uni plus de 600\u00a0000 fans \u00e0 travers une cinquantaine de concerts, Julien Dor\u00e9 remet le couvert avec une nouvelle tourn\u00e9e prometteuse. Un tout nouveau spectacle programm\u00e9 dans les plus grandes salles de France, de Belgique et de Suisse, et qui fait escale au Z\u00e9nith Europe de Strasbourg vendredi 10\u00a0octobre.<\/p>\n<p>L\u2019occasion pour celui qui s\u2019est fait conna\u00eetre dans la petite lucarne &#8211; \u201cLa Nouvelle Star\u201d sur M6 en 2007, avant d\u2019encha\u00eener les distinctions &#8211; de faire \u00e9cho \u00e0 son dernier opus Imposteur  sorti en 2024, tout en revisitant les titres phares de ses cinq pr\u00e9c\u00e9dents albums studio.<\/p>\n<p class=\"note\">Z\u00e9nith Europe, 1 all\u00e9e du Z\u00e9nith \u00e0 Eckbolsheim pr\u00e8s de Strasbourg, vendredi 10\u00a0octobre \u00e0 20\u00a0h. Tarifs\u00a0: \u00e0 partir de 37\u00a0\u20ac. Vu le succ\u00e8s annonc\u00e9, une seconde date est d\u2019ores et d\u00e9j\u00e0 mise en ligne le vendredi 3\u00a0avril 2026 \u00e0 20\u00a0h.<\/p>\n","protected":false},"excerpt":{"rendered":"Apr\u00e8s le g\u00e9ant \u201cAim\u00e9e tour\u201d, qui a r\u00e9uni plus de 600\u00a0000 fans \u00e0 travers une cinquantaine de concerts,&hellip;\n","protected":false},"author":2,"featured_media":442218,"comment_status":"","ping_status":"","sticky":false,"template":"","format":"standard","meta":{"footnotes":""},"categories":[2820],"tags":[1111,11,2389,1687,1777,674,107,1011,27,775,873,12,25,640],"class_list":{"0":"post-442440","1":"post","2":"type-post","3":"status-publish","4":"format-standard","5":"has-post-thumbnail","7":"category-strasbourg","8":"tag-actu","9":"tag-actualites","10":"tag-alsace","11":"tag-culture-loisirs","12":"tag-eu","13":"tag-europe","14":"tag-fil-info","15":"tag-fr","16":"tag-france","17":"tag-grand-est","18":"tag-musique","19":"tag-news","20":"tag-republique-francaise","21":"tag-strasbourg"},"share_on_mastodon":{"url":"https:\/\/pubeurope.com\/@fr\/115326226554243468","error":""},"_links":{"self":[{"href":"https:\/\/www.europesays.com\/fr\/wp-json\/wp\/v2\/posts\/442440","targetHints":{"allow":["GET"]}}],"collection":[{"href":"https:\/\/www.europesays.com\/fr\/wp-json\/wp\/v2\/posts"}],"about":[{"href":"https:\/\/www.europesays.com\/fr\/wp-json\/wp\/v2\/types\/post"}],"author":[{"embeddable":true,"href":"https:\/\/www.europesays.com\/fr\/wp-json\/wp\/v2\/users\/2"}],"replies":[{"embeddable":true,"href":"https:\/\/www.europesays.com\/fr\/wp-json\/wp\/v2\/comments?post=442440"}],"version-history":[{"count":0,"href":"https:\/\/www.europesays.com\/fr\/wp-json\/wp\/v2\/posts\/442440\/revisions"}],"wp:featuredmedia":[{"embeddable":true,"href":"https:\/\/www.europesays.com\/fr\/wp-json\/wp\/v2\/media\/442218"}],"wp:attachment":[{"href":"https:\/\/www.europesays.com\/fr\/wp-json\/wp\/v2\/media?parent=442440"}],"wp:term":[{"taxonomy":"category","embeddable":true,"href":"https:\/\/www.europesays.com\/fr\/wp-json\/wp\/v2\/categories?post=442440"},{"taxonomy":"post_tag","embeddable":true,"href":"https:\/\/www.europesays.com\/fr\/wp-json\/wp\/v2\/tags?post=442440"}],"curies":[{"name":"wp","href":"https:\/\/api.w.org\/{rel}","templated":true}]}}