{"id":442441,"date":"2025-10-06T08:15:13","date_gmt":"2025-10-06T08:15:13","guid":{"rendered":"https:\/\/www.europesays.com\/fr\/442441\/"},"modified":"2025-10-06T08:15:13","modified_gmt":"2025-10-06T08:15:13","slug":"strasbourg-un-camion-poubelle-prend-feu-a-la-krutenau","status":"publish","type":"post","link":"https:\/\/www.europesays.com\/fr\/442441\/","title":{"rendered":"Strasbourg . Un camion poubelle prend feu \u00e0 la Krutenau"},"content":{"rendered":"<p>La benne d&rsquo;un camion transportant des d\u00e9chets recyclables s&rsquo;est embras\u00e9e ce lundi 6 octobre peu avant 8h30 rue Pierre-Montet dans le quartier de la Krutenau \u00e0 Strasbourg. Les deux agents de l&rsquo;Eurom\u00e9tropole, le conducteur et son passager, qui se trouvaient \u00e0 bord, ont eu le temps de descendre du v\u00e9hicule et de\u00a0pr\u00e9venir les secours. Un important panache de fum\u00e9e noire \u00e9tait visible dans le centre-ville.<\/p>\n<p>Aucun bless\u00e9<\/p>\n<p>Le feu s\u2019est propag\u00e9 \u00e0 une voiture stationn\u00e9e sur un parking. Six sapeurs-pompiers ont \u00e9t\u00e9 engag\u00e9s sur cette intervention. Ils ont mis en place une lance \u00e0 incendie et ont ouvert le haut du camion au moyen d\u2019une disqueuse afin d\u2019y introduire de la mousse. Aucun bless\u00e9 n\u2019est \u00e0 d\u00e9plorer.\u00a0<\/p>\n","protected":false},"excerpt":{"rendered":"La benne d&rsquo;un camion transportant des d\u00e9chets recyclables s&rsquo;est embras\u00e9e ce lundi 6 octobre peu avant 8h30 rue&hellip;\n","protected":false},"author":2,"featured_media":442442,"comment_status":"","ping_status":"","sticky":false,"template":"","format":"standard","meta":{"footnotes":""},"categories":[2820],"tags":[1111,11,2389,2649,1777,674,274,107,1011,27,775,12,25,640],"class_list":{"0":"post-442441","1":"post","2":"type-post","3":"status-publish","4":"format-standard","5":"has-post-thumbnail","7":"category-strasbourg","8":"tag-actu","9":"tag-actualites","10":"tag-alsace","11":"tag-bas-rhin","12":"tag-eu","13":"tag-europe","14":"tag-faits-divers-justice","15":"tag-fil-info","16":"tag-fr","17":"tag-france","18":"tag-grand-est","19":"tag-news","20":"tag-republique-francaise","21":"tag-strasbourg"},"share_on_mastodon":{"url":"https:\/\/pubeurope.com\/@fr\/115326230539886571","error":""},"_links":{"self":[{"href":"https:\/\/www.europesays.com\/fr\/wp-json\/wp\/v2\/posts\/442441","targetHints":{"allow":["GET"]}}],"collection":[{"href":"https:\/\/www.europesays.com\/fr\/wp-json\/wp\/v2\/posts"}],"about":[{"href":"https:\/\/www.europesays.com\/fr\/wp-json\/wp\/v2\/types\/post"}],"author":[{"embeddable":true,"href":"https:\/\/www.europesays.com\/fr\/wp-json\/wp\/v2\/users\/2"}],"replies":[{"embeddable":true,"href":"https:\/\/www.europesays.com\/fr\/wp-json\/wp\/v2\/comments?post=442441"}],"version-history":[{"count":0,"href":"https:\/\/www.europesays.com\/fr\/wp-json\/wp\/v2\/posts\/442441\/revisions"}],"wp:featuredmedia":[{"embeddable":true,"href":"https:\/\/www.europesays.com\/fr\/wp-json\/wp\/v2\/media\/442442"}],"wp:attachment":[{"href":"https:\/\/www.europesays.com\/fr\/wp-json\/wp\/v2\/media?parent=442441"}],"wp:term":[{"taxonomy":"category","embeddable":true,"href":"https:\/\/www.europesays.com\/fr\/wp-json\/wp\/v2\/categories?post=442441"},{"taxonomy":"post_tag","embeddable":true,"href":"https:\/\/www.europesays.com\/fr\/wp-json\/wp\/v2\/tags?post=442441"}],"curies":[{"name":"wp","href":"https:\/\/api.w.org\/{rel}","templated":true}]}}