{"id":442445,"date":"2025-10-06T08:17:19","date_gmt":"2025-10-06T08:17:19","guid":{"rendered":"https:\/\/www.europesays.com\/fr\/442445\/"},"modified":"2025-10-06T08:17:19","modified_gmt":"2025-10-06T08:17:19","slug":"a-nice-plusieurs-candidatures-ecologistes-dont-celle-de-jean-marc-governatori-mettent-a-mal-lunion-de-la-gauche","status":"publish","type":"post","link":"https:\/\/www.europesays.com\/fr\/442445\/","title":{"rendered":"\u00e0 Nice, plusieurs candidatures \u00e9cologistes, dont celle de Jean-Marc Governatori, mettent \u00e0 mal l\u2019union de la gauche"},"content":{"rendered":"<p>La candidate \u00e9cologiste d\u2019union de la gauche, Juliette Chesnel-Le Roux, voit trois autres de ses anciens camarades, dont Jean-Marc Governatori, se lancer chacun de leur c\u00f4t\u00e9, fragilisant une potentielle alternative au duel Estrosi-Ciotti.<\/p>\n<p class=\"fig-paragraph\">C\u2019est une famille d\u00e9chir\u00e9e et qui se tourne le dos. Tous \u00e9lus ensemble en 2020 derri\u00e8re\u00a0<a href=\"https:\/\/www.lefigaro.fr\/politique\/jean-marc-governatori-sandrine-rousseau-est-devenue-un-drame-pour-l-ecologie-politique-20230810\" data-fig-type=\"Article\" data-gtm-custom-categorie=\"navigation\" data-gtm-custom-action=\"crossclick\" data-gtm-custom-label=\"Contextuel\" data-gtm-event=\"customEventSPE\" data-fig-domain=\"LEFIGARO\" rel=\"nofollow noopener\" target=\"_blank\">Jean-Marc Governatori<\/a>, les \u00e9cologistes de Nice (Alpes-Maritimes) font d\u00e9sormais bande \u00e0 part. Ils n\u2019\u00e9taient pourtant que six&#8230;<\/p>\n<p class=\"fig-paragraph\">Juliette Chesnel-Le Roux, rest\u00e9e fid\u00e8le au parti des \u00c9cologistes (ex-EELV), a \u00e9t\u00e9 d\u00e9sign\u00e9e le 5 septembre dernier\u00a0<a href=\"http:\/\/www.lefigaro.fr\/nice\/municipales-2026-a-nice-face-a-estrosi-et-ciotti-une-candidate-ecologiste-d-union-de-la-gauche-mais-sans-lfi-20250905\" data-fig-type=\"NewsFlash\" data-gtm-custom-categorie=\"navigation\" data-gtm-custom-action=\"crossclick\" data-gtm-custom-label=\"Contextuel\" data-gtm-event=\"customEventSPE\" data-fig-domain=\"LEFIGARO\" rel=\"nofollow noopener\" target=\"_blank\">t\u00eate de liste<\/a>\u00a0de la candidature d\u2019union avec les socialistes et les communistes pour les prochaines municipales \u00e0 Nice. Elle si\u00e8ge toujours au conseil municipal avec Jean-Christophe Picard et Fabrice Decoupigny, deux autres \u00e9lus rest\u00e9s officiellement dans la maison verte.<\/p>\n<p>                                    <a class=\"fig-a11y-skip a11y-hidden\" href=\"#fig-a11y-skip-main-inarticle\"><br \/>\n        Passer la publicit\u00e9<br \/>\n    <\/a><\/p>\n<p class=\"fig-paragraph\">Mais ce trio est d\u00e9sormais bien loin de Jean-Marc Governatori, qui s\u2019\u00e9tait qualifi\u00e9 au second tour (19,30%) aux derni\u00e8res \u00e9lections. Un score qui avait donc permis les \u00e9lections de Juliette Chesnel-Le Roux et de ses comp\u00e8res au conseil municipal de Nice.<\/p>\n<p class=\"fig-paragraph\">Mais le torchon a depuis br\u00fbl\u00e9 et l\u2019indiff\u00e9rence r\u00e8gne d\u00e9sormais de chaque c\u00f4t\u00e9. Il n\u2019emp\u00eache, Jean-Marc Governatori (66 ans), candidat \u00e0 quasi toutes les \u00e9lections, dont la pr\u00e9sidentielle en 2012, a indiqu\u00e9 qu\u2019il se pr\u00e9senterait bel et bien aux municipales \u00e0 Nice, en mars, fid\u00e8le \u00e0 sa ligne d\u2019une \u00e9cologie au centre. Il avait quitt\u00e9 le groupe en septembre 2022. \u00abJe suis centriste et dans le monde r\u00e9el\u00bb, mart\u00e8le \u00abJMG\u00bb au Figaro. \u00abMadame Chesnel s\u2019est dissoute dans la gauche. Quand vous m\u00e9langez le vert, le rose et le rouge, \u00e7a donne du marron. C\u2019est la raison pour laquelle je ne suis pas avec eux\u00bb, se justifie-t-il, comparant leur liste \u00e0 \u00abun canular, car ils se retireront\u00bb.<\/p>\n<p>\u00abMon \u00e9lectorat peut d\u00e9cider qui gagnera\u00bb<\/p>\n<p class=\"fig-paragraph\">Pour la capitale azur\u00e9enne, le Ni\u00e7ois Jean-Marc Governatori veut ainsi d\u00e9fendre \u00abune communaut\u00e9 de 50 villages\u00bb, une mani\u00e8re selon lui de pr\u00f4ner \u00able coop\u00e9ratif\u00bb, notamment pour des jardins et des \u00abpotagers urbains\u00bb, dont il essaye de parler \u00e0 presque tous les conseils municipaux. Contrairement \u00e0 ses ex-camarades, il se dit encore\u00a0<a href=\"http:\/\/www.lefigaro.fr\/sports\/jo-2030-le-cio-a-signe-le-contrat-officialisant-l-accueil-des-jeux-d-hiver-par-les-alpes-francaises-20250409\" data-fig-type=\"NewsFlash\" data-gtm-custom-categorie=\"navigation\" data-gtm-custom-action=\"crossclick\" data-gtm-custom-label=\"Contextuel\" data-gtm-event=\"customEventSPE\" data-fig-domain=\"LEFIGARO\" rel=\"nofollow noopener\" target=\"_blank\">pro-JO d\u2019hiver dans les Alpes du Sud<\/a>, contre la ligne \u00e0 grande vitesse et contre les voitures \u00e9lectriques.<\/p>\n<p class=\"fig-paragraph\">Sa liste sera aussi animaliste, indique l\u2019\u00e9lu qui, pour autant, veut faire preuve de lucidit\u00e9\u00a0: \u00abChristian Estrosi et \u00c9ric Ciotti sont imbattables\u00bb, lance-t-il. \u00abEn revanche, mon \u00e9lectorat peut d\u00e9cider qui gagnera. C\u2019est une force programmatique et je donnerai une consigne de vote\u00bb. Et celle-ci pourrait quand m\u00eame \u00eatre en faveur de Juliette Chesnel-Le Roux.<\/p>\n<p class=\"fig-body-link\">\n            \u00c0 lire aussi<br \/>\n        <a class=\"fig-body-link__link\" href=\"http:\/\/www.lefigaro.fr\/nice\/a-nice-l-ecologiste-marine-tondelier-prone-l-union-de-la-gauche-pour-brouiller-le-match-estrosi-ciotti-20241029\" data-fig-type=\"NewsFlash\" data-gtm-custom-categorie=\"navigation\" data-gtm-custom-action=\"crossclick\" data-gtm-custom-label=\"Contextuel\" data-gtm-event=\"customEventSPE\" data-fig-domain=\"LEFIGARO\" rel=\"nofollow noopener\" target=\"_blank\">\u00c0 Nice, l\u2019\u00e9cologiste Marine Tondelier pr\u00f4ne l\u2019union de la gauche pour brouiller le match Estrosi-Ciotti<br \/>\n    <\/a>\n<\/p>\n<p class=\"fig-paragraph\">Cette derni\u00e8re, qui veut incarner une candidature d\u2019union, de rupture et donc une troisi\u00e8me voie face au duel fratricide Estrosi-Ciotti, pourrait bien \u00eatre affaiblie par ces candidatures dissidentes. Outre Jean-Marc Governatori, dont la petite notori\u00e9t\u00e9 pourrait bien le faire d\u00e9passer les 5%, H\u00e9l\u00e8ne Granouillac et Sylvie Bonaldi, deux autres ex-\u00e9lues EELV, ont annonc\u00e9 vouloir aussi se lancer, m\u00eame si le doute est permis sur le fait qu\u2019elle parvienne \u00e0 former une liste avec 69 noms. H\u00e9l\u00e8ne Granouillac, pr\u00e9sidente d\u2019une association de protection de l\u2019environnement, reconna\u00eet bien des distensions \u00e0 fois \u00abpersonnelles et id\u00e9ologiques\u00bb avec ses anciens camarades et veut cr\u00e9er \u00abune autre dynamique citoyenne sur une ligne sociale \u00e9cologique\u00bb, explique celle qui a quitt\u00e9 le groupe \u00e9colo durant l\u2019\u00e9t\u00e9 2024.<\/p>\n<p>                                    <a class=\"fig-a11y-skip a11y-hidden\" href=\"#fig-a11y-skip-main-inarticle_mtf\"><br \/>\n        Passer la publicit\u00e9<br \/>\n    <\/a><\/p>\n<p>Regret de \u00abperdre des voix\u00bb<\/p>\n<p class=\"fig-paragraph\">D\u2019un groupe de six \u00e9lus en 2020, il pourrait donc y avoir quatre candidatures distinctes en 2026. Sans compter celle de La France insoumise, pour l\u2019instant hors de l\u2019union men\u00e9e par Juliette Chesnel-Le Roux,\u00a0<a href=\"http:\/\/www.lefigaro.fr\/elections\/municipales\/municipales-2026-a-nice-le-trouble-jeu-de-lfi-qui-designe-deux-chefs-de-file-20250707\" data-fig-type=\"NewsFlash\" data-gtm-custom-categorie=\"navigation\" data-gtm-custom-action=\"crossclick\" data-gtm-custom-label=\"Contextuel\" data-gtm-event=\"customEventSPE\" data-fig-domain=\"LEFIGARO\" rel=\"nofollow noopener\" target=\"_blank\">qui pourrait d\u00e9cider de former une liste<\/a>. Nice, terre historiquement de droite, a pourtant vu la gauche (rang\u00e9e derri\u00e8re la Nupes) terminer deuxi\u00e8me dans les trois circonscriptions ni\u00e7oises lors des l\u00e9gislatives anticip\u00e9es de juin 2024, devant les candidats proches\u00a0<a href=\"http:\/\/www.lefigaro.fr\/nice\/nice-christian-estrosi-veut-donner-le-nom-de-nicolas-sarkozy-au-parvis-du-futur-hotel-des-polices-20250929\" data-fig-type=\"NewsFlash\" data-gtm-custom-categorie=\"navigation\" data-gtm-custom-action=\"crossclick\" data-gtm-custom-label=\"Contextuel\" data-gtm-event=\"customEventSPE\" data-fig-domain=\"LEFIGARO\" rel=\"nofollow noopener\" target=\"_blank\">du maire Christian Estrosi<\/a>.<\/p>\n<p class=\"fig-paragraph\">\u00abC\u2019est la d\u00e9mocratie, chacun est libre de se pr\u00e9senter. Mais les \u00e9lecteurs auront envie de donner leurs voix \u00e0 ceux qui font avancer l\u2019\u00e9cologie et pas \u00e0 ceux qui se contentent d\u2019en parler\u00bb, commente Juliette Chesnel-Le Roux aupr\u00e8s du Figaro. L\u2019\u00e9lue, d\u00e9j\u00e0 en campagne avec ses partenaires du PS et du PC, le reconna\u00eet\u00a0: \u00abCela peut nous faire perdre des voix, je le regrette\u00bb, souffle-t-elle. \u00abL\u2019objectif est de se respecter et que les voix se reportent au second tour. Cela nous donne une r\u00e9serve\u00a0!\u00bb, veut-elle rester optimiste.<\/p>\n","protected":false},"excerpt":{"rendered":"La candidate \u00e9cologiste d\u2019union de la gauche, Juliette Chesnel-Le Roux, voit trois autres de ses anciens camarades, dont&hellip;\n","protected":false},"author":2,"featured_media":442446,"comment_status":"","ping_status":"","sticky":false,"template":"","format":"standard","meta":{"footnotes":""},"categories":[2819],"tags":[1111,11,2339,1777,674,1011,27,12,2401,882,25],"class_list":{"0":"post-442445","1":"post","2":"type-post","3":"status-publish","4":"format-standard","5":"has-post-thumbnail","7":"category-nice","8":"tag-actu","9":"tag-actualites","10":"tag-ecologistes","11":"tag-eu","12":"tag-europe","13":"tag-fr","14":"tag-france","15":"tag-news","16":"tag-nice","17":"tag-provence-alpes-cote-dazur","18":"tag-republique-francaise"},"share_on_mastodon":{"url":"https:\/\/pubeurope.com\/@fr\/115326238322294917","error":""},"_links":{"self":[{"href":"https:\/\/www.europesays.com\/fr\/wp-json\/wp\/v2\/posts\/442445","targetHints":{"allow":["GET"]}}],"collection":[{"href":"https:\/\/www.europesays.com\/fr\/wp-json\/wp\/v2\/posts"}],"about":[{"href":"https:\/\/www.europesays.com\/fr\/wp-json\/wp\/v2\/types\/post"}],"author":[{"embeddable":true,"href":"https:\/\/www.europesays.com\/fr\/wp-json\/wp\/v2\/users\/2"}],"replies":[{"embeddable":true,"href":"https:\/\/www.europesays.com\/fr\/wp-json\/wp\/v2\/comments?post=442445"}],"version-history":[{"count":0,"href":"https:\/\/www.europesays.com\/fr\/wp-json\/wp\/v2\/posts\/442445\/revisions"}],"wp:featuredmedia":[{"embeddable":true,"href":"https:\/\/www.europesays.com\/fr\/wp-json\/wp\/v2\/media\/442446"}],"wp:attachment":[{"href":"https:\/\/www.europesays.com\/fr\/wp-json\/wp\/v2\/media?parent=442445"}],"wp:term":[{"taxonomy":"category","embeddable":true,"href":"https:\/\/www.europesays.com\/fr\/wp-json\/wp\/v2\/categories?post=442445"},{"taxonomy":"post_tag","embeddable":true,"href":"https:\/\/www.europesays.com\/fr\/wp-json\/wp\/v2\/tags?post=442445"}],"curies":[{"name":"wp","href":"https:\/\/api.w.org\/{rel}","templated":true}]}}