{"id":442449,"date":"2025-10-06T08:19:14","date_gmt":"2025-10-06T08:19:14","guid":{"rendered":"https:\/\/www.europesays.com\/fr\/442449\/"},"modified":"2025-10-06T08:19:14","modified_gmt":"2025-10-06T08:19:14","slug":"une-voiture-immergee-au-niveau-des-bacs-de-loire-les-pompiers-interviennent","status":"publish","type":"post","link":"https:\/\/www.europesays.com\/fr\/442449\/","title":{"rendered":"une voiture immerg\u00e9e au niveau des bacs de Loire, les pompiers interviennent"},"content":{"rendered":"<p>            Par<br \/>\n        <strong><br \/>\n            <a href=\"https:\/\/actu.fr\/auteur\/thomas-bernard\" title=\"Consulter tous les articles de Thomas Bernard\" rel=\"nofollow noopener\" target=\"_blank\">Thomas Bernard<\/a><br \/>\n        <\/strong><\/p>\n<p>        Publi\u00e9 le<\/p>\n<p>            6 oct. 2025 \u00e0 9h39        <\/p>\n<p>Ce<strong> lundi 6\u00a0octobre 2025<\/strong>, la navigation du bac est temporairement<strong> coup\u00e9e entre Indre et Indret<\/strong> (Loire-Atlantique). Comme rapport\u00e9 par le centre op\u00e9rationnel d\u00e9partemental d\u2019incendie et de secours (Codis), un \u00ab\u2009v\u00e9hicule de tourisme\u2009\u00bb est immerg\u00e9 dans la Loire au niveau de la cale <strong>du bac de Basse-Indre.<\/strong><\/p>\n<p>    <a href=\"https:\/\/www.google.com\/maps\/embed?pb=!1m18!1m12!1m3!1d103211.64362912235!2d-1.7679326134653697!3d47.17358113435793!2m3!1f0!2f0!3f0!3m2!1i1024!2i768!4f13.1!3m3!1m2!1s0x4805949cbcb8ec51%3A0xa0ffe2245f05f572!2sAll.%20du%20Mastro%2C%2044610%20Indre!5e0!3m2!1sfr!2sfr!4v1759735340065!5m2!1sfr!2sfr\" title=\"Ouvrie le lien\" rel=\"nofollow noopener\" target=\"_blank\">Cliquez ici pour visualiser le contenu<\/a><\/p>\n<p>Des investigations subaquatiques en cours<\/p>\n<p class=\" wall-content\">Depuis 5h15, les <strong>pompiers interviennent<\/strong> sur place. \u00ab\u2009Les investigations subaquatiques sont en cours pour lever le doute sur la pr\u00e9sence de victime \u00e0 bord du v\u00e9hicule\u2009\u00bb, pr\u00e9cise le Codis.<\/p>\n<p class=\" wall-content\">Personnalisez votre actualit\u00e9 en ajoutant vos villes et m\u00e9dias en favori avec <a href=\"https:\/\/moncompte.actu.fr\" title=\"D\u00e9couvez Mon Actu\" rel=\"nofollow noopener\" data-trk=\"{&quot;cta&quot;:{&quot;action&quot;:&quot;https:\\\/\\\/moncompte.actu.fr&quot;,&quot;category&quot;:&quot;mon compte&quot;,&quot;from&quot;:&quot;article footer&quot;,&quot;name&quot;:&quot;Mon actu&quot;,&quot;type&quot;:&quot;cta&quot;}}\" target=\"_blank\">Mon Actu<\/a>.<\/p>\n","protected":false},"excerpt":{"rendered":"Par Thomas Bernard Publi\u00e9 le 6 oct. 2025 \u00e0 9h39 Ce lundi 6\u00a0octobre 2025, la navigation du bac&hellip;\n","protected":false},"author":2,"featured_media":442450,"comment_status":"","ping_status":"","sticky":false,"template":"","format":"standard","meta":{"footnotes":""},"categories":[2818],"tags":[1111,11,3542,1777,674,118,1011,27,766,12,2636,1311,25],"class_list":{"0":"post-442449","1":"post","2":"type-post","3":"status-publish","4":"format-standard","5":"has-post-thumbnail","7":"category-nantes","8":"tag-actu","9":"tag-actualites","10":"tag-circulation","11":"tag-eu","12":"tag-europe","13":"tag-faits-divers","14":"tag-fr","15":"tag-france","16":"tag-nantes","17":"tag-news","18":"tag-pays-de-la-loire","19":"tag-pompiers","20":"tag-republique-francaise"},"share_on_mastodon":{"url":"https:\/\/pubeurope.com\/@fr\/115326246308129692","error":""},"_links":{"self":[{"href":"https:\/\/www.europesays.com\/fr\/wp-json\/wp\/v2\/posts\/442449","targetHints":{"allow":["GET"]}}],"collection":[{"href":"https:\/\/www.europesays.com\/fr\/wp-json\/wp\/v2\/posts"}],"about":[{"href":"https:\/\/www.europesays.com\/fr\/wp-json\/wp\/v2\/types\/post"}],"author":[{"embeddable":true,"href":"https:\/\/www.europesays.com\/fr\/wp-json\/wp\/v2\/users\/2"}],"replies":[{"embeddable":true,"href":"https:\/\/www.europesays.com\/fr\/wp-json\/wp\/v2\/comments?post=442449"}],"version-history":[{"count":0,"href":"https:\/\/www.europesays.com\/fr\/wp-json\/wp\/v2\/posts\/442449\/revisions"}],"wp:featuredmedia":[{"embeddable":true,"href":"https:\/\/www.europesays.com\/fr\/wp-json\/wp\/v2\/media\/442450"}],"wp:attachment":[{"href":"https:\/\/www.europesays.com\/fr\/wp-json\/wp\/v2\/media?parent=442449"}],"wp:term":[{"taxonomy":"category","embeddable":true,"href":"https:\/\/www.europesays.com\/fr\/wp-json\/wp\/v2\/categories?post=442449"},{"taxonomy":"post_tag","embeddable":true,"href":"https:\/\/www.europesays.com\/fr\/wp-json\/wp\/v2\/tags?post=442449"}],"curies":[{"name":"wp","href":"https:\/\/api.w.org\/{rel}","templated":true}]}}