{"id":442455,"date":"2025-10-06T08:22:14","date_gmt":"2025-10-06T08:22:14","guid":{"rendered":"https:\/\/www.europesays.com\/fr\/442455\/"},"modified":"2025-10-06T08:22:14","modified_gmt":"2025-10-06T08:22:14","slug":"lgv-toulouse-bordeaux-les-habitants-toujours-plus-nombreux-a-soutenir-le-projet","status":"publish","type":"post","link":"https:\/\/www.europesays.com\/fr\/442455\/","title":{"rendered":"LGV Toulouse &#8211; Bordeaux : les habitants toujours plus nombreux \u00e0 soutenir le projet"},"content":{"rendered":"<p><strong>De nouveaux r\u00e9sultats encourageants. D\u2019apr\u00e8s une nouvelle enqu\u00eate de l\u2019institut Odoxa sur la Ligne \u00e0 Grande Vitesse, 87% des habitants du Sud-Ouest soutiennent le projet. Un chiffre en augmentation par rapport \u00e0 2024.  <\/strong><\/p>\n<p><img fetchpriority=\"high\" decoding=\"async\" width=\"1200\" height=\"800\" src=\"https:\/\/www.europesays.com\/fr\/wp-content\/uploads\/2025\/10\/Depositphotos_548831676_XL.jpg\" alt=\"LGV Toulouse - Bordeaux : les habitants toujours plus nombreux \u00e0 soutenir le projet\"  \/><\/p>\n<p>LGV Toulouse \u2013 Bordeaux : les habitants toujours plus nombreux \u00e0 soutenir le projet \u00a9 godongphoto \/ Depositphotos<\/p>\n<p><strong>87% des habitants d\u2019Occitanie et de Nouvelle-Aquitaine favorables \u00e0 la Ligne Nouvelle du Sud-Ouest (LNSO)<\/strong>, <a href=\"https:\/\/www.lejournaltoulousain.fr\/occitanie\/haute-garonne\/toulouse\/projet-lgv-toulouse-bordeaux-nouveau-plebiscite-266638\/\" data-type=\"link\" data-id=\"https:\/\/www.lejournaltoulousain.fr\/occitanie\/haute-garonne\/toulouse\/projet-lgv-toulouse-bordeaux-nouveau-plebiscite-266638\/\" rel=\"nofollow noopener\" target=\"_blank\">soit 1 point de plus qu\u2019en 2024<\/a>. SNCF R\u00e9seau, en partenariat avec la soci\u00e9t\u00e9 du Grand Projet du Sud-Ouest (GPSO) et le pr\u00e9fet de la r\u00e9gion Occitanie, a command\u00e9 une nouvelle enqu\u00eate \u00e0 l\u2019institut Odoxa pour r\u00e9colter l\u2019opinion de la population sur la LNSO. Dans le d\u00e9tail, <strong>90% des usagers interrog\u00e9s de l\u2019ex-r\u00e9gion Midi-Pyr\u00e9n\u00e9es et 84% de l\u2019ex-r\u00e9gion Aquitaine<\/strong> se sont prononc\u00e9s <strong>pour<\/strong> ce projet. <\/p>\n<p>\u00ab <strong>Plus de 8 habitants sur 10 se d\u00e9clarent convaincus<\/strong> des b\u00e9n\u00e9fices en termes de <strong>mobilit\u00e9, de dynamisme \u00e9conomique et de meilleure desserte<\/strong> des territoires que ce soit entre Toulouse et Bordeaux, ou entre l\u2019Espagne et la France \u00bb, est-il expliqu\u00e9 dans un communiqu\u00e9 de presse des acteurs de ce projet, diffus\u00e9 le 3 octobre 2025. <\/p>\n<p>La LGV continue de convaincre les habitants<\/p>\n<p>Ce <a href=\"https:\/\/www.odoxa.fr\/sondage\/les-habitants-du-sud-ouest-et-les-francais-soutiennent-toujours-aussi-massivement-87-la-ligne-nouvelle-du-sud-ouest\/\" data-type=\"link\" data-id=\"https:\/\/www.odoxa.fr\/sondage\/les-habitants-du-sud-ouest-et-les-francais-soutiennent-toujours-aussi-massivement-87-la-ligne-nouvelle-du-sud-ouest\/\" target=\"_blank\" rel=\"noopener nofollow\">nouveau sondage<\/a> renforce, une fois de plus, les r\u00e9sultats d\u2019un pr\u00e9c\u00e9dent sondage qui montrait que\u00a0<a href=\"https:\/\/www.lejournaltoulousain.fr\/occitanie\/actualites-occitanie\/lgv-toulouse-bordeaux-une-etude-revele-un-soutien-important-256736\/\" rel=\"nofollow noopener\" target=\"_blank\">pr\u00e8s de 80% des Fran\u00e7ais<\/a>\u00a0\u00e9taient favorables \u00e0 ce projet. <strong>70%<\/strong> estiment que cette nouvelle ligne aura un<strong> impact positif sur leur vie quotidienne<\/strong>, <strong>78%<\/strong> pensent qu\u2019ils <strong>voyageront davantage en train dans le Sud-Ouest, en France mais aussi vers l\u2019Espagne<\/strong>. <\/p>\n<p>Globalement, les personnes interrog\u00e9es consid\u00e8rent que la LNSO aura un <strong>impact \u00e9conomique majeur et positif sur l\u2019environnement<\/strong>, en plus de faire <strong>gagner du temps sur les trajets quotidiens<\/strong> des usagers :<\/p>\n<ul class=\"wp-block-list\">\n<li>76% pensent qu\u2019elle permettra de limiter les trajets en voiture<\/li>\n<li>82% pensent que les voyages en train seront favoris\u00e9s \u00e0 la place de l\u2019avion<\/li>\n<li>66% estiment qu\u2019elle contribuera \u00e0 \u00e9viter les flux de camions sur les routes<\/li>\n<li>85% des usagers pensent que cette nouvelle ligne leur fera gagner du temps sur leurs trajets quotidiens <\/li>\n<li>86% sont persuad\u00e9s qu\u2019elle rapprochera les villes du Sud-Ouest du reste du pays et de l\u2019Espagne<\/li>\n<li>84% des interrog\u00e9s sont convaincus que la LNSO favorisera les \u00e9changes entre la France et l\u2019Espagne<\/li>\n<li>77% pensent qu\u2019elle attirera les entreprises en Occitanie et Nouvelle-Aquitaine<\/li>\n<\/ul>\n<p>\u201cUn projet vital \u201d pour Carole Delga <\/p>\n<p>Les r\u00e9sultats de cette \u00e9tude sont<strong> de nouveau encourageants pour la pr\u00e9sidente de la R\u00e9gion Occitanie Carole Delga<\/strong> : \u00ab c\u2019est encore une confirmation de ce que j\u2019entends, chaque jour, sur le terrain, sur les march\u00e9s, dans les gares, dans les entreprises. Contrairement \u00e0 ce que quelques-uns essaient de faire croire, la population, elle, sait parfaitement que <strong>ce projet est vital pour leur avenir et celui de nos deux r\u00e9gions<\/strong> \u00bb.<\/p>\n","protected":false},"excerpt":{"rendered":"De nouveaux r\u00e9sultats encourageants. D\u2019apr\u00e8s une nouvelle enqu\u00eate de l\u2019institut Odoxa sur la Ligne \u00e0 Grande Vitesse, 87%&hellip;\n","protected":false},"author":2,"featured_media":442456,"comment_status":"","ping_status":"","sticky":false,"template":"","format":"standard","meta":{"footnotes":""},"categories":[2816],"tags":[1111,11,1777,674,1011,27,56881,12,2680,25,2312],"class_list":{"0":"post-442455","1":"post","2":"type-post","3":"status-publish","4":"format-standard","5":"has-post-thumbnail","7":"category-toulouse","8":"tag-actu","9":"tag-actualites","10":"tag-eu","11":"tag-europe","12":"tag-fr","13":"tag-france","14":"tag-lgv-toulouse-bordeaux-les-habitants-toujours-plus-nombreux-u00e0-soutenir-le-projet","15":"tag-news","16":"tag-occitanie","17":"tag-republique-francaise","18":"tag-toulouse"},"share_on_mastodon":{"url":"https:\/\/pubeurope.com\/@fr\/115326258581444633","error":""},"_links":{"self":[{"href":"https:\/\/www.europesays.com\/fr\/wp-json\/wp\/v2\/posts\/442455","targetHints":{"allow":["GET"]}}],"collection":[{"href":"https:\/\/www.europesays.com\/fr\/wp-json\/wp\/v2\/posts"}],"about":[{"href":"https:\/\/www.europesays.com\/fr\/wp-json\/wp\/v2\/types\/post"}],"author":[{"embeddable":true,"href":"https:\/\/www.europesays.com\/fr\/wp-json\/wp\/v2\/users\/2"}],"replies":[{"embeddable":true,"href":"https:\/\/www.europesays.com\/fr\/wp-json\/wp\/v2\/comments?post=442455"}],"version-history":[{"count":0,"href":"https:\/\/www.europesays.com\/fr\/wp-json\/wp\/v2\/posts\/442455\/revisions"}],"wp:featuredmedia":[{"embeddable":true,"href":"https:\/\/www.europesays.com\/fr\/wp-json\/wp\/v2\/media\/442456"}],"wp:attachment":[{"href":"https:\/\/www.europesays.com\/fr\/wp-json\/wp\/v2\/media?parent=442455"}],"wp:term":[{"taxonomy":"category","embeddable":true,"href":"https:\/\/www.europesays.com\/fr\/wp-json\/wp\/v2\/categories?post=442455"},{"taxonomy":"post_tag","embeddable":true,"href":"https:\/\/www.europesays.com\/fr\/wp-json\/wp\/v2\/tags?post=442455"}],"curies":[{"name":"wp","href":"https:\/\/api.w.org\/{rel}","templated":true}]}}