{"id":442464,"date":"2025-10-06T08:27:12","date_gmt":"2025-10-06T08:27:12","guid":{"rendered":"https:\/\/www.europesays.com\/fr\/442464\/"},"modified":"2025-10-06T08:27:12","modified_gmt":"2025-10-06T08:27:12","slug":"la-rose-par-celles-et-ceux-qui-y-vivent-et-y-travaillent","status":"publish","type":"post","link":"https:\/\/www.europesays.com\/fr\/442464\/","title":{"rendered":"la Rose par celles et ceux qui y vivent et y travaillent"},"content":{"rendered":"<p>Ben Andjili et Mohamed-Amine Bourouis&#13;<br \/>\n20 ans et 21 ans, membre et vice-pr\u00e9sident du collectif I have a dream&#13;\n<\/p>\n<p>Mohamed-Amine vit aux Tilleuls, \u00e0 <a href=\"https:\/\/www.laprovence.com\/article\/region\/1409969735957114\/marseille-a-malpasse-lavenir-de-laveran-est-lune-des-grandes-preoccupations-des-habitants\" target=\"_blank\" rel=\"noopener\">Malpass\u00e9<\/a>, mais \u00ab\u00a0passe toutes (ses) journ\u00e9es \u00e0 la Rose\u00a0\u00bb, depuis que sa m\u00e8re l&rsquo;a inscrit au centre social de la Garde quand il avait 6 ans. D\u00e8s qu&rsquo;il atteint l&rsquo;\u00e2ge requis, il est \u00e0 son tour devenu animateur avant d&rsquo;int\u00e9grer le collectif I have a dream, cr\u00e9\u00e9 en 2018 par \u00ab\u00a0un ensemble de jeunes qui veulent faire des projets pour faire vivre les habitants de la Rose\u00a0\u00bb. Venu de Kalliste (15e), Ben a d\u00e9barqu\u00e9 \u00e0 Val-Plan en CM1 : \u00ab\u00a0C&rsquo;\u00e9tait tr\u00e8s calme, et je me suis tout de suite fait des amis, je suis tr\u00e8s heureux de vivre tout ce que je vis depuis ici.\u00a0\u00bb Durant la crise sanitaire, il d\u00e9couvre le centre social, alors qu&rsquo;il s&rsquo;y rend pour r\u00e9viser son bac de fran\u00e7ais. Depuis, il est devenu animateur et \u00e9ducateur \u00ab\u00a0sport dans la ville\u00a0\u00bb \u00e0 Val-Plan, tr\u00e8s impliqu\u00e9 dans les actions b\u00e9n\u00e9voles du collectif I have a dream. Tournois de foot dans <a href=\"https:\/\/www.laprovence.com\/article\/societe\/75645126907174\/city-stade-terrain-de-boules-aux-oliviers-a-marseille-les-jeunes-reprennent-le-terrain\" target=\"_blank\" rel=\"noopener\">le city stade<\/a>, partenariats avec d&rsquo;autres structures associatives pour inciter les jeunes \u00e0 s&rsquo;engager dans une cause, maraudes alimentaires et vestimentaires aupr\u00e8s des plus pr\u00e9cair&#8230;<\/p>\n","protected":false},"excerpt":{"rendered":"Ben Andjili et Mohamed-Amine Bourouis&#13; 20 ans et 21 ans, membre et vice-pr\u00e9sident du collectif I have a&hellip;\n","protected":false},"author":2,"featured_media":442465,"comment_status":"","ping_status":"","sticky":false,"template":"","format":"standard","meta":{"footnotes":""},"categories":[2814],"tags":[17,1111,11,54042,9069,1777,674,1011,27,884,12,5912,882,5116,3583,16,25,4940],"class_list":{"0":"post-442464","1":"post","2":"type-post","3":"status-publish","4":"format-standard","5":"has-post-thumbnail","7":"category-marseille","8":"tag-17","9":"tag-actu","10":"tag-actualites","11":"tag-celles","12":"tag-ceux","13":"tag-eu","14":"tag-europe","15":"tag-fr","16":"tag-france","17":"tag-marseille","18":"tag-news","19":"tag-par","20":"tag-provence-alpes-cote-dazur","21":"tag-quartiers","22":"tag-qui","23":"tag-region","24":"tag-republique-francaise","25":"tag-rose"},"share_on_mastodon":{"url":"https:\/\/pubeurope.com\/@fr\/115326277763814120","error":""},"_links":{"self":[{"href":"https:\/\/www.europesays.com\/fr\/wp-json\/wp\/v2\/posts\/442464","targetHints":{"allow":["GET"]}}],"collection":[{"href":"https:\/\/www.europesays.com\/fr\/wp-json\/wp\/v2\/posts"}],"about":[{"href":"https:\/\/www.europesays.com\/fr\/wp-json\/wp\/v2\/types\/post"}],"author":[{"embeddable":true,"href":"https:\/\/www.europesays.com\/fr\/wp-json\/wp\/v2\/users\/2"}],"replies":[{"embeddable":true,"href":"https:\/\/www.europesays.com\/fr\/wp-json\/wp\/v2\/comments?post=442464"}],"version-history":[{"count":0,"href":"https:\/\/www.europesays.com\/fr\/wp-json\/wp\/v2\/posts\/442464\/revisions"}],"wp:featuredmedia":[{"embeddable":true,"href":"https:\/\/www.europesays.com\/fr\/wp-json\/wp\/v2\/media\/442465"}],"wp:attachment":[{"href":"https:\/\/www.europesays.com\/fr\/wp-json\/wp\/v2\/media?parent=442464"}],"wp:term":[{"taxonomy":"category","embeddable":true,"href":"https:\/\/www.europesays.com\/fr\/wp-json\/wp\/v2\/categories?post=442464"},{"taxonomy":"post_tag","embeddable":true,"href":"https:\/\/www.europesays.com\/fr\/wp-json\/wp\/v2\/tags?post=442464"}],"curies":[{"name":"wp","href":"https:\/\/api.w.org\/{rel}","templated":true}]}}