{"id":442466,"date":"2025-10-06T08:28:13","date_gmt":"2025-10-06T08:28:13","guid":{"rendered":"https:\/\/www.europesays.com\/fr\/442466\/"},"modified":"2025-10-06T08:28:13","modified_gmt":"2025-10-06T08:28:13","slug":"emploi-a-lyon-les-centres-commerciaux-part-dieu-et-confluence-recrutent-massivement","status":"publish","type":"post","link":"https:\/\/www.europesays.com\/fr\/442466\/","title":{"rendered":"Emploi \u00e0 Lyon. Les centres commerciaux Part-Dieu et Confluence recrutent massivement"},"content":{"rendered":"<p>            Par<br \/>\n        <strong><br \/>\n            <a href=\"https:\/\/actu.fr\/auteur\/anthony-soudani\" title=\"Consulter tous les articles de Anthony Soudani\" target=\"_blank\" rel=\"noopener\">Anthony Soudani<\/a><br \/>\n        <\/strong><\/p>\n<p>        Publi\u00e9 le<\/p>\n<p>            6 oct. 2025 \u00e0 10h22        <\/p>\n<p>Les grandes enseignes des <strong>centres commerciaux Westfield de Part-Dieu et Confluence<\/strong> recrutent en ce mois d\u2019octobre. \u00c0 quelques semaines du Black Friday et, surtout, des f\u00eates de No\u00ebl, ces grands commerces de <a href=\"https:\/\/actu.fr\/lyon\/\" target=\"_blank\" rel=\"noopener\">Lyon<\/a> ont besoin de main d\u2019\u0153uvre.\u00a0 Vente, restauration, s\u00e9curit\u00e9, accueil \u00e9v\u00e9nementiel, services\u2026 les domaines sont nombreux. C\u2019est pour cela que deux journ\u00e9es de job dating sont organis\u00e9es mardi 7 octobre \u00e0 Part-Dieu et jeudi 9 octobre \u00e0 Confluence.<\/p>\n<p>200 postes \u00e0 Part-Dieu, 70 \u00e0 Confluence<\/p>\n<p class=\" wall-content\">\u00c0 Westfield La Part-Dieu, ce sont pr\u00e8s de 200 postes qui seront \u00e0 pourvoir au sein d\u2019une vingtaine d\u2019enseignes et partenaires tels que les Galeries Lafayette, Apple, Stradivarius, La Grande R\u00e9cr\u00e9, Maisons du Monde, Primark, Samsic, Prestige S\u00e9curit\u00e9, McDonald\u2019s, La T\u00eate dans les Nuages, Carrefour, Pull &amp; Bear, Aroma-Zone, Keolis\u2026<\/p>\n<p class=\" wall-content\">Au P\u00f4le de Commerces et de Loisirs <a href=\"https:\/\/actu.fr\/auvergne-rhone-alpes\/lyon_69123\/lyon-nouvelles-boutiques-restaurants-les-ouvertures-annoncees-au-centre-confluence_63237454.html\" target=\"_blank\" rel=\"noopener\">Confluence<\/a>, une dizaine d\u2019enseignes proposeront environ 70 postes \u00e0 pourvoir. Parmi elles, Andr\u00e9, Apple Store, Hippopotamus, Normal, Prestige S\u00e9curit\u00e9 et Voisin accueilleront les candidats pour leur pr\u00e9senter leurs opportunit\u00e9s.<\/p>\n<p>Job dating ouvert \u00e0 tous : pensez \u00e0 vos CV !<\/p>\n<p class=\" wall-content\">Ces deux journ\u00e9es de job dating sont organis\u00e9es en partenariat avec la Maison m\u00e9tropolitaine d\u2019insertion pour l\u2019Emploi, la Mission Locale, Cap Emploi et France Travail, afin d\u2019accompagner efficacement demandeurs d\u2019emploi et recruteurs.<\/p>\n<p class=\" wall-content\">Le job dating est ouvert \u00e0 tous. <strong>Inscription directement sur place le jour J<\/strong>, \u00e0 partir de 9h pour les rendez-vous du matin, et de 13h pour les rendez-vous de l\u2019apr\u00e8s-midi. Les candidats doivent se munir de leur CV.<\/p>\n<p>MARDI 7 OCTOBRE 2025<br \/>Westfield La Part-Dieu<br \/>Place Centrale \u2022 Niveau 0 \u2022 De 10h \u00e0 17h<br \/>Inscriptions sur place d\u00e8s 9h (matin) et 13h (apr\u00e8s-midi)<br \/>JEUDI 9 OCTOBRE 2025<br \/>P\u00f4le de Commerces et de Loisirs Confluence<br \/>Place Centrale \u2022 Niveau 0 \u2022 De 10h \u00e0 17h<br \/>Inscriptions sur place d\u00e8s 9h (matin) et 13h (apr\u00e8s-midi)<\/p>\n<p class=\" wall-content\">Personnalisez votre actualit\u00e9 en ajoutant vos villes et m\u00e9dias en favori avec <a href=\"https:\/\/moncompte.actu.fr\" title=\"D\u00e9couvez Mon Actu\" rel=\"nofollow noopener\" data-trk=\"{&quot;cta&quot;:{&quot;action&quot;:&quot;https:\\\/\\\/moncompte.actu.fr&quot;,&quot;category&quot;:&quot;mon compte&quot;,&quot;from&quot;:&quot;article footer&quot;,&quot;name&quot;:&quot;Mon actu&quot;,&quot;type&quot;:&quot;cta&quot;}}\" target=\"_blank\">Mon Actu<\/a>.<\/p>\n","protected":false},"excerpt":{"rendered":"Par Anthony Soudani Publi\u00e9 le 6 oct. 2025 \u00e0 10h22 Les grandes enseignes des centres commerciaux Westfield de&hellip;\n","protected":false},"author":2,"featured_media":389043,"comment_status":"","ping_status":"","sticky":false,"template":"","format":"standard","meta":{"footnotes":""},"categories":[1889],"tags":[1111,11,2430,215,33,341,1777,674,1011,27,2428,6178,12,25],"class_list":{"0":"post-442466","1":"post","2":"type-post","3":"status-publish","4":"format-standard","5":"has-post-thumbnail","7":"category-lyon","8":"tag-actu","9":"tag-actualites","10":"tag-auvergne-rhone-alpes","11":"tag-commerce","12":"tag-economie","13":"tag-emploi","14":"tag-eu","15":"tag-europe","16":"tag-fr","17":"tag-france","18":"tag-lyon","19":"tag-lyon-part-dieu","20":"tag-news","21":"tag-republique-francaise"},"share_on_mastodon":{"url":"https:\/\/pubeurope.com\/@fr\/115326281641689276","error":""},"_links":{"self":[{"href":"https:\/\/www.europesays.com\/fr\/wp-json\/wp\/v2\/posts\/442466","targetHints":{"allow":["GET"]}}],"collection":[{"href":"https:\/\/www.europesays.com\/fr\/wp-json\/wp\/v2\/posts"}],"about":[{"href":"https:\/\/www.europesays.com\/fr\/wp-json\/wp\/v2\/types\/post"}],"author":[{"embeddable":true,"href":"https:\/\/www.europesays.com\/fr\/wp-json\/wp\/v2\/users\/2"}],"replies":[{"embeddable":true,"href":"https:\/\/www.europesays.com\/fr\/wp-json\/wp\/v2\/comments?post=442466"}],"version-history":[{"count":0,"href":"https:\/\/www.europesays.com\/fr\/wp-json\/wp\/v2\/posts\/442466\/revisions"}],"wp:featuredmedia":[{"embeddable":true,"href":"https:\/\/www.europesays.com\/fr\/wp-json\/wp\/v2\/media\/389043"}],"wp:attachment":[{"href":"https:\/\/www.europesays.com\/fr\/wp-json\/wp\/v2\/media?parent=442466"}],"wp:term":[{"taxonomy":"category","embeddable":true,"href":"https:\/\/www.europesays.com\/fr\/wp-json\/wp\/v2\/categories?post=442466"},{"taxonomy":"post_tag","embeddable":true,"href":"https:\/\/www.europesays.com\/fr\/wp-json\/wp\/v2\/tags?post=442466"}],"curies":[{"name":"wp","href":"https:\/\/api.w.org\/{rel}","templated":true}]}}