{"id":442477,"date":"2025-10-06T08:38:11","date_gmt":"2025-10-06T08:38:11","guid":{"rendered":"https:\/\/www.europesays.com\/fr\/442477\/"},"modified":"2025-10-06T08:38:11","modified_gmt":"2025-10-06T08:38:11","slug":"jenna-ortega-en-tulle-kylie-jenner-et-heidi-klum-en-dentelle-le-pouvoir-de-la-transparence-a-la-fashion-week-de-paris","status":"publish","type":"post","link":"https:\/\/www.europesays.com\/fr\/442477\/","title":{"rendered":"Jenna Ortega en tulle, Kylie Jenner et Heidi Klum en dentelle\u2026 le pouvoir de la transparence \u00e0 la Fashion Week de Paris"},"content":{"rendered":"<p class=\"fig-paragraph\">Ne pas avoir froid aux yeux, c\u2019est \u00e0 la mode. Depuis le lancement\u00a0<a href=\"http:\/\/www.gala.fr\/mode\/tendances_mode\/pourquoi-la-prochaine-fashion-week-va-t-elle-tant-faire-parler-20250911\" data-fig-type=\"Article\" data-gtm-custom-categorie=\"navigation\" data-gtm-custom-action=\"crossclick\" data-gtm-custom-label=\"Contextuel\" data-gtm-event=\"customEventSPE\" data-fig-domain=\"GALA\" target=\"_blank\" rel=\"noopener\">de cette Fashion Week Printemps-\u00c9t\u00e9 2026,<\/a>\u00a0des silhouettes de stars toutes en transparences donnent des coups de chaud aux photographes dans les rues de Paris,\u00a0<a href=\"http:\/\/www.gala.fr\/mode\/les_stars_et_la_mode\/melanie-thierry-noemie-lenoir-sabrina-ouazani-l-elegant-front-row-de-l-adorable-defile-bonpoint-20251005\" data-fig-type=\"Article\" data-gtm-custom-categorie=\"navigation\" data-gtm-custom-action=\"crossclick\" data-gtm-custom-label=\"Contextuel\" data-gtm-event=\"customEventSPE\" data-fig-domain=\"GALA\" target=\"_blank\" rel=\"noopener\">au premier rang des d\u00e9fil\u00e9s<\/a>\u00a0et aux photocalls de soir\u00e9es selects. Exemple r\u00e9cent avec Jenna Ortega, au d\u00e9fil\u00e9 Givenchy ce 3 octobre\u00a0: la star de la s\u00e9rie Netflix Mercredi a conjugu\u00e9 son ADN mode gothique \u00e0 une touche de glamour, dans une robe bordeaux orn\u00e9e de volants en haut\u2026 et de mousseline totalement tansparente en bas. En dessous,\u00a0<a href=\"https:\/\/photo.gala.fr\/mode\/les_stars_et_la_mode\/photos-jenna-ortega-tony-parker-cindy-bruna-les-stars-se-donnent-rendez-vous-chez-louboutin-20251003\" data-fig-type=\"SlideShowResource\" data-gtm-custom-categorie=\"navigation\" data-gtm-custom-action=\"crossclick\" data-gtm-custom-label=\"Contextuel\" data-gtm-event=\"customEventSPE\" data-fig-domain=\"GALA\" target=\"_blank\" rel=\"noopener\">l\u2019actrice de 23 ans<\/a>\u00a0portait un body lie-de-vin ton sur ton. Plus t\u00e9m\u00e9raire\u00a0: Heidi Klum d\u00e9fraye la chronique le m\u00eame jour dans une robe longue en dentelle blanche couvrant jusqu\u2019\u00e0 ses mains et r\u00e9v\u00e9lant son tanga couleur cr\u00e8me. En haut, la m\u00e8re de Leni Klum a fait fi de toutes les conventions en se d\u00e9barrassant de son soutien-gorge.<\/p>\n<p class=\"fig-paragraph\">Adeptes du tissu translucides, les s\u0153urs Kardashian-Jenner ont bien s\u00fbr donn\u00e9 leur propre\u00a0<a href=\"http:\/\/www.gala.fr\/mode\/les_stars_et_la_mode\/festival-de-cannes-bella-hadid-charlotte-gainsbourg-ces-naked-dress-qui-ont-agite-la-croisette-20250513\" data-fig-type=\"Article\" data-gtm-custom-categorie=\"navigation\" data-gtm-custom-action=\"crossclick\" data-gtm-custom-label=\"Contextuel\" data-gtm-event=\"customEventSPE\" data-fig-domain=\"GALA\" target=\"_blank\" rel=\"noopener\">interpr\u00e9tation de la naked dress<\/a> . Le 4 octobre, Kylie Jenner capte toute l\u2019attention au d\u00e9fil\u00e9 Maison Margiela, habill\u00e9e d\u2019une combinaison en maille blanche fine, sur un shorty immacul\u00e9 et sa poitrine nue. De son c\u00f4t\u00e9 Kim Kardashian cr\u00e9e le buzz sur les r\u00e9seaux sociaux en se d\u00e9guisant\u00a0<a href=\"http:\/\/www.gala.fr\/beaute\/beaute_de_star\/adieu-les-cheveux-longs-a-paris-kim-kardashian-passe-a-la-pixie-cut-c-est-le-sosie-de-sa-mere-kris-20251004\" data-fig-type=\"Article\" data-gtm-custom-categorie=\"navigation\" data-gtm-custom-action=\"crossclick\" data-gtm-custom-label=\"Contextuel\" data-gtm-event=\"customEventSPE\" data-fig-domain=\"GALA\" target=\"_blank\" rel=\"noopener\">en leur m\u00e8re Kris Jenner<\/a>\u00a0avec une coupe \u00e0 la gar\u00e7onne au d\u00e9fil\u00e9 Maison Ala\u00efa, lov\u00e9e dans une robe bustier moulante et transparente d\u00e9voilant ses jambes, tandis qu\u2019un body en pointe masque son buste des regards indiscrets.<\/p>\n<p>    Jenna Ortega au d\u00e9fil\u00e9 Givenchy Printemps-\u00c9t\u00e9 2026.<br \/>\n                Backgrid UK\/ Bestimage<\/p>\n<p>                                    <a class=\"fig-a11y-skip a11y-hidden\" href=\"#fig-a11y-skip-main-inarticle\"><br \/>\n        Passer la publicit\u00e9<br \/>\n    <\/a><\/p>\n<p class=\"fig-paragraph\">Le 29 septembre, Cara Delevingne d\u00e9file pour L\u2019Or\u00e9al Paris dans une robe du soir de dentelle noire transparente, esprit corset. M\u00eame le gotha se met \u00e0 la vogue du see-through\u00a0: la marquise de Bath fait preuve d\u2019audace malgr\u00e9 son rang \u00e0 la soir\u00e9e du magazine EE72 au Grand Palais, en robe de maille d\u00e9couvrant toute sa peau sous un long manteau smoking.<\/p>\n<p>    Heidi Klum en robe transparente au d\u00e9fil\u00e9 Vetements le 3 octobre 2025.<br \/>\n                Florian Lavielle \/ Bestimage<\/p>\n<p class=\"fig-paragraph\">Apoth\u00e9ose\u00a0<a href=\"http:\/\/www.gala.fr\/mode\/les_stars_et_la_mode\/carla-bruni-catherine-deneuve-virginie-efira-le-defile-saint-laurent-attire-les-icones-a-la-tour-eiffel-20250930\" data-fig-type=\"Article\" data-gtm-custom-categorie=\"navigation\" data-gtm-custom-action=\"crossclick\" data-gtm-custom-label=\"Contextuel\" data-gtm-event=\"customEventSPE\" data-fig-domain=\"GALA\" target=\"_blank\" rel=\"noopener\">au d\u00e9fil\u00e9 Saint Laurent,<\/a>\u00a0en ouverture de semaine de la mode. Madonna, en jupe crayon de dentelle noire r\u00e9v\u00e9lant son panty, a prouv\u00e9 que l\u2019on pouvait jouer la transparence \u00e0 67 ans. Alexa Chung, elle, a pr\u00e9f\u00e9r\u00e9 d\u00e9tourner l\u2019attention de son total look transparent en jouant le color block orange et chocolat. Floril\u00e8ge ensuite de mini-robes en mousseline noire fine, avec les actrices Leila George et Dannie Norman.<\/p>\n<p>    <a href=\"#slideshow-header\"><\/p>\n<p class=\"fig-slideshow__title\">\n                    PHOTOS &#8211; Kylie Jenner, Lou Doillon, Vittoria Ceretti&#8230; les stars osent la transparence \u00e0 la Fashion Week de Paris\n                <\/p>\n<p>    <\/a><\/p>\n<p>La mode entre dans une nouvelle \u00e8re<\/p>\n<p class=\"fig-paragraph\">Mais pourquoi voit-on autant de transparence pendant cette Fashion Week, et, de mani\u00e8re plus large, sur les tapis rouges de toute cette ann\u00e9e 2025\u00a0?\u00a0<a href=\"https:\/\/photo.gala.fr\/mode\/les_stars_et_la_mode\/festival-de-cannes-2025-les-celebrites-qui-n-ont-pas-respecte-le-protocole-vestimentaire-20250521\" data-fig-type=\"SlideShowResource\" data-gtm-custom-categorie=\"navigation\" data-gtm-custom-action=\"crossclick\" data-gtm-custom-label=\"Contextuel\" data-gtm-event=\"customEventSPE\" data-fig-domain=\"GALA\" target=\"_blank\" rel=\"noopener\">Au Festival de Cannes,<\/a>\u00a0bon nombre de c\u00e9l\u00e9brit\u00e9s s\u2019\u00e9taient affranchies du nouveau protocole du comit\u00e9, qui bannit d\u00e9sormais toute forme de nudit\u00e9. Ce retour en force, amorc\u00e9 depuis quelques saisons d\u00e9j\u00e0, peut \u00eatre corr\u00e9l\u00e9 \u00e0 une usure du minimalisme (du moins en Europe), en faveur d\u2019une mode plus sensuelle, h\u00e9rit\u00e9e de la mob wife. La lingerie se porte \u00e0 nouveau comme une tenue de jour. On revient \u00e0 l\u2019\u00e8re du porno chic, quand Carine Roitfled r\u00e9gnait sur Vogue Paris et Tom Ford chez Gucci, avec des shorts et des jupes toujours plus courtes et des fourrures toujours plus opulentes. Les poses des campagnes publicitaires sont \u00e0 nouveau lascives et les centim\u00e8tres carr\u00e9s de peau imprim\u00e9s sur papier glac\u00e9 gagnent du terrain.<\/p>\n","protected":false},"excerpt":{"rendered":"Ne pas avoir froid aux yeux, c\u2019est \u00e0 la mode. Depuis le lancement\u00a0de cette Fashion Week Printemps-\u00c9t\u00e9 2026,\u00a0des&hellip;\n","protected":false},"author":2,"featured_media":442478,"comment_status":"","ping_status":"","sticky":false,"template":"","format":"standard","meta":{"footnotes":""},"categories":[1888],"tags":[11,56206,16694,1777,674,992,34204,1011,27,14487,5878,8932,19295,6239,12,626,25,987,34652],"class_list":{"0":"post-442477","1":"post","2":"type-post","3":"status-publish","4":"format-standard","5":"has-post-thumbnail","7":"category-paris","8":"tag-actualites","9":"tag-cara-delevingne","10":"tag-defile","11":"tag-eu","12":"tag-europe","13":"tag-fashion-week","14":"tag-fashion-week-paris","15":"tag-fr","16":"tag-france","17":"tag-heidi-klum","18":"tag-jenna-ortega","19":"tag-kim-kardashian","20":"tag-kylie-jenner","21":"tag-madonna","22":"tag-news","23":"tag-paris","24":"tag-republique-francaise","25":"tag-robe","26":"tag-transparence"},"share_on_mastodon":{"url":"https:\/\/pubeurope.com\/@fr\/115326320989350305","error":""},"_links":{"self":[{"href":"https:\/\/www.europesays.com\/fr\/wp-json\/wp\/v2\/posts\/442477","targetHints":{"allow":["GET"]}}],"collection":[{"href":"https:\/\/www.europesays.com\/fr\/wp-json\/wp\/v2\/posts"}],"about":[{"href":"https:\/\/www.europesays.com\/fr\/wp-json\/wp\/v2\/types\/post"}],"author":[{"embeddable":true,"href":"https:\/\/www.europesays.com\/fr\/wp-json\/wp\/v2\/users\/2"}],"replies":[{"embeddable":true,"href":"https:\/\/www.europesays.com\/fr\/wp-json\/wp\/v2\/comments?post=442477"}],"version-history":[{"count":0,"href":"https:\/\/www.europesays.com\/fr\/wp-json\/wp\/v2\/posts\/442477\/revisions"}],"wp:featuredmedia":[{"embeddable":true,"href":"https:\/\/www.europesays.com\/fr\/wp-json\/wp\/v2\/media\/442478"}],"wp:attachment":[{"href":"https:\/\/www.europesays.com\/fr\/wp-json\/wp\/v2\/media?parent=442477"}],"wp:term":[{"taxonomy":"category","embeddable":true,"href":"https:\/\/www.europesays.com\/fr\/wp-json\/wp\/v2\/categories?post=442477"},{"taxonomy":"post_tag","embeddable":true,"href":"https:\/\/www.europesays.com\/fr\/wp-json\/wp\/v2\/tags?post=442477"}],"curies":[{"name":"wp","href":"https:\/\/api.w.org\/{rel}","templated":true}]}}