{"id":442487,"date":"2025-10-06T08:43:35","date_gmt":"2025-10-06T08:43:35","guid":{"rendered":"https:\/\/www.europesays.com\/fr\/442487\/"},"modified":"2025-10-06T08:43:35","modified_gmt":"2025-10-06T08:43:35","slug":"qui-sont-les-omas-gegen-rechts-ces-mamies-qui-se-battent-contre-lextreme-droite","status":"publish","type":"post","link":"https:\/\/www.europesays.com\/fr\/442487\/","title":{"rendered":"qui sont les \u201cOmas gegen Rechts\u201d, ces mamies qui se battent contre l\u2019extr\u00eame droite\u00a0?"},"content":{"rendered":"<p>      <img fetchpriority=\"high\" decoding=\"async\" class=\"mx-auto\" src=\"data:image\/svg+xml,%3Csvg%20xmlns%3D%27http%3A%2F%2Fwww.w3.org%2F2000%2Fsvg%27%20fill%3D%22%23e4e4e4%22%20viewBox%3D%270%200%20510%20340%27%20width%3D%22510%22%20height%3D%22340%22%3E%3Cpath%20d%3D%27M0%200h510v340H0z%27%2F%3E%3C%2Fsvg%3E\"  loading=\"eager\" width=\"510\" height=\"340\" data-oncrawl-image-size=\"510x340\" alt=\"Les \u00ab\u00a0Omas gegen Rechts\u00a0\u00bb, \u00ab\u00a0mamies contre la droite\u00a0\u00bb, manifestent \u00e0 Br\u00eame, le 8\u00a0f\u00e9vrier 2025.\"\/>      <\/p>\n<p class=\"latino-100m text-grey-600\">\n            Les \u00ab\u00a0Omas gegen Rechts\u00a0\u00bb, \u00ab\u00a0mamies contre la droite\u00a0\u00bb, manifestent \u00e0 Br\u00eame, le 8\u00a0f\u00e9vrier 2025.\u00a0HAUKE-CHRISTIAN DITTRICH \/ DPA PICTURE-ALLIANCE VIA AFP        <\/p>\n<p>        Lire\u00a0plus\u00a0tard      <\/p>\n<p><a aria-label=\"Nous suivre sur Google News\" href=\"https:\/\/news.google.com\/publications\/CAAqBwgKMJe4nQkw3dFs?hl=fr&amp;gl=FR&amp;ceid=FR%3Afr\" target=\"_blank\" data-piano=\"Page_Article,Sous_date_publi,Nous_suivre_sur_google_news,1er_clic,action\" class=\"btn btn--small btn--tertiary btn--icon-only\" rel=\"noopener\"><\/p>\n<p>      Google Actualit\u00e9s<br \/>\n  <\/a><\/p>\n<p>  Partager<\/p>\n<p>        Facebook<\/p>\n<p>        Bluesky<\/p>\n<p>        E-mail<\/p>\n<p>        Copier le lien<\/p>\n<p>      Envoyer<\/p>\n<p>      S\u2019abonner    <\/p>\n<p class=\"node__paragraphe antonia-750r text-grey-800 pb-24 pb-md-32\">\nElles sont reconnaissables entre mille dans les foules avec leurs bonnets tricot\u00e9s multicolores, des pancartes blanches orn\u00e9es de grosses lettres noires \u00e0 la main et un badge clips\u00e9 \u00e0 la veste o\u00f9 il est \u00e9crit\u00a0: \u00ab\u00a0Mamies contre l\u2019extr\u00eame droite\u00a0\u00bb.<\/p>\n<p class=\"latino-500b text-grey-600 pb-16\">A lire aussi<\/p>\n<p><a href=\"https:\/\/www.nouvelobs.com\/monde\/20240408.OBS86828\/montee-de-l-extreme-droite-les-allemands-sont-comme-les-autres-ils-ont-peur.html\" data-article-key=\"20240408.OBS86828\" class=\"link--box flex-grow-1\" data-piano=\"Page_Article,Lire_aussi,,Lien1,navigation\" target=\"_blank\" rel=\"noopener\"><\/p>\n<p>                <img decoding=\"async\" src=\"data:image\/svg+xml,%3Csvg%20xmlns%3D%27http%3A%2F%2Fwww.w3.org%2F2000%2Fsvg%27%20fill%3D%22%23e4e4e4%22%20viewBox%3D%270%200%20120%2080%27%20width%3D%22120%22%20height%3D%2280%22%3E%3Cpath%20d%3D%27M0%200h120v80H0z%27%2F%3E%3C%2Fsvg%3E\"  width=\"120\" height=\"80\" loading=\"lazy\" alt=\"Rassemblement d\u2019Alternative f\u00fcr Deutschland (AfD) \u00e0 Berlin, le 10\u00a0f\u00e9vrier 2024. Cr\u00e9dit\u00e9 de 18 %-20 % des intentions de vote, le parti d\u2019extr\u00eame droite repr\u00e9sente d\u00e9sormais la deuxi\u00e8me force politique du pays.\"\/><\/p>\n<p class=\"latino-300r latino-lg-600m text-grey-800\">\n                      <strong class=\"latino-300b latino-lg-600m text-grey-500\">Entretien\u00a0<\/strong><br \/>\n                    Mont\u00e9e de l\u2019extr\u00eame droite\u00a0: \u00ab\u00a0Les Allemands sont comme les autres, ils ont peur\u00a0\u00bb        <\/p>\n<p><\/a><\/p>\n<p class=\"node__paragraphe antonia-750r text-grey-800 pb-24 pb-md-32\">\nCes manifestantes particuli\u00e8res se m\u00ealent en nombre aux centaines de milliers de personnes <a href=\"https:\/\/www.nouvelobs.com\/monde\/20250202.OBS99833\/a-berlin-160-000-personnes-manifestent-contre-l-extreme-droite.html\" target=\"_blank\" rel=\"noopener\">qui d\u00e9filent depuis plusieurs semaines<\/a> contre l\u2019extr\u00eame droite en Allemagne. Des marches pour alerter sur la mont\u00e9e du parti le plus \u00e0 droite de l\u2019\u00e9chiquier politique allemand, Alternative pour l\u2019Allemagne (AfD), juste avant <a href=\"https:\/\/www.nouvelobs.com\/chroniques\/20240827.OBS92837\/alerte-electorale-en-allemagne.html\" target=\"_blank\" rel=\"noopener\">les \u00e9lections l\u00e9gislatives du 23\u00a0f\u00e9vrier prochain<\/a>. Cr\u00e9dit\u00e9 de 21\u00a0% dans les derniers sondages, il pourrait d\u00e9crocher la seconde place aux l\u00e9gislatives, derri\u00e8re les conservateurs CDU\/CSU, m\u00eame si ses chances d\u2019arriver au pouvoir sont nulles, faute d\u2019alli\u00e9s.<\/p>\n<p class=\"node__paragraphe antonia-750r text-grey-800 pb-24 pb-md-32\">\nDimanche 16\u00a0f\u00e9vrier encore, ils \u00e9taient plus de 30\u00a0000\u00a0\u00e0 clamer leur col\u00e8re et leur crainte dans les rues de Berlin. Dans ce cort\u00e8ge figuraient bien s\u00fbr ces habitu\u00e9es \u00e0 t\u00eate blanche, les \u00ab\u00a0Omas gegen Rechts\u00a0\u00bb \u2013 traduisez \u00ab\u00a0Les mamies contre l\u2019extr\u00eame droite\u00a0\u00bb. Ag\u00e9es de 50\u00a0\u00e0 90\u00a0ans environ, ces grands-m\u00e8res se battent pour la d\u00e9mocratie, la diversit\u00e9 et la tol\u00e9rance. \u00ab\u00a0Nous nous engageons contre\u00a0les mouvements populistes de droite, contre\u00a0l\u2019exclusion\u00a0des personnes issues de l\u2019immigration, contre toute forme de\u00a0stigmatisation, contre toutes les formes de\u00a0violence\u00a0\u00bb, est-il indiqu\u00e9 sur le site internet de l\u2019association allemande.<\/p>\n<p>\u00ab\u00a0Pr\u00e9server un Etat constitutionnel libre\u00a0\u00bb<\/p>\n<p class=\"node__paragraphe antonia-750r text-grey-800 pb-24 pb-md-32\">\nLe mouvement des \u00ab\u00a0mamies contre l\u2019extr\u00eame droite\u00a0\u00bb est totalement d\u00e9centralis\u00e9\u00a0: \u00e0 chaque bureau r\u00e9gional son fonctionnement, malgr\u00e9 le cadre associatif. Elles sont environ 30\u00a0000, r\u00e9parties en 200\u00a0groupes dans toute l\u2019Allemagne, estimait en ao\u00fbt dernier l\u2019une des deux pr\u00e9sidentes du mouvement Jutta Shaikh dans une interview <a target=\"_blank\" href=\"https:\/\/www.fr.de\/politik\/omas-gegen-rechts-demokratie-populismus-bewegung-afd-rechtsradikalismus-93219898.html\" rel=\"noopener\">au \u00ab\u00a0Frankfurter Rundschau\u00a0\u00bb<\/a>.<\/p>\n<p class=\"node__paragraphe antonia-750r text-grey-800 pb-24 pb-md-32\">\nEt le nombre de militantes augmente \u00e0 vue d\u2019\u0153il dans ce contexte o\u00f9 l\u2019extr\u00eame droite est omnipr\u00e9sente\u00a0: plus de 100\u00a0nouveaux groupes ont \u00e9t\u00e9 cr\u00e9\u00e9s apr\u00e8s <a href=\"https:\/\/www.nouvelobs.com\/monde\/20240110.OBS83112\/en-allemagne-un-projet-de-remigration-d-etrangers-presente-lors-d-une-reunion-d-extremistes.html\" target=\"_blank\" rel=\"noopener\">une r\u00e9union secr\u00e8te de l\u2019AfD<\/a> o\u00f9 un plan de \u00ab\u00a0remigration des \u00e9trangers\u00a0\u00bb avait \u00e9t\u00e9 pr\u00e9sent\u00e9 il y a un an.<\/p>\n<p class=\"latino-500b text-grey-600 pb-16\">A lire aussi<\/p>\n<p><a href=\"https:\/\/www.nouvelobs.com\/monde\/20250131.OBS99756\/apres-le-vote-des-conservateurs-avec-l-extreme-droite-allemande-le-grand-gagnant-aujourd-hui-c-est-l-afd.html\" data-article-key=\"20250131.OBS99756\" class=\"link--box flex-grow-1\" data-piano=\"Page_Article,Lire_aussi,,Lien2,navigation\" target=\"_blank\" rel=\"noopener\"><\/p>\n<p>                <img decoding=\"async\" src=\"data:image\/svg+xml,%3Csvg%20xmlns%3D%27http%3A%2F%2Fwww.w3.org%2F2000%2Fsvg%27%20fill%3D%22%23e4e4e4%22%20viewBox%3D%270%200%20120%2080%27%20width%3D%22120%22%20height%3D%2280%22%3E%3Cpath%20d%3D%27M0%200h120v80H0z%27%2F%3E%3C%2Fsvg%3E\"  width=\"120\" height=\"80\" loading=\"lazy\" alt=\"Des manifestants de l\u2019Alliance Ensemble devant le si\u00e8ge de la CDU \u00e0 Berlin le 30\u00a0janvier, apr\u00e8s le vote de la motion visant \u00e0 durcir la politique migratoire du pays avec le soutien de l\u2019Alternative pour l\u2019Allemagne (AfD). \"\/><\/p>\n<p class=\"latino-300r latino-lg-600m text-grey-800\">\n                      <strong class=\"latino-300b latino-lg-600m text-grey-500\">Interview\u00a0<\/strong><br \/>\n                    Apr\u00e8s le vote des conservateurs avec l\u2019extr\u00eame droite allemande, \u00ab\u00a0le grand gagnant aujourd\u2019hui, c\u2019est l\u2019AfD\u00a0\u00bb        <\/p>\n<p><\/a><\/p>\n<p class=\"node__paragraphe antonia-750r text-grey-800 pb-24 pb-md-32\">\nLe but de ces grands-m\u00e8res\u00a0? Relayer aupr\u00e8s des plus jeunes les le\u00e7ons du pass\u00e9. \u00ab\u00a0Le danger qui p\u00e8se sur notre d\u00e9mocratie est en effet grand\u00a0; certaines choses rappellent beaucoup 1933. Il ne faut pas dormir dans une d\u00e9mocratie, sinon on se r\u00e9veille dans une dictature\u00a0\u00bb, expliquait Jutta Shaikh, 74\u00a0ans, dans cette m\u00eame interview. Elle souligne que les \u00ab\u00a0mamies contre l\u2019extr\u00eame droite\u00a0\u00bb souhaitent avant tout \u00ab\u00a0pr\u00e9server un Etat constitutionnel libre\u00a0pour [leurs] enfants et [leurs] petits-enfants\u00a0\u00bb.<\/p>\n<p>Un mouvement cr\u00e9\u00e9 en Autriche<\/p>\n<p class=\"node__paragraphe antonia-750r text-grey-800 pb-24 pb-md-32\">\nLes \u00ab\u00a0Omas\u00a0\u00bb n\u2019ont pas attendu la derni\u00e8re ligne droite avant le scrutin pour se mobiliser. Le mouvement est originaire d\u2019Autriche\u00a0: en\u00a02017, \u00e0 Vienne, la journaliste Susanne Scholl et la th\u00e9ologienne et psychoth\u00e9rapeute Monika Salzer fonde les \u00ab\u00a0Omas gegen Rechts\u00a0\u00bb en r\u00e9action \u00e0 la coalition entre le gouvernement conservateur du chancelier Sebastian Kurz (\u00d6VP) et le parti nationaliste d\u2019extr\u00eame droite FP\u00d6.<\/p>\n<p class=\"node__paragraphe antonia-750r text-grey-800 pb-24 pb-md-32\">\nCes s\u00e9niors en col\u00e8re passent la fronti\u00e8re germano-autrichienne au printemps 2018.\u00a0Un an plus t\u00f4t, l\u2019AfD, fond\u00e9e en\u00a02013, venait de faire son entr\u00e9e au Parlement allemand, une c\u00e9sure dans la vie politique du pays.<\/p>\n<p class=\"node__paragraphe antonia-750r text-grey-800 pb-24 pb-md-32\">\nLa seconde pr\u00e9sidente des \u00ab\u00a0Omas gegen Rechts\u00a0\u00bb, Anna Ohnweiler, 74\u00a0ans \u00e9galement, se souvient <a target=\"_blank\" href=\"https:\/\/vorwaerts.de\/inland\/oma-gegen-rechts-das-unermuedliche-engagement-der-anna-ohnweiler\" rel=\"noopener\">aupr\u00e8s du journal \u00ab\u00a0Vorwarts\u00a0\u00bb<\/a> \u2013 celui du parti d\u00e9mocrate allemand (SPD) \u2013 de l\u2019importation de l\u2019initiative en Allemagne\u00a0: elle avait dress\u00e9 la table pour le th\u00e9 autour d\u2019une tarte aux pommes et invit\u00e9 ses amies pour r\u00e9fl\u00e9chir \u00e0 \u00ab\u00a0comment combattre les nazis\u00a0\u00bb. Alors retrait\u00e9e depuis trois\u00a0ans, elle avait eu une carri\u00e8re politique au sein du parti chr\u00e9tien d\u00e9mocrate allemand (CDU) avant de rejoindre le parti social-d\u00e9mocrate (SPD).<\/p>\n<p class=\"latino-500b text-grey-600 pb-16\">A lire aussi<\/p>\n<p><a href=\"https:\/\/www.nouvelobs.com\/monde\/20240923.OBS93998\/percee-de-l-afd-en-allemagne-ce-ne-sont-plus-les-verts-qui-arrivent-en-tete-chez-les-jeunes-mais-l-extreme-droite.html\" data-article-key=\"20240923.OBS93998\" class=\"link--box flex-grow-1\" data-piano=\"Page_Article,Lire_aussi,,Lien3,navigation\" target=\"_blank\" rel=\"noopener\"><\/p>\n<p>                <img decoding=\"async\" src=\"data:image\/svg+xml,%3Csvg%20xmlns%3D%27http%3A%2F%2Fwww.w3.org%2F2000%2Fsvg%27%20fill%3D%22%23e4e4e4%22%20viewBox%3D%270%200%20120%2080%27%20width%3D%22120%22%20height%3D%2280%22%3E%3Cpath%20d%3D%27M0%200h120v80H0z%27%2F%3E%3C%2Fsvg%3E\"  width=\"120\" height=\"80\" loading=\"lazy\" alt=\"Manifestation contre l\u2019AfD devant le si\u00e8ge du parti dans la r\u00e9gion du Brandebourg, \u00e0 Postdam, le 22\u00a0septembre 2024, jour du vote pour l\u2019\u00e9lection r\u00e9gionale\"\/><\/p>\n<p class=\"latino-300r latino-lg-600m text-grey-800\">\n                      <strong class=\"latino-300b latino-lg-600m text-grey-500\">Interview\u00a0<\/strong><br \/>\n                    Perc\u00e9e de l\u2019AfD en Allemagne\u00a0: \u00ab\u00a0Ce ne sont plus les Verts qui arrivent en t\u00eate chez les jeunes, mais l\u2019extr\u00eame droite\u00a0\u00bb        <\/p>\n<p><\/a><\/p>\n<p class=\"node__paragraphe antonia-750r text-grey-800 pb-24 pb-md-32\">\nMais son objectif d\u00e9sormais, comme celui de toutes ces grands-m\u00e8res mobilis\u00e9es, est de parler aux plus jeunes, de plus en plus tent\u00e9s par l\u2019AfD. \u00ab\u00a0Il faut maintenant chercher des solutions pour les reconqu\u00e9rir, s\u2019est alarm\u00e9 Anna Ohnweiler \u00e0 \u00ab\u00a0Vorwarts\u00a0\u00bb en novembre dernier. J\u2019ai peur pour mes enfants et mes petits-enfants. Ils ne savent pas ce que c\u2019est que de vivre dans une dictature.\u00a0\u00bb<\/p>\n<p class=\"node__paragraphe antonia-750r text-grey-800 pb-24 pb-md-32\">\nLes 3\u00a0et 4\u00a0ao\u00fbt derniers, les \u00ab\u00a0Omas gegen Rechts\u00a0\u00bb ont organis\u00e9 leur premier congr\u00e8s en Thuringe, au centre de l\u2019Allemagne. Un territoire de l\u2019ex-RDA o\u00f9 l\u2019AfD est arriv\u00e9e en t\u00eate des derni\u00e8res \u00e9lections r\u00e9gionales et compte de nombreux militants.<\/p>\n","protected":false},"excerpt":{"rendered":"Les \u00ab\u00a0Omas gegen Rechts\u00a0\u00bb, \u00ab\u00a0mamies contre la droite\u00a0\u00bb, manifestent \u00e0 Br\u00eame, le 8\u00a0f\u00e9vrier 2025.\u00a0HAUKE-CHRISTIAN DITTRICH \/ DPA PICTURE-ALLIANCE&hellip;\n","protected":false},"author":2,"featured_media":442488,"comment_status":"","ping_status":"","sticky":false,"template":"","format":"standard","meta":{"footnotes":""},"categories":[1587],"tags":[17,11,672,22862,1804,1805,1803,5949,1777,674,5434,56883,1801,56885,74,12,56882,56884,1802],"class_list":{"0":"post-442487","1":"post","2":"type-post","3":"status-publish","4":"format-standard","5":"has-post-thumbnail","7":"category-allemagne","8":"tag-17","9":"tag-actualites","10":"tag-allemagne","11":"tag-battent","12":"tag-bundesrepublik-deutschland","13":"tag-de","14":"tag-deutschland","15":"tag-elections","16":"tag-eu","17":"tag-europe","18":"tag-extreme","19":"tag-gegen","20":"tag-germany","21":"tag-mamies","22":"tag-monde","23":"tag-news","24":"tag-omas","25":"tag-rechts","26":"tag-republique-federale-dallemagne"},"share_on_mastodon":{"url":"https:\/\/pubeurope.com\/@fr\/115326340519039416","error":""},"_links":{"self":[{"href":"https:\/\/www.europesays.com\/fr\/wp-json\/wp\/v2\/posts\/442487","targetHints":{"allow":["GET"]}}],"collection":[{"href":"https:\/\/www.europesays.com\/fr\/wp-json\/wp\/v2\/posts"}],"about":[{"href":"https:\/\/www.europesays.com\/fr\/wp-json\/wp\/v2\/types\/post"}],"author":[{"embeddable":true,"href":"https:\/\/www.europesays.com\/fr\/wp-json\/wp\/v2\/users\/2"}],"replies":[{"embeddable":true,"href":"https:\/\/www.europesays.com\/fr\/wp-json\/wp\/v2\/comments?post=442487"}],"version-history":[{"count":0,"href":"https:\/\/www.europesays.com\/fr\/wp-json\/wp\/v2\/posts\/442487\/revisions"}],"wp:featuredmedia":[{"embeddable":true,"href":"https:\/\/www.europesays.com\/fr\/wp-json\/wp\/v2\/media\/442488"}],"wp:attachment":[{"href":"https:\/\/www.europesays.com\/fr\/wp-json\/wp\/v2\/media?parent=442487"}],"wp:term":[{"taxonomy":"category","embeddable":true,"href":"https:\/\/www.europesays.com\/fr\/wp-json\/wp\/v2\/categories?post=442487"},{"taxonomy":"post_tag","embeddable":true,"href":"https:\/\/www.europesays.com\/fr\/wp-json\/wp\/v2\/tags?post=442487"}],"curies":[{"name":"wp","href":"https:\/\/api.w.org\/{rel}","templated":true}]}}