{"id":442491,"date":"2025-10-06T08:45:14","date_gmt":"2025-10-06T08:45:14","guid":{"rendered":"https:\/\/www.europesays.com\/fr\/442491\/"},"modified":"2025-10-06T08:45:14","modified_gmt":"2025-10-06T08:45:14","slug":"des-deputes-appellent-a-une-preference-europeenne-dans-les-marches-publics","status":"publish","type":"post","link":"https:\/\/www.europesays.com\/fr\/442491\/","title":{"rendered":"Des d\u00e9put\u00e9s appellent \u00e0 une pr\u00e9f\u00e9rence europ\u00e9enne dans les march\u00e9s publics"},"content":{"rendered":"<p>        <a href=\"https:\/\/www.europesays.com\/fr\/wp-content\/uploads\/2025\/10\/part-de-marche-des-entreprises-ue-du-cloud-au-sein-de-lue.png\" data-caption=\"La part de march\u00e9 des entreprises UE du cloud au sein de l'UE se r\u00e9duit\"><img loading=\"lazy\" decoding=\"async\" width=\"612\" height=\"348\" class=\"entry-thumb td-modal-image\" src=\"data:image\/svg+xml,%3Csvg%20xmlns=\" http:=\"\" data-lazy- data-lazy- alt=\"La part de march\u00e9 des entreprises UE du cloud au sein de l'UE se r\u00e9duit\" title=\"La part de march\u00e9 des entreprises UE du cloud au sein de l'UE se r\u00e9duit\" data-lazy-src=\"https:\/\/www.europesays.com\/fr\/wp-content\/uploads\/2025\/10\/part-de-marche-des-entreprises-ue-du-cloud-au-sein-de-lue.png\"\/><\/a>La part de march\u00e9 des entreprises UE du cloud au sein de l&rsquo;UE se r\u00e9duit<\/p>\n<p>Les \u00c9tats-Unis et la Chine font de la commande publique un levier strat\u00e9gique pour soutenir leurs technologies d\u2019intelligence artificielle. L\u2019Europe reste \u00e0 la traine. spectatrice. Dans <a href=\"https:\/\/www.assemblee-nationale.fr\/dyn\/17\/rapports\/cion-eco\/l17b1862_rapport-information#_Toc256000000\" target=\"_blank\" rel=\"noopener\">un rapport d\u2019information<\/a>, les d\u00e9put\u00e9s Emmanuelle Hoffmann et Antoine Golliot appellent \u00e0 une double strat\u00e9gie : investir massivement dans les infrastructures critiques et orienter la commande publique vers les acteurs europ\u00e9ens pour r\u00e9duire la d\u00e9pendance aux g\u00e9ants am\u00e9ricains du cloud et de l\u2019IA.<\/p>\n<p>\u201cAmazon d\u00e9tient 32 %, Microsoft 23 % et Google 12 % du march\u00e9 mondial de l\u2019IaaS\/PaaS, tandis qu\u2019aucun acteur europ\u00e9en ne d\u00e9passe 4 %, OVHcloud compris. Ce d\u00e9s\u00e9quilibre rend l\u2019Europe d\u00e9pendante de fournisseurs \u00e9trangers pour des services strat\u00e9giques\u201d d\u00e9plorent les d\u00e9put\u00e9s.<\/p>\n<p>Les d\u00e9put\u00e9s r\u00e9clament, pour l\u2019Europe, le d\u00e9ploiement d\u2019une double strat\u00e9gie publique :<\/p>\n<p>\u2013 investir massivement dans les infrastructures critiques et la puissance de calcul ;<br \/>\u2013 mobiliser les leviers de la commande publique pour r\u00e9\u00e9quilibrer les rapports de force face aux hyperscalers, soutenir les acteurs europ\u00e9ens et favoriser l\u2019\u00e9mergence de nouveaux champions technologiques.<\/p>\n<p>        Lire aussi&#8230;<\/p>\n<p>                    L&rsquo;article de la semaine<br \/>\n                    L\u2019urgence d\u2019une mobilisation de l\u2019achat public<\/p>\n<p>En effet, les parlementaires regrettent la na\u00efvet\u00e9 europ\u00e9enne et appellent \u00e0 instaurer une pr\u00e9f\u00e9rence pour les acteurs europ\u00e9ens. \u201cLes \u00c9tats-Unis et la Chine mobilisent activement la commande publique comme levier d\u2019appui \u00e0 leurs industries technologiques strat\u00e9giques \u2013 ce qui inclut explicitement les secteurs des mod\u00e8les de langage (LLM), de la robotique humano\u00efde et du cloud computing. Aux \u00c9tats-Unis, un ensemble de dispositifs \u00ab Buy American \u00bb ancre la pr\u00e9f\u00e9rence domestique comme norme dans les march\u00e9s publics f\u00e9d\u00e9raux\u201d.<\/p>\n<p>Les d\u00e9put\u00e9s rel\u00e8vent \u00e9galement que \u201cla Chine n\u2019a pas adh\u00e9r\u00e9 \u00e0 l\u2019Accord de l\u2019Organisation mondiale du Commerce (OMC) sur les march\u00e9s publics, ce qui la lib\u00e8re de toute obligation d\u2019ouvrir ses achats publics aux entreprises \u00e9trang\u00e8res. Une r\u00e9forme r\u00e9cente va plus loin : depuis fin 2024, la Chine propose d\u2019accorder un avantage de 20 % sur le prix offert aux produits fabriqu\u00e9s sur son sol dans les march\u00e9s publics. Concr\u00e8tement, un bien produit en Chine, quelle que soit la nationalit\u00e9 de l\u2019entreprise, sera \u00e9valu\u00e9 avec une d\u00e9cote de 20 %, ce qui garantit un net avantage aux fournisseurs domestiques\u201d.\u00a0Quant aux \u00c9tats-Unis, la pr\u00e9f\u00e9rence nationale est la r\u00e8gle.<\/p>\n<p>La commande publique vers les acteurs fran\u00e7ais reste faible<\/p>\n<p>En France, il est apparu au cours des auditions que la commande publique reste encore faiblement mobilis\u00e9e au service des acteurs nationaux de l\u2019intelligence artificielle : l\u2019\u00c9tat et les administrations publiques ne repr\u00e9sentent que 12 % des clients des start-up fran\u00e7aises de l\u2019IA, selon France Digitale.<\/p>\n<p>Or, il est urgent d\u2019investir, car la France et l\u2019Europe sont \u00e0 la tra\u00eene. Le rapport Draghi estime \u00e0 750 \u00e0 800 milliards d\u2019euros par an le d\u00e9ficit d\u2019investissement de l\u2019Union europ\u00e9enne par rapport aux \u00c9tats-Unis et \u00e0 la Chine, concernant \u00e0 la fois les infrastructures physiques, la R&amp;D industrielle et les technologies critiques telles que l\u2019intelligence artificielle, les semi-conducteurs, le cloud ou les supercalculateurs.<\/p>\n<p>Moins de 3% des achats publics vont aux start-up<\/p>\n<p>Par ailleurs, les d\u00e9penses d\u2019achat de l\u2019\u00c9tat aupr\u00e8s des start-up restent tr\u00e8s faibles. Elles repr\u00e9sentent environ 2 % du montant total des achats publics (hors d\u00e9fense et s\u00e9curit\u00e9), soit 498 millions d\u2019euros, soutenant un peu plus de 1 300 jeunes entreprises innovantes.<\/p>\n<p>Les rapporteurs formulent 68 recommandations, dont plusieurs structurantes. Ils demandent notamment d\u2019introduire \u201cun principe g\u00e9n\u00e9ral d\u2019exclusion des march\u00e9s publics de l\u2019Union europ\u00e9enne pour les op\u00e9rateurs \u00e9conomiques et les productions issus de pays tiers n\u2019ayant pas conclu avec l\u2019Union un accord assurant une r\u00e9ciprocit\u00e9 effective d\u2019acc\u00e8s \u00e0 leurs march\u00e9s publics\u201d.<\/p>\n","protected":false},"excerpt":{"rendered":"La part de march\u00e9 des entreprises UE du cloud au sein de l&rsquo;UE se r\u00e9duit Les \u00c9tats-Unis et&hellip;\n","protected":false},"author":2,"featured_media":442492,"comment_status":"","ping_status":"","sticky":false,"template":"","format":"standard","meta":{"footnotes":""},"categories":[1586],"tags":[11,35,1075,11233,341,1777,674,1779,1011,27,861,10357,5701,12,8088,25,15097,1778,364],"class_list":{"0":"post-442491","1":"post","2":"type-post","3":"status-publish","4":"format-standard","5":"has-post-thumbnail","7":"category-europe","8":"tag-actualites","9":"tag-business","10":"tag-cybersecurite","11":"tag-decideur-entreprise","12":"tag-emploi","13":"tag-eu","14":"tag-europe","15":"tag-european-union","16":"tag-fr","17":"tag-france","18":"tag-ia","19":"tag-infrastructure","20":"tag-innovation","21":"tag-news","22":"tag-reglementation","23":"tag-republique-francaise","24":"tag-solutions","25":"tag-ue","26":"tag-union-europeenne"},"share_on_mastodon":{"url":"https:\/\/pubeurope.com\/@fr\/115326348402703450","error":""},"_links":{"self":[{"href":"https:\/\/www.europesays.com\/fr\/wp-json\/wp\/v2\/posts\/442491","targetHints":{"allow":["GET"]}}],"collection":[{"href":"https:\/\/www.europesays.com\/fr\/wp-json\/wp\/v2\/posts"}],"about":[{"href":"https:\/\/www.europesays.com\/fr\/wp-json\/wp\/v2\/types\/post"}],"author":[{"embeddable":true,"href":"https:\/\/www.europesays.com\/fr\/wp-json\/wp\/v2\/users\/2"}],"replies":[{"embeddable":true,"href":"https:\/\/www.europesays.com\/fr\/wp-json\/wp\/v2\/comments?post=442491"}],"version-history":[{"count":0,"href":"https:\/\/www.europesays.com\/fr\/wp-json\/wp\/v2\/posts\/442491\/revisions"}],"wp:featuredmedia":[{"embeddable":true,"href":"https:\/\/www.europesays.com\/fr\/wp-json\/wp\/v2\/media\/442492"}],"wp:attachment":[{"href":"https:\/\/www.europesays.com\/fr\/wp-json\/wp\/v2\/media?parent=442491"}],"wp:term":[{"taxonomy":"category","embeddable":true,"href":"https:\/\/www.europesays.com\/fr\/wp-json\/wp\/v2\/categories?post=442491"},{"taxonomy":"post_tag","embeddable":true,"href":"https:\/\/www.europesays.com\/fr\/wp-json\/wp\/v2\/tags?post=442491"}],"curies":[{"name":"wp","href":"https:\/\/api.w.org\/{rel}","templated":true}]}}