{"id":442493,"date":"2025-10-06T08:46:11","date_gmt":"2025-10-06T08:46:11","guid":{"rendered":"https:\/\/www.europesays.com\/fr\/442493\/"},"modified":"2025-10-06T08:46:11","modified_gmt":"2025-10-06T08:46:11","slug":"a-quoi-joue-bruno-retailleau-liberation","status":"publish","type":"post","link":"https:\/\/www.europesays.com\/fr\/442493\/","title":{"rendered":"\u00e0 quoi joue Bruno Retailleau\u00a0? \u2013 Lib\u00e9ration"},"content":{"rendered":"<p class=\"sc-cPiKLX AiZTS text-element\">Il se l\u00e8ve et il se casse ? Il aura fallu un peu moins de deux heures <a href=\"https:\/\/www.liberation.fr\/politique\/gouvernement-lecornu-le-grand-recyclage-20251005_K4TYNAEKLVARZELH5N5H2VHZKA\/\" target=\"_blank\" rel=\"noreferrer nofollow noopener\" title=\"https:\/\/www.liberation.fr\/politique\/gouvernement-lecornu-le-grand-recyclage-20251005_K4TYNAEKLVARZELH5N5H2VHZKA\/\">apr\u00e8s la nomination du gouvernement<\/a>, dimanche soir, pour que Bruno Retailleau menace de faire exploser l\u2019attelage avant m\u00eame son red\u00e9marrage. <a href=\"https:\/\/www.liberation.fr\/societe\/police-justice\/gouvernement-lecornu-bruno-retailleau-conserve-sa-place-beauvau-20251005_GEFNGPUIMRF6RADOD5GXTEB37Q\/\" target=\"_blank\" rel=\"noreferrer nofollow noopener\" title=\"https:\/\/www.liberation.fr\/societe\/police-justice\/gouvernement-lecornu-bruno-retailleau-conserve-sa-place-beauvau-20251005_GEFNGPUIMRF6RADOD5GXTEB37Q\/\">Reconduit dans ses fonctions de ministre de l\u2019Int\u00e9rieur<\/a>, Bruno Retailleau a fustig\u00e9 sur X un pack gouvernemental qui \u00abne refl\u00e8te pas la rupture promise\u00bb. Le Vend\u00e9en a annonc\u00e9 la convocation d\u2019un comit\u00e9 strat\u00e9gique du parti, lundi \u00e0 11 h 30. <\/p>\n","protected":false},"excerpt":{"rendered":"Il se l\u00e8ve et il se casse ? Il aura fallu un peu moins de deux heures apr\u00e8s&hellip;\n","protected":false},"author":2,"featured_media":442494,"comment_status":"","ping_status":"","sticky":false,"template":"","format":"standard","meta":{"footnotes":""},"categories":[2],"tags":[11,1013,1011,27,418,3228,12,25],"class_list":{"0":"post-442493","1":"post","2":"type-post","3":"status-publish","4":"format-standard","5":"has-post-thumbnail","7":"category-actualites","8":"tag-actualites","9":"tag-bruno-retailleau","10":"tag-fr","11":"tag-france","12":"tag-gouvernement","13":"tag-lr","14":"tag-news","15":"tag-republique-francaise"},"share_on_mastodon":{"url":"https:\/\/pubeurope.com\/@fr\/115326352487948441","error":""},"_links":{"self":[{"href":"https:\/\/www.europesays.com\/fr\/wp-json\/wp\/v2\/posts\/442493","targetHints":{"allow":["GET"]}}],"collection":[{"href":"https:\/\/www.europesays.com\/fr\/wp-json\/wp\/v2\/posts"}],"about":[{"href":"https:\/\/www.europesays.com\/fr\/wp-json\/wp\/v2\/types\/post"}],"author":[{"embeddable":true,"href":"https:\/\/www.europesays.com\/fr\/wp-json\/wp\/v2\/users\/2"}],"replies":[{"embeddable":true,"href":"https:\/\/www.europesays.com\/fr\/wp-json\/wp\/v2\/comments?post=442493"}],"version-history":[{"count":0,"href":"https:\/\/www.europesays.com\/fr\/wp-json\/wp\/v2\/posts\/442493\/revisions"}],"wp:featuredmedia":[{"embeddable":true,"href":"https:\/\/www.europesays.com\/fr\/wp-json\/wp\/v2\/media\/442494"}],"wp:attachment":[{"href":"https:\/\/www.europesays.com\/fr\/wp-json\/wp\/v2\/media?parent=442493"}],"wp:term":[{"taxonomy":"category","embeddable":true,"href":"https:\/\/www.europesays.com\/fr\/wp-json\/wp\/v2\/categories?post=442493"},{"taxonomy":"post_tag","embeddable":true,"href":"https:\/\/www.europesays.com\/fr\/wp-json\/wp\/v2\/tags?post=442493"}],"curies":[{"name":"wp","href":"https:\/\/api.w.org\/{rel}","templated":true}]}}