{"id":442495,"date":"2025-10-06T08:47:12","date_gmt":"2025-10-06T08:47:12","guid":{"rendered":"https:\/\/www.europesays.com\/fr\/442495\/"},"modified":"2025-10-06T08:47:12","modified_gmt":"2025-10-06T08:47:12","slug":"qui-est-le-seul-accuse-juge-en-appel-a-nimes-a-partir-de-ce-lundi","status":"publish","type":"post","link":"https:\/\/www.europesays.com\/fr\/442495\/","title":{"rendered":"Qui est le seul accus\u00e9 jug\u00e9 en appel \u00e0 N\u00eemes \u00e0 partir de ce lundi"},"content":{"rendered":"<p>        <img decoding=\"async\" loading=\"lazy\" src=\"https:\/\/www.europesays.com\/fr\/wp-content\/uploads\/2025\/10\/9204b70_upload-1-kttavatsivol-afp-20241219-hl-fdemeusy-2612796-v1-midres-francetrialgiselepelicotrap.jpeg\"  width=\"728\" height=\"410\" alt=\"Photo d\u2019illustration de Gisele Pelicot, lors de sa sortie du palais de justice d\u2019Avignon apr\u00e8s le verdict de la condamnation de son ex-mari et des 50\u00a0coaccus\u00e9s, le 19\u00a0d\u00e9cembre 2024. \"\/>  <\/p>\n<p>FLORENCE DEMEUSY \/ Hans Lucas via AFP<\/p>\n<p>Photo d\u2019illustration de Gisele Pelicot, lors de sa sortie du palais de justice d\u2019Avignon apr\u00e8s le verdict de la condamnation de son ex-mari et des 50\u00a0coaccus\u00e9s, le 19\u00a0d\u00e9cembre 2024. <\/p>\n<p class=\"asset asset-text\">JUSTICE &#8211; Il est le seul des 51 hommes <a href=\"https:\/\/www.huffingtonpost.fr\/justice\/article\/proces-des-viols-de-mazan-comment-la-cour-criminelle-justifie-son-jugement-et-les-condamnations-prononcees_243897.html\" target=\"_blank\" rel=\"noopener\">condamn\u00e9s en 2024<\/a>\u00a0\u00e0 avoir maintenu son <a href=\"https:\/\/www.huffingtonpost.fr\/justice\/article\/proces-des-viols-de-mazan-17-condamnes-ont-fait-appel-comment-va-se-derouler-le-second-proces-en-2025_244193.html\" target=\"_blank\" rel=\"noopener\">appel<\/a>. Un an apr\u00e8s le retentissement mondial du proc\u00e8s dit des \u00ab\u00a0viols de Mazan\u00a0\u00bb, Husamettin D. va compara\u00eetre devant la cour d\u2019appel de N\u00eemes pendant quatre jours, \u00e0 partir de ce lundi 6\u00a0octobre, pour viols aggrav\u00e9s sur <a href=\"https:\/\/www.huffingtonpost.fr\/justice\/article\/a-la-demande-de-gisele-pelicot-paris-match-va-verser-40-000-euros-a-ces-associations_251175.html\" target=\"_blank\" rel=\"noopener\">Gis\u00e8le Pelicot<\/a>. Cet homme de 44\u00a0ans d\u00e9clare vouloir se d\u00e9barrasser de l\u2019accusation de \u00ab\u00a0violeur\u00a0\u00bb. Il encourt jusqu\u2019\u00e0 vingt ans de r\u00e9clusion.<\/p>\n<p class=\"asset asset-text\">Gis\u00e8le Pelicot, 72\u00a0ans, a \u00e9t\u00e9 drogu\u00e9e aux anxiolytiques pendant une d\u00e9cennie par son ex-mari, avec qui elle a partag\u00e9 50\u00a0ans de sa vie, puis viol\u00e9e par celui-ci et des dizaines d\u2019hommes qu\u2019il recrutait sur internet, principalement dans leur maison de Mazan.<\/p>\n<p class=\"asset asset-text\">Contrairement au proc\u00e8s d\u2019Avignon o\u00f9, pendant quatre mois, Gis\u00e8le Pelicot faisait face chaque jour \u00e0 une cinquantaine d\u2019hommes accus\u00e9s, elle se retrouvera cette fois-ci face au seul Husamettin D., qui compara\u00eetra libre lors de ce proc\u00e8s. Gis\u00e8le Pelicot \u00ab\u00a0se serait bien pass\u00e9e de cette \u00e9preuve \u00e0 nouveau\u00a0\u00bb mais \u00ab\u00a0elle vient pour expliquer qu\u2019un viol est un viol, qu\u2019il n\u2019y a pas de petits viols\u00a0\u00bb, avait d\u00e9clar\u00e9 son avocat, Antoine Camus \u00e0 l\u2019AFP, le 26\u00a0septembre.<\/p>\n<p>    \u00ab\u00a0Maintenir son appel en int\u00e9gralit\u00e9\u00a0\u00bb    <\/p>\n<p class=\"asset asset-text\">En d\u00e9cembre, la cour criminelle de Vaucluse avait condamn\u00e9 Husamettin D. \u00e0 neuf ans de prison mais il avait b\u00e9n\u00e9fici\u00e9 d\u2019un mandat de d\u00e9p\u00f4t diff\u00e9r\u00e9 pour raison de sant\u00e9.<\/p>\n<p class=\"asset asset-text\">\u00ab\u00a0Je ne suis pas un violeur, c\u2019est un truc trop lourd \u00e0 porter pour moi. C\u2019est son mari, j\u2019ai jamais pens\u00e9 que ce type-l\u00e0, il pouvait faire \u00e7a \u00e0 sa femme\u00a0\u00bb, s\u2019\u00e9tait d\u00e9fendu cet ouvrier du b\u00e2timent de 44\u00a0ans lors du premier proc\u00e8s.<\/p>\n<p class=\"asset asset-text\">Au d\u00e9part, 16 autres hommes avaient aussi fait appel mais ils ont jet\u00e9 l\u2019\u00e9ponge l\u2019un apr\u00e8s l\u2019autre. Pour des raisons multiples, selon leurs avocats, allant de la peur de la pression \u00e0 celle d\u2019une peine alourdie. D\u2019autant que cette fois-ci la cour sera compos\u00e9e de jur\u00e9s populaires.<\/p>\n<p class=\"asset asset-text\">Husamettin D. \u00ab\u00a0entend maintenir son appel en int\u00e9gralit\u00e9, tant sur la question de sa responsabilit\u00e9 p\u00e9nale que sur la peine\u00a0\u00bb, confiait en juin son avocate, Sylvie Menvielle, rejointe pour l\u2019appel par le p\u00e9naliste Jean-Marc Darrigade. Contact\u00e9s par l\u2019AFP, ils ne souhaitent pas \u00e0 ce stade s\u2019exprimer sur leur strat\u00e9gie de d\u00e9fense.<\/p>\n<p>                     Husamettin D. se dit victime d\u2019un manipulateur    <\/p>\n<p class=\"asset asset-text\">En premi\u00e8re instance, leur client se disait victime d\u2019un manipulateur hors-pair\u00a0: Dominique Pelicot. Personnage central du dossier, le septuag\u00e9naire conteste farouchement cette position. Il n\u2019a pas fait appel de sa condamnation \u00e0 vingt\u00a0ans de prison et aura donc pour ce nouveau proc\u00e8s le statut de t\u00e9moin uniquement. Il sera extrait de sa prison, o\u00f9 il est toujours \u00e0 l\u2019isolement, pour \u00eatre entendu l\u2019apr\u00e8s-midi du deuxi\u00e8me jour d\u2019audience.<\/p>\n<p class=\"asset asset-text\">Husamettin D. , p\u00e8re d\u2019un enfant handicap\u00e9 et mari\u00e9, avait expliqu\u00e9 avoir rencontr\u00e9 sur internet, en d\u00e9cembre\u00a02019, un homme &#8211; Dominique Pelicot donc &#8211; se pr\u00e9sentant comme membre d\u2019un \u00ab\u00a0couple libertin\u00a0\u00bb dont la femme \u00ab\u00a0ferait semblant de dormir\u00a0\u00bb.<\/p>\n<p class=\"asset asset-text\">Le soir m\u00eame, alors que cet adepte de l\u2019\u00e9changisme s\u2019affairait sur le corps inerte de Gis\u00e8le Pelicot depuis au moins une demi-heure, il ne se serait rendu compte qu\u2019en entendant ses ronflements que quelque chose n\u2019\u00e9tait pas normal. Disant \u00eatre parti pr\u00e9cipitamment, il n\u2019avait pas jug\u00e9 utile d\u2019alerter les autorit\u00e9s.<\/p>\n<p>                     \u00ab\u00a0Pas question de changer de posture\u00a0\u00bb pour Dominique Pelicot    <\/p>\n<p class=\"asset asset-text\">\u00ab\u00a0Il n\u2019est pas question pour Dominique Pelicot de changer d\u2019optique ou de posture\u00a0\u00bb lors du proc\u00e8s en appel, a expliqu\u00e9 \u00e0 l\u2019AFP son avocate, B\u00e9atrice Zavarro, qui rappelle que les premiers mots de son client \u00e0 Avignon avaient \u00e9t\u00e9\u00a0: \u00ab\u00a0Je suis un violeur et tous les hommes dans cette salle sont des violeurs\u00a0\u00bb.<\/p>\n<p class=\"asset asset-text\">Reconnus pour la plupart coupables de viols, ses 50 coaccus\u00e9s, \u00e2g\u00e9s de 27 \u00e0 74\u00a0ans, avaient tous \u00e9t\u00e9 condamn\u00e9s \u00e0 des peines allant de trois ans de prison, dont deux avec sursis, pour un retrait\u00e9 seulement jug\u00e9 pour agression sexuelle, \u00e0 15\u00a0ans de r\u00e9clusion criminelle pour un homme venu six fois violer Gis\u00e8le Pelicot.<\/p>\n<p class=\"asset asset-text\">Pour ce nouveau proc\u00e8s, plus de 100 journalistes sont accr\u00e9dit\u00e9s, t\u00e9moignant de l\u2019int\u00e9r\u00eat pour une affaire qui a largement d\u00e9pass\u00e9 les fronti\u00e8res fran\u00e7aises, suscitant des d\u00e9bats nourris sur les violences sexuelles, le consentement, la soumission chimique ou encore la d\u00e9finition juridique du viol.<\/p>\n<p class=\"asset asset-text\">En renon\u00e7ant \u00e0 un proc\u00e8s \u00e0 huis clos \u00e0 Avignon pour que \u00ab\u00a0la honte change de camp\u00a0\u00bb, Gis\u00e8le Pelicot est devenue sans le chercher une ic\u00f4ne f\u00e9ministe mondiale.<\/p>\n","protected":false},"excerpt":{"rendered":"FLORENCE DEMEUSY \/ Hans Lucas via AFP Photo d\u2019illustration de Gisele Pelicot, lors de sa sortie du palais&hellip;\n","protected":false},"author":2,"featured_media":442496,"comment_status":"","ping_status":"","sticky":false,"template":"","format":"standard","meta":{"footnotes":""},"categories":[2],"tags":[11,1267,49043,1011,27,303,12,2682,11218,25,1265],"class_list":{"0":"post-442495","1":"post","2":"type-post","3":"status-publish","4":"format-standard","5":"has-post-thumbnail","7":"category-actualites","8":"tag-actualites","9":"tag-agression-sexuelle","10":"tag-cour-d-appel","11":"tag-fr","12":"tag-france","13":"tag-justice","14":"tag-news","15":"tag-nimes","16":"tag-proces-des-viols-de-mazan","17":"tag-republique-francaise","18":"tag-viol"},"share_on_mastodon":{"url":"https:\/\/pubeurope.com\/@fr\/115326356808107572","error":""},"_links":{"self":[{"href":"https:\/\/www.europesays.com\/fr\/wp-json\/wp\/v2\/posts\/442495","targetHints":{"allow":["GET"]}}],"collection":[{"href":"https:\/\/www.europesays.com\/fr\/wp-json\/wp\/v2\/posts"}],"about":[{"href":"https:\/\/www.europesays.com\/fr\/wp-json\/wp\/v2\/types\/post"}],"author":[{"embeddable":true,"href":"https:\/\/www.europesays.com\/fr\/wp-json\/wp\/v2\/users\/2"}],"replies":[{"embeddable":true,"href":"https:\/\/www.europesays.com\/fr\/wp-json\/wp\/v2\/comments?post=442495"}],"version-history":[{"count":0,"href":"https:\/\/www.europesays.com\/fr\/wp-json\/wp\/v2\/posts\/442495\/revisions"}],"wp:featuredmedia":[{"embeddable":true,"href":"https:\/\/www.europesays.com\/fr\/wp-json\/wp\/v2\/media\/442496"}],"wp:attachment":[{"href":"https:\/\/www.europesays.com\/fr\/wp-json\/wp\/v2\/media?parent=442495"}],"wp:term":[{"taxonomy":"category","embeddable":true,"href":"https:\/\/www.europesays.com\/fr\/wp-json\/wp\/v2\/categories?post=442495"},{"taxonomy":"post_tag","embeddable":true,"href":"https:\/\/www.europesays.com\/fr\/wp-json\/wp\/v2\/tags?post=442495"}],"curies":[{"name":"wp","href":"https:\/\/api.w.org\/{rel}","templated":true}]}}