{"id":442501,"date":"2025-10-06T08:54:11","date_gmt":"2025-10-06T08:54:11","guid":{"rendered":"https:\/\/www.europesays.com\/fr\/442501\/"},"modified":"2025-10-06T08:54:11","modified_gmt":"2025-10-06T08:54:11","slug":"jorge-martin-passe-une-nouvelle-etape-dans-sa-recuperation","status":"publish","type":"post","link":"https:\/\/www.europesays.com\/fr\/442501\/","title":{"rendered":"Jorge Mart\u00edn passe une nouvelle \u00e9tape dans sa r\u00e9cup\u00e9ration"},"content":{"rendered":"<p>Sa quatri\u00e8me blessure de la saison, subie le 27 septembre dans une chute au d\u00e9part de la course sprint de Motegi, a encore \u00e9cart\u00e9 <a href=\"https:\/\/fr.motorsport.com\/driver\/jorge-martin\/109391\/\" target=\"_blank\" rel=\"noopener\">Jorge Mart\u00edn<\/a> des pistes pour une dur\u00e9e ind\u00e9termin\u00e9e. Il s&rsquo;est fractur\u00e9 la clavicule droite, ce qui a n\u00e9cessit\u00e9 une intervention chirurgicale pratiqu\u00e9e mardi dernier \u00e0 Barcelone.<\/p>\n<p>\u00ab\u00a0Il s&rsquo;agissait d&rsquo;une intervention complexe\u00a0\u00bb, <a href=\"https:\/\/fr.motorsport.com\/motogp\/news\/jorge-martin-date-retour-quatrieme-blessure\/10763939\/\" target=\"_self\" rel=\"noopener\">a fait savoir son chirurgien, le Dr Xavier Mir<\/a>, \u00ab\u00a0compte tenu du fait que la fracture pr\u00e9sentait trois fragments, lesquels ont \u00e9t\u00e9 parfaitement r\u00e9unis \u00e0 l&rsquo;aide de vis dans le tiers moyen distal de la [clavicule] et d&rsquo;une plaque de soutien afin d&#8217;emp\u00eacher qu&rsquo;elle se d\u00e9place.\u00a0\u00bb<\/p>\n<p>Le m\u00e9decin du championnat a jusqu&rsquo;ici indiqu\u00e9 que les d\u00e9lais de convalescence de Jorge Mart\u00edn restaient \u00ab\u00a0incertains\u00a0\u00bb. Aprilia a imm\u00e9diatement insist\u00e9 sur la n\u00e9cessit\u00e9 de <a href=\"https:\/\/fr.motorsport.com\/motogp\/news\/aprilia-songe-meme-pas-date-retour-martin\/10763057\/\" target=\"_self\" rel=\"noopener\">ne pas pr\u00e9cipiter le retour<\/a> d&rsquo;un pilote d\u00e9j\u00e0 lourdement malmen\u00e9 depuis le d\u00e9but de l&rsquo;ann\u00e9e.<\/p>\n<p>Dimanche encore, Massimo Rivola indiquait depuis l&rsquo;Indon\u00e9sie\u00a0:\u00a0\u00ab\u00a0Jorge a tendance \u00e0 \u00eatre assez rapide dans sa mani\u00e8re de penser et de r\u00e9cup\u00e9rer, mais nous devons tirer le frein \u00e0 main. J&rsquo;aime avoir des pilotes qui aiment vraiment courir mais je pense que cette ann\u00e9e a d\u00e9montr\u00e9 qu&rsquo;il faut y r\u00e9fl\u00e9chir \u00e0 deux fois et ensuite revenir en bonne condition.\u00a0\u00bb<\/p>\n<p>Lire aussi :<\/p>\n<p>\u00c0 ce stade, Aprilia a d&rsquo;ores et d\u00e9j\u00e0 fait savoir que son pilote serait absent pour le GP d&rsquo;Australie, la semaine prochaine. Il est probable qu&rsquo;il manque \u00e9galement le GP de Malaisie, une semaine plus tard. En revanche, le pilote espagnol esp\u00e8re \u00eatre de retour pour le dernier double-header de la saison, qui inclut les GP du Portugal et de Valence entre le 7 et le 16 novembre.<\/p>\n<p>Dans la foul\u00e9e, le calendrier pr\u00e9voit le premier test de l&rsquo;intersaison, deux jours apr\u00e8s la derni\u00e8re course de l&rsquo;ann\u00e9e, un rendez-vous toujours tr\u00e8s important pour commencer \u00e0 poser les bases d&rsquo;une saison 2026 dont Jorge Mart\u00edn esp\u00e8re qu&rsquo;elle lui permettra enfin de tirer un trait sur l&rsquo;accumulation de probl\u00e8mes \u00e0 laquelle il a d\u00fb faire face depuis son titre. Participer \u00e0 deux Grands Prix juste avant lui donnerait les meilleures chances d&rsquo;arriver \u00e0 cette journ\u00e9e en bonne condition physique, apte \u00e0 l&rsquo;exploiter au maximum.<\/p>\n<p>Le pilote commence \u00e0 se pr\u00e9parer \u00e0 ces \u00e9ch\u00e9ances. Il a en effet \u00e9t\u00e9 annonc\u00e9 ce matin qu&rsquo;il allait rejoindre le Red Bull Athlete Performance Center, centre d&rsquo;entra\u00eenement de haute performance g\u00e9r\u00e9 par son sponsor et se trouvant \u00e0 Salzburg, en Autriche. Il pourra y b\u00e9n\u00e9ficier d&rsquo;installations dernier cri ainsi que d&rsquo;une \u00e9quipe de m\u00e9decins et de kin\u00e9s afin de recevoir des soins adapt\u00e9s \u00e0 sa situation. D&rsquo;apr\u00e8s nos informations, il pr\u00e9voit d&rsquo;y rester une semaine.<\/p>\n<p>Jorge Mart\u00edn a d\u00e9j\u00e0 communiqu\u00e9 sur les exercices qu&rsquo;il r\u00e9alise depuis chez lui pour se remettre en forme. En fin de semaine derni\u00e8re, il a commenc\u00e9 \u00e0 faire du cardio et du v\u00e9lo elliptique. Et il s&rsquo;efforce, via ses r\u00e9seaux sociaux, de montrer que son moral n&rsquo;est pas atteint. \u00ab\u00a0S&rsquo;il y a bien une chose que j&rsquo;ai apprise, c&rsquo;est ce que les moments difficiles sont ceux qui nous transforment v\u00e9ritablement. Si vous les affrontez avec r\u00e9silience, ils vous rendront plus fort. C&rsquo;est \u00e7a, la vie\u00a0!\u00a0\u00bb, \u00e9crivait-il dans son dernier post.<\/p>\n<p>\u00a0<\/p>\n<p style=\"text-align: right;\">Avec Germ\u00e1n Garcia Casanova<\/p>\n<p>            Votre avis nous int\u00e9resse !<\/p>\n<p class=\"mt-auto\">Qu&rsquo;aimeriez-vous voir sur Motorsport.com ?<\/p>\n<p>            <a href=\"#\" class=\"ms-link text-link font-bold\">R\u00e9pondez \u00e0 notre enqu\u00eate de 5 minutes.<\/a><\/p>\n<p class=\"mt-1 font-info text-body\">&#8211; L&rsquo;\u00e9quipe Motorsport.com<\/p>\n","protected":false},"excerpt":{"rendered":"Sa quatri\u00e8me blessure de la saison, subie le 27 septembre dans une chute au d\u00e9part de la course&hellip;\n","protected":false},"author":2,"featured_media":442502,"comment_status":"","ping_status":"","sticky":false,"template":"","format":"standard","meta":{"footnotes":""},"categories":[1413],"tags":[3563,1011,27,3564,56886,1457,1456,1458,60],"class_list":{"0":"post-442501","1":"post","2":"type-post","3":"status-publish","4":"format-standard","5":"has-post-thumbnail","7":"category-moto","8":"tag-aprilia-racing-team","9":"tag-fr","10":"tag-france","11":"tag-jorge-martu00edn","12":"tag-jorge-martu00edn-passe-une-nouvelle-u00e9tape-dans-sa-ru00e9cupu00e9ration","13":"tag-moto","14":"tag-motocycle","15":"tag-motogp","16":"tag-sports"},"share_on_mastodon":{"url":"https:\/\/pubeurope.com\/@fr\/115326383906050547","error":""},"_links":{"self":[{"href":"https:\/\/www.europesays.com\/fr\/wp-json\/wp\/v2\/posts\/442501","targetHints":{"allow":["GET"]}}],"collection":[{"href":"https:\/\/www.europesays.com\/fr\/wp-json\/wp\/v2\/posts"}],"about":[{"href":"https:\/\/www.europesays.com\/fr\/wp-json\/wp\/v2\/types\/post"}],"author":[{"embeddable":true,"href":"https:\/\/www.europesays.com\/fr\/wp-json\/wp\/v2\/users\/2"}],"replies":[{"embeddable":true,"href":"https:\/\/www.europesays.com\/fr\/wp-json\/wp\/v2\/comments?post=442501"}],"version-history":[{"count":0,"href":"https:\/\/www.europesays.com\/fr\/wp-json\/wp\/v2\/posts\/442501\/revisions"}],"wp:featuredmedia":[{"embeddable":true,"href":"https:\/\/www.europesays.com\/fr\/wp-json\/wp\/v2\/media\/442502"}],"wp:attachment":[{"href":"https:\/\/www.europesays.com\/fr\/wp-json\/wp\/v2\/media?parent=442501"}],"wp:term":[{"taxonomy":"category","embeddable":true,"href":"https:\/\/www.europesays.com\/fr\/wp-json\/wp\/v2\/categories?post=442501"},{"taxonomy":"post_tag","embeddable":true,"href":"https:\/\/www.europesays.com\/fr\/wp-json\/wp\/v2\/tags?post=442501"}],"curies":[{"name":"wp","href":"https:\/\/api.w.org\/{rel}","templated":true}]}}