{"id":442505,"date":"2025-10-06T08:57:17","date_gmt":"2025-10-06T08:57:17","guid":{"rendered":"https:\/\/www.europesays.com\/fr\/442505\/"},"modified":"2025-10-06T08:57:17","modified_gmt":"2025-10-06T08:57:17","slug":"cest-harry-potter-luis-enrique-craint-la-baguette-magique-de-pedri","status":"publish","type":"post","link":"https:\/\/www.europesays.com\/fr\/442505\/","title":{"rendered":"\u00ab\u00a0C&rsquo;est Harry Potter\u00a0\u00bb, Luis Enrique craint \u00ab\u00a0la baguette magique\u00a0\u00bb de Pedri"},"content":{"rendered":"<p>Bar\u00e7a-PSG : \u00ab\u00a0C&rsquo;est Harry Potter\u00a0\u00bb, Luis Enrique craint \u00ab\u00a0la baguette magique\u00a0\u00bb de Pedri Sur le m\u00eame sujet<a href=\"https:\/\/rmcsport.bfmtv.com\/football\/ligue-des-champions\/video-psg-ndjantou-contre-le-barca-j-etais-plus-nerveux-que-lui-ironise-luis-enrique_VN-202510040239.html\" title=\"PSG : Ndjantou contre le Bar\u00e7a ? &quot;J&#039;\u00e9tais plus nerveux que lui !&quot;, ironise Luis Enrique\" rel=\"nofollow noopener\" target=\"_blank\"><img class=\"lozad\"  width=\"16\" height=\"9\" alt=\"PSG : Ndjantou contre le Bar\u00e7a ? &quot;J'\u00e9tais plus nerveux que lui !&quot;, ironise Luis Enrique\"\/>1:15PSG : Ndjantou contre le Bar\u00e7a ? \u00ab\u00a0J&rsquo;\u00e9tais plus nerveux que lui !\u00a0\u00bb, ironise Luis Enrique<\/a><a href=\"https:\/\/rmcsport.bfmtv.com\/replay-emissions\/after-foot\/video-barca-yamal-blesse-perquis-pointe-un-manque-de-maturite_VN-202510040147.html\" title=\"Bar\u00e7a : Yamal bless\u00e9, Perquis pointe &quot;un manque de maturit\u00e9&quot;\" rel=\"nofollow noopener\" target=\"_blank\"><img class=\"lozad\"  width=\"16\" height=\"9\" alt=\"Bar\u00e7a : Yamal bless\u00e9, Perquis pointe &quot;un manque de maturit\u00e9&quot;\"\/>0:43Bar\u00e7a : Yamal bless\u00e9, Perquis pointe \u00ab\u00a0un manque de maturit\u00e9\u00a0\u00bb<\/a><a href=\"https:\/\/rmcsport.bfmtv.com\/replay-emissions\/rothen-regale\/video-ligue-1-le-niveau-a-degringole-rothen-et-petit-se-chauffent-apres-la-belle-semaine-europeenne_VN-202510030789.html\" title=\"Ligue 1 : &quot;Le niveau a d\u00e9gringol\u00e9&quot;, Rothen et Petit se chauffent apr\u00e8s la belle semaine europ\u00e9enne\" rel=\"nofollow noopener\" target=\"_blank\"><img class=\"lozad\"  width=\"16\" height=\"9\" alt=\"Ligue 1 : &quot;Le niveau a d\u00e9gringol\u00e9&quot;, Rothen et Petit se chauffent apr\u00e8s la belle semaine europ\u00e9enne\"\/>17:11Ligue 1 : \u00ab\u00a0Le niveau a d\u00e9gringol\u00e9\u00a0\u00bb, Rothen et Petit se chauffent apr\u00e8s la belle semaine europ\u00e9enne<\/a><a href=\"https:\/\/rmcsport.bfmtv.com\/replay-emissions\/after-foot\/video-after-espagne-vinicius-eclipse-par-mbappe-il-se-bat-pour-rester-dans-le-groupe_VN-202510030739.html\" title=\"After Espagne : Vinicius \u00e9clips\u00e9 par Mbapp\u00e9, &quot;Il se bat pour rester dans le groupe&quot;\" rel=\"nofollow noopener\" target=\"_blank\"><img class=\"lozad\"  width=\"16\" height=\"9\" alt=\"After Espagne : Vinicius \u00e9clips\u00e9 par Mbapp\u00e9, &quot;Il se bat pour rester dans le groupe&quot;\"\/>1:33After Espagne : Vinicius \u00e9clips\u00e9 par Mbapp\u00e9, \u00ab\u00a0Il se bat pour rester dans le groupe\u00a0\u00bb<\/a><a href=\"https:\/\/rmcsport.bfmtv.com\/replay-emissions\/after-foot\/video-after-espagne-il-participe-a-l-effort-collectif-les-folles-stats-du-nouveau-mbappe_VN-202510030714.html\" title=\"After Espagne : &quot;Il participe \u00e0 l&#039;effort collectif&quot;, les folles stats du nouveau Mbapp\u00e9 \" rel=\"nofollow noopener\" target=\"_blank\"><img class=\"lozad\"  width=\"16\" height=\"9\" alt=\"After Espagne : &quot;Il participe \u00e0 l'effort collectif&quot;, les folles stats du nouveau Mbapp\u00e9 \"\/>2:37After Espagne : \u00ab\u00a0Il participe \u00e0 l&rsquo;effort collectif\u00a0\u00bb, les folles stats du nouveau Mbapp\u00e9<\/a><a href=\"https:\/\/rmcsport.bfmtv.com\/football\/ligue-des-champions\/video-barca-1-2-psg-cet-entraineur-est-genial-rothen-elogieux-envers-luis-enrique_VN-202510020920.html\" title=\"Bar\u00e7a 1-2 PSG : &quot;Cet entra\u00eeneur est g\u00e9nial !&quot;, Rothen \u00e9logieux envers Luis Enrique\" rel=\"nofollow noopener\" target=\"_blank\"><img class=\"lozad\"  width=\"16\" height=\"9\" alt=\"Bar\u00e7a 1-2 PSG : &quot;Cet entra\u00eeneur est g\u00e9nial !&quot;, Rothen \u00e9logieux envers Luis Enrique\"\/>0:59Bar\u00e7a 1-2 PSG : \u00ab\u00a0Cet entra\u00eeneur est g\u00e9nial !\u00a0\u00bb, Rothen \u00e9logieux envers Luis Enrique<\/a><a href=\"https:\/\/rmcsport.bfmtv.com\/football\/ligue-des-champions\/video-barca-1-2-psg-yamal-a-t-il-vraiment-rate-son-match-rothen-indulgent_VN-202510020803.html\" title=\"Bar\u00e7a 1-2 PSG : Yamal a-t-il (vraiment) rat\u00e9 son match ? Rothen indulgent\" rel=\"nofollow noopener\" target=\"_blank\"><img class=\"lozad\"  width=\"16\" height=\"9\" alt=\"Bar\u00e7a 1-2 PSG : Yamal a-t-il (vraiment) rat\u00e9 son match ? Rothen indulgent\"\/>9:23Bar\u00e7a 1-2 PSG : Yamal a-t-il (vraiment) rat\u00e9 son match ? Rothen indulgent<\/a><a href=\"https:\/\/rmcsport.bfmtv.com\/football\/ligue-des-champions\/video-barca-1-2-psg-un-message-tres-fort-rothen-impressionne-par-la-domination-parisienne_VN-202510020763.html\" title=\" Bar\u00e7a 1-2 PSG : &quot;Un message tr\u00e8s fort&quot;, Rothen impressionn\u00e9 par la domination parisienne\" rel=\"nofollow noopener\" target=\"_blank\"><img class=\"lozad\"  width=\"16\" height=\"9\" alt=\" Bar\u00e7a 1-2 PSG : &quot;Un message tr\u00e8s fort&quot;, Rothen impressionn\u00e9 par la domination parisienne\"\/>11:20Bar\u00e7a 1-2 PSG : \u00ab\u00a0Un message tr\u00e8s fort\u00a0\u00bb, Rothen impressionn\u00e9 par la domination parisienne<\/a><a href=\"https:\/\/rmcsport.bfmtv.com\/football\/ligue-des-champions\/video-barca-1-2-psg-pas-au-meme-niveau-que-psg-concede-flick_VN-202510020383.html\" title=\"Bar\u00e7a 1-2 PSG : &quot;Pas au m\u00eame niveau que PSG&quot; conc\u00e8de Flick \" rel=\"nofollow noopener\" target=\"_blank\"><img class=\"lozad\"  width=\"16\" height=\"9\" alt=\"Bar\u00e7a 1-2 PSG : &quot;Pas au m\u00eame niveau que PSG&quot; conc\u00e8de Flick \"\/>0:47Bar\u00e7a 1-2 PSG : \u00ab\u00a0Pas au m\u00eame niveau que PSG\u00a0\u00bb conc\u00e8de Flick<\/a><a href=\"https:\/\/rmcsport.bfmtv.com\/replay-emissions\/after-foot\/video-barca-1-2-psg-yamal-casper-la-derniere-heure-tacle-l-after_VN-202510020352.html\" title=\"Bar\u00e7a 1-2 PSG : Yamal ? &quot;Casper la derni\u00e8re heure&quot; tacle l&#039;After\" rel=\"nofollow noopener\" target=\"_blank\"><img class=\"lozad\"  width=\"16\" height=\"9\" alt=\"Bar\u00e7a 1-2 PSG : Yamal ? &quot;Casper la derni\u00e8re heure&quot; tacle l'After\"\/>1:22Bar\u00e7a 1-2 PSG : Yamal ? \u00ab\u00a0Casper la derni\u00e8re heure\u00a0\u00bb tacle l&rsquo;After<\/a><a href=\"https:\/\/rmcsport.bfmtv.com\/football\/ligue-des-champions\/video-ligue-des-champions-le-classement-apres-la-j2-et-les-resultats_VN-202510020318.html\" title=\"Ligue des champions : Le classement apr\u00e8s la J2 et les r\u00e9sultats\" rel=\"nofollow noopener\" target=\"_blank\"><img class=\"lozad\"  width=\"16\" height=\"9\" alt=\"Ligue des champions : Le classement apr\u00e8s la J2 et les r\u00e9sultats\"\/>1:17Ligue des champions : Le classement apr\u00e8s la J2 et les r\u00e9sultats<\/a><a href=\"https:\/\/rmcsport.bfmtv.com\/replay-emissions\/after-foot\/video-barca-1-2-psg-c-est-encore-le-triomphe-de-luis-enrique-l-after-adoube-le-catalan_VN-202510020291.html\" title=\"Bar\u00e7a 1-2 PSG : &quot;C&#039;est encore le triomphe de Luis Enrique&quot;, l&#039;After adoube le Catalan\" rel=\"nofollow noopener\" target=\"_blank\"><img class=\"lozad\"  width=\"16\" height=\"9\" alt=\"Bar\u00e7a 1-2 PSG : &quot;C'est encore le triomphe de Luis Enrique&quot;, l'After adoube le Catalan\"\/>1:12Bar\u00e7a 1-2 PSG : \u00ab\u00a0C&rsquo;est encore le triomphe de Luis Enrique\u00a0\u00bb, l&rsquo;After adoube le Catalan<\/a><a href=\"https:\/\/rmcsport.bfmtv.com\/replay-emissions\/after-foot\/video-barca-1-2-psg-le-barca-s-est-fait-deglinguer-riolo-dezingue-les-catalans_VN-202510020218.html\" title=\" Bar\u00e7a 1-2 PSG : &quot;Le Bar\u00e7a s&#039;est fait d\u00e9glinguer&quot;, Riolo d\u00e9zingue les Catalans \" rel=\"nofollow noopener\" target=\"_blank\"><img class=\"lozad\"  width=\"16\" height=\"9\" alt=\" Bar\u00e7a 1-2 PSG : &quot;Le Bar\u00e7a s'est fait d\u00e9glinguer&quot;, Riolo d\u00e9zingue les Catalans \"\/>0:44Bar\u00e7a 1-2 PSG : \u00ab\u00a0Le Bar\u00e7a s&rsquo;est fait d\u00e9glinguer\u00a0\u00bb, Riolo d\u00e9zingue les Catalans<\/a><a href=\"https:\/\/rmcsport.bfmtv.com\/football\/ligue-des-champions\/video-barca-1-2-psg-on-a-fait-passer-un-message-la-fierte-de-vitinha_VN-202510011023.html\" title=\"Bar\u00e7a 1-2 PSG : &quot;On a fait passer un message&quot;, la fiert\u00e9 de Vitinha\" rel=\"nofollow noopener\" target=\"_blank\"><img class=\"lozad\"  width=\"16\" height=\"9\" alt=\"Bar\u00e7a 1-2 PSG : &quot;On a fait passer un message&quot;, la fiert\u00e9 de Vitinha\"\/>1:27Bar\u00e7a 1-2 PSG : \u00ab\u00a0On a fait passer un message\u00a0\u00bb, la fiert\u00e9 de Vitinha<\/a><a class=\"jumpToVideo\" target=\"_blank\"><img class=\"thumbnailPreview\"\/><\/a><\/p>\n","protected":false},"excerpt":{"rendered":"Bar\u00e7a-PSG : \u00ab\u00a0C&rsquo;est Harry Potter\u00a0\u00bb, Luis Enrique craint \u00ab\u00a0la baguette magique\u00a0\u00bb de Pedri Sur le m\u00eame sujet1:15PSG :&hellip;\n","protected":false},"author":2,"featured_media":442506,"comment_status":"","ping_status":"","sticky":false,"template":"","format":"standard","meta":{"footnotes":""},"categories":[1410],"tags":[63,1011,27,60],"class_list":{"0":"post-442505","1":"post","2":"type-post","3":"status-publish","4":"format-standard","5":"has-post-thumbnail","7":"category-football","8":"tag-football","9":"tag-fr","10":"tag-france","11":"tag-sports"},"share_on_mastodon":{"url":"https:\/\/pubeurope.com\/@fr\/115326396214553318","error":""},"_links":{"self":[{"href":"https:\/\/www.europesays.com\/fr\/wp-json\/wp\/v2\/posts\/442505","targetHints":{"allow":["GET"]}}],"collection":[{"href":"https:\/\/www.europesays.com\/fr\/wp-json\/wp\/v2\/posts"}],"about":[{"href":"https:\/\/www.europesays.com\/fr\/wp-json\/wp\/v2\/types\/post"}],"author":[{"embeddable":true,"href":"https:\/\/www.europesays.com\/fr\/wp-json\/wp\/v2\/users\/2"}],"replies":[{"embeddable":true,"href":"https:\/\/www.europesays.com\/fr\/wp-json\/wp\/v2\/comments?post=442505"}],"version-history":[{"count":0,"href":"https:\/\/www.europesays.com\/fr\/wp-json\/wp\/v2\/posts\/442505\/revisions"}],"wp:featuredmedia":[{"embeddable":true,"href":"https:\/\/www.europesays.com\/fr\/wp-json\/wp\/v2\/media\/442506"}],"wp:attachment":[{"href":"https:\/\/www.europesays.com\/fr\/wp-json\/wp\/v2\/media?parent=442505"}],"wp:term":[{"taxonomy":"category","embeddable":true,"href":"https:\/\/www.europesays.com\/fr\/wp-json\/wp\/v2\/categories?post=442505"},{"taxonomy":"post_tag","embeddable":true,"href":"https:\/\/www.europesays.com\/fr\/wp-json\/wp\/v2\/tags?post=442505"}],"curies":[{"name":"wp","href":"https:\/\/api.w.org\/{rel}","templated":true}]}}