{"id":442507,"date":"2025-10-06T08:58:24","date_gmt":"2025-10-06T08:58:24","guid":{"rendered":"https:\/\/www.europesays.com\/fr\/442507\/"},"modified":"2025-10-06T08:58:24","modified_gmt":"2025-10-06T08:58:24","slug":"honte-a-ces-gens-tilly-norwood-une-actrice-entierement-creee-par-lia-indigne-et-inquiete-hollywood","status":"publish","type":"post","link":"https:\/\/www.europesays.com\/fr\/442507\/","title":{"rendered":"\u00ab\u00a0Honte \u00e0 ces gens\u00a0!\u00a0\u00bb\u2026 Tilly Norwood, une actrice enti\u00e8rement cr\u00e9\u00e9e par l\u2019IA, indigne et inqui\u00e8te Hollywood"},"content":{"rendered":"<p>C\u2019est effrayant mais pas surprenant. Une nouvelle <a href=\"https:\/\/www.20minutes.fr\/dossier\/actrice\" class=\"c-link c-link--is-underlined\" target=\"_blank\" rel=\"noopener\">actrice<\/a> fait beaucoup parler d\u2019elle \u00e0 <a href=\"https:\/\/www.20minutes.fr\/dossier\/hollywood\" class=\"c-link c-link--is-underlined\" target=\"_blank\" rel=\"noopener\">Hollywood<\/a>, et pour cause\u00a0: elle a \u00e9t\u00e9 <a href=\"https:\/\/www.20minutes.fr\/high-tech\/by-the-web\/4170513-20250901-intelligence-artificielle-comment-ia-alimente-sexisme-produisant-fausses-videos-ultra-realistes\" class=\"c-link c-link--is-underlined\" target=\"_blank\" rel=\"noopener\">cr\u00e9\u00e9e par une intelligence artificielle<\/a>, ce qui n\u2019a pas manqu\u00e9 de provoquer une vague d\u2019indignation parmi ses \u00ab\u00a0pairs\u00a0\u00bb de chair et d\u2019os.<\/p>\n<\/p>\n<p>Nomm\u00e9e <a href=\"https:\/\/www.tillynorwood.com\/\" rel=\"nofollow noopener\" target=\"_blank\" class=\"c-link c-link--is-underlined\">Tilly Norwood<\/a>, cette com\u00e9dienne virtuelle a \u00e9t\u00e9 imagin\u00e9e par le studio Xicoia, avec l\u2019ambition proclam\u00e9e d\u2019en faire \u00ab\u00a0la prochaine <a href=\"https:\/\/www.20minutes.fr\/people\/scarlett-johansson\/\" class=\"c-link c-link--is-underlined\" target=\"_blank\" rel=\"noopener\">Scarlett Johansson<\/a> ou <a href=\"https:\/\/www.20minutes.fr\/dossier\/natalie_portman\" class=\"c-link c-link--is-underlined\" target=\"_blank\" rel=\"noopener\">Natalie Portman<\/a>\u00a0\u00bb. Et plusieurs agences se bousculent d\u00e9j\u00e0 au portillon pour la repr\u00e9senter, a r\u00e9v\u00e9l\u00e9 la semaine derni\u00e8re la fondatrice de la soci\u00e9t\u00e9, Eline Van der Velden.<\/p>\n<p class=\"mb-xxl@xs color-ultramarine font-weight-semi-bold@xs font-source-serif-pro heading-s@xs\">L\u2019acc\u00e8s \u00e0 ce contenu a \u00e9t\u00e9 bloqu\u00e9 afin de respecter votre choix de consentement<\/p>\n<p class=\"mb-m@xs text-l@xs\">En cliquant sur\u00ab J\u2019accepte \u00bb, vous acceptez le d\u00e9p\u00f4t de cookies par des services externes et aurez ainsi acc\u00e8s aux contenus de nos partenaires.<\/p>\n<p class=\"mb-xl@xs text-s@xs\">Plus d\u2019informations sur la page<a href=\"https:\/\/www.20minutes.fr\/gestion-cookies\" class=\"mx-xxs@xs color-ultramarine\" target=\"_blank\" rel=\"noopener\">Politique de gestion des cookies<\/a><\/p>\n<p>J\u2019accepte<\/p>\n<p>De quoi r\u00e9veiller les peurs sur le <a href=\"https:\/\/www.20minutes.fr\/arts-stars\/cinema\/4064791-20231202-intelligence-artificielle-remplace-artiste-outil-plus-assure-thibaud-zamora-ia-artist\" class=\"c-link c-link--is-underlined\" target=\"_blank\" rel=\"noopener\">remplacement des artistes par l\u2019IA<\/a>, qui ont en partie motiv\u00e9 les <a href=\"https:\/\/www.20minutes.fr\/arts-stars\/culture\/4045581-20230713-hollywood-160-000-acteurs-officiellement-greve-apres-echec-negociations-studios\" class=\"c-link c-link--is-underlined\" target=\"_blank\" rel=\"noopener\">vastes gr\u00e8ves ayant paralys\u00e9 Hollywood<\/a> en\u00a02023. De nombreux acteurs sont d\u2019ailleurs mont\u00e9s au cr\u00e9neau sur les <a href=\"https:\/\/www.20minutes.fr\/dossier\/reseaux_sociaux\" class=\"c-link c-link--is-underlined\" target=\"_blank\" rel=\"noopener\">r\u00e9seaux sociaux<\/a> ces derniers jours.<\/p>\n<p>Une indignation teint\u00e9e d\u2019inqui\u00e9tude<\/p>\n<p>\u00ab\u00a0J\u2019esp\u00e8re que tous les acteurs repr\u00e9sent\u00e9s par l\u2019agent qui fait cela le laisseront tomber. Quelle horreur\u00a0!\u00a0\u00bb, a ainsi fustig\u00e9 sur <a href=\"https:\/\/www.20minutes.fr\/high-tech\/instagram\/\" class=\"c-link c-link--is-underlined\" target=\"_blank\" rel=\"noopener\">Instagram <\/a><a href=\"https:\/\/www.20minutes.fr\/arts-stars\/people\/4063703-20231123-apres-eviction-scream-vii-melissa-barrera-fait-mise-point\" class=\"c-link c-link--is-underlined\" target=\"_blank\" rel=\"noopener\">Melissa Barrera<\/a>, star des films d\u2019horreur\u00a0<a href=\"https:\/\/www.20minutes.fr\/arts-stars\/cinema\/3212219-20220111-scream-comment-saga-horrifique-laisse-trace-sang-pop-culture\" class=\"c-link c-link--is-underlined\" target=\"_blank\" rel=\"noopener\">Scream et Scream 6<\/a>. \u00ab\u00a0Honte \u00e0 ces gens\u00a0!, a lanc\u00e9 <a href=\"https:\/\/www.20minutes.fr\/arts-stars\/culture\/2984947-20210224-star-matilda-soutient-britney-spears-denonce-facon-dont-femmes-traitees-industrie-enfance\" class=\"c-link c-link--is-underlined\" target=\"_blank\" rel=\"noopener\">Mara Wilson, l\u2019interpr\u00e8te de Matilda<\/a>. Ils ont vol\u00e9 les visages de centaines de jeunes femmes pour cr\u00e9er cette \u00ab\u00a0actrice\u00a0\u00bb\u00a0IA. Ce ne sont pas des cr\u00e9ateurs, ce sont des voleurs d\u2019identit\u00e9s\u00a0!\u00a0\u00bb.<\/p>\n<p>Sur un ton plus l\u00e9ger, <a href=\"https:\/\/www.20minutes.fr\/arts-stars\/people\/2914167-20201122-audition-zoom-acteur-subit-moqueries-realisateur-oublie-couper-micro\" class=\"c-link c-link--is-underlined\" target=\"_blank\" rel=\"noopener\">Lukas Gage<\/a>, de la s\u00e9rie <a href=\"https:\/\/www.20minutes.fr\/arts-stars\/serie\/the-white-lotus\/\" class=\"c-link c-link--is-underlined\" target=\"_blank\" rel=\"noopener\">The White Lotus<\/a>, a accus\u00e9 sa cons\u0153ur virtuelle d\u2019\u00eatre \u00ab\u00a0un cauchemar pour travailler\u00a0\u00bb car elle serait \u00ab\u00a0incapable de se positionner sur le plateau\u00a0\u00bb et arriverait syst\u00e9matiquement \u00ab\u00a0en retard\u00a0\u00bb.<\/p>\n<p>\u00ab\u00a0Une \u0153uvre cr\u00e9ative\u00a0\u00bb<\/p>\n<p>La pol\u00e9mique a forc\u00e9 Mme Van der Velden \u00e0 r\u00e9agir. Tilly Norwood \u00ab\u00a0n\u2019est pas le remplacement d\u2019un \u00eatre humain, mais une \u0153uvre cr\u00e9ative\u00a0\u00bb, s\u2019est-elle ainsi justifi\u00e9e dimanche 28\u00a0septembre 2025 sur Instagram.<\/p>\n<p>\u00ab\u00a0Tout comme l\u2019<a href=\"https:\/\/www.20minutes.fr\/dossier\/animation\" class=\"c-link c-link--is-underlined\" target=\"_blank\" rel=\"noopener\">animation<\/a>, les marionnettes ou les effets sp\u00e9ciaux ont ouvert de nouvelles possibilit\u00e9s sans enlever quoi que ce soit au jeu en direct. L\u2019<a href=\"https:\/\/www.20minutes.fr\/dossier\/intelligence_artificielle\" class=\"c-link c-link--is-underlined\" target=\"_blank\" rel=\"noopener\">IA<\/a> offre une autre fa\u00e7on d\u2019imaginer et de construire des histoires\u00a0\u00bb, estime-t-elle, rappelant \u00eatre elle-m\u00eame actrice.<\/p>\n<p>De plus en plus de \u00ab\u00a0fake artists\u00a0\u00bb<\/p>\n<p>Pour elle, les com\u00e9diens cr\u00e9\u00e9s par IA \u00ab\u00a0devraient \u00eatre jug\u00e9s comme faisant partie de leur propre genre, sur leurs propres m\u00e9rites, plut\u00f4t que compar\u00e9s directement aux acteurs humains\u00a0\u00bb.<\/p>\n<p><a href=\"https:\/\/www.20minutes.fr\/dossier\/intelligence_artificielle\" class=\"c-link c-btn c-btn--primary\" target=\"_blank\" rel=\"noopener\">Notre dossier \u00ab Intelligence artificielle \u00bb<\/a><\/p>\n<p>Ces derniers mois, l\u2019utilisation de l\u2019IA est devenue de plus en plus visible dans les industries cr\u00e9atives, g\u00e9n\u00e9rant \u00e0 chaque fois des pol\u00e9miques. <a href=\"https:\/\/www.20minutes.fr\/arts-stars\/4162831-20250719-the-velvet-sundown-met-nu-ruee-vers-faux-morceaux-generes-intelligence-artificielle\" class=\"c-link c-link--is-underlined\" target=\"_blank\" rel=\"noopener\">Le groupe virtuel The Velvet Sundown<\/a> a, par exemple, d\u00e9pass\u00e9 le million d\u2019auditeurs sur <a href=\"https:\/\/www.20minutes.fr\/dossier\/spotify\" class=\"c-link c-link--is-underlined\" target=\"_blank\" rel=\"noopener\">Spotify <\/a>\u00e0 l\u2019\u00e9t\u00e9\u00a02025. Et dans son num\u00e9ro d\u2019ao\u00fbt, le magazine <a href=\"https:\/\/www.20minutes.fr\/dossier\/vogue\" class=\"c-link c-link--is-underlined\" target=\"_blank\" rel=\"noopener\">Vogue <\/a>a publi\u00e9 une publicit\u00e9 mettant en sc\u00e8ne une mannequin fictive g\u00e9n\u00e9r\u00e9e par IA.<\/p>\n","protected":false},"excerpt":{"rendered":"C\u2019est effrayant mais pas surprenant. Une nouvelle actrice fait beaucoup parler d\u2019elle \u00e0 Hollywood, et pour cause\u00a0: elle&hellip;\n","protected":false},"author":2,"featured_media":442508,"comment_status":"","ping_status":"","sticky":false,"template":"","format":"standard","meta":{"footnotes":""},"categories":[1359],"tags":[2594,650,58,59,2081,1011,27,2137,2440,3995,1550,973,4420,6852,896,20632,133,22546],"class_list":{"0":"post-442507","1":"post","2":"type-post","3":"status-publish","4":"format-standard","5":"has-post-thumbnail","7":"category-people","8":"tag-actrice","9":"tag-cinema","10":"tag-divertissement","11":"tag-entertainment","12":"tag-film","13":"tag-fr","14":"tag-france","15":"tag-hollywood","16":"tag-instagram","17":"tag-intelligence-artificielle-ia","18":"tag-natalie-portman","19":"tag-people","20":"tag-scarlett-johansson","21":"tag-spotify","22":"tag-tas-vu","23":"tag-the-white-lotus","24":"tag-video","25":"tag-vogue"},"share_on_mastodon":{"url":"https:\/\/pubeurope.com\/@fr\/115326399483295003","error":""},"_links":{"self":[{"href":"https:\/\/www.europesays.com\/fr\/wp-json\/wp\/v2\/posts\/442507","targetHints":{"allow":["GET"]}}],"collection":[{"href":"https:\/\/www.europesays.com\/fr\/wp-json\/wp\/v2\/posts"}],"about":[{"href":"https:\/\/www.europesays.com\/fr\/wp-json\/wp\/v2\/types\/post"}],"author":[{"embeddable":true,"href":"https:\/\/www.europesays.com\/fr\/wp-json\/wp\/v2\/users\/2"}],"replies":[{"embeddable":true,"href":"https:\/\/www.europesays.com\/fr\/wp-json\/wp\/v2\/comments?post=442507"}],"version-history":[{"count":0,"href":"https:\/\/www.europesays.com\/fr\/wp-json\/wp\/v2\/posts\/442507\/revisions"}],"wp:featuredmedia":[{"embeddable":true,"href":"https:\/\/www.europesays.com\/fr\/wp-json\/wp\/v2\/media\/442508"}],"wp:attachment":[{"href":"https:\/\/www.europesays.com\/fr\/wp-json\/wp\/v2\/media?parent=442507"}],"wp:term":[{"taxonomy":"category","embeddable":true,"href":"https:\/\/www.europesays.com\/fr\/wp-json\/wp\/v2\/categories?post=442507"},{"taxonomy":"post_tag","embeddable":true,"href":"https:\/\/www.europesays.com\/fr\/wp-json\/wp\/v2\/tags?post=442507"}],"curies":[{"name":"wp","href":"https:\/\/api.w.org\/{rel}","templated":true}]}}