{"id":442509,"date":"2025-10-06T09:00:12","date_gmt":"2025-10-06T09:00:12","guid":{"rendered":"https:\/\/www.europesays.com\/fr\/442509\/"},"modified":"2025-10-06T09:00:12","modified_gmt":"2025-10-06T09:00:12","slug":"sous-le-pommier-en-fleur-chronique-le-suricate","status":"publish","type":"post","link":"https:\/\/www.europesays.com\/fr\/442509\/","title":{"rendered":"Sous le pommier en fleur (chronique) \u2022 Le Suricate"},"content":{"rendered":"<p><a href=\"https:\/\/www.grasset.fr\/livre\/sous-les-pommiers-en-fleurs-9782246839224\/\" target=\"_blank\" rel=\" noreferrer noopener nofollow\"><img fetchpriority=\"high\" decoding=\"async\" width=\"780\" height=\"987\" src=\"https:\/\/www.europesays.com\/fr\/wp-content\/uploads\/2025\/10\/Sous-le-pommier-couv.jpeg\" alt=\"Couverture du livre pour enfants \u00ab Sous le pommier en fleur \u00bb (Grasset, 2025)\" class=\"wp-image-89201 size-full\"  \/><\/a><\/p>\n<p class=\"has-text-align-right\"><strong><a href=\"https:\/\/www.grasset.fr\/livre\/sous-les-pommiers-en-fleurs-9782246839224\/\" target=\"_blank\" rel=\"noreferrer noopener nofollow\">Sous le pommier en fleur<\/a><\/strong><br \/>Texte : <strong>Henri Meunier<\/strong><br \/>Dessin : <strong>Olivier Latyk<\/strong><br \/>\u00c9diteur : <strong>Grasset<\/strong><br \/>Date de parution : <strong>24 septembre 2025<\/strong><br \/>Genre : <strong>Album jeunesse, Premi\u00e8res lectures<\/strong><\/p>\n<p><strong>Sous le pommier en fleur est un album jeunesse destin\u00e9 aux enfants d\u00e8s 6 ans, qui fait l\u2019\u00e9loge du l\u00e2cher-prise et de l\u2019amiti\u00e9. Une fois n\u2019est pas coutume, le h\u00e9ros n\u2019est ni un enfant ni un personnage merveilleux, mais un quadrag\u00e9naire solitaire dont la vie va \u00eatre boulevers\u00e9e par l\u2019arriv\u00e9e d\u2019un pensionnaire pour le moins inattendu\u2026 un hippopotame l\u00e9gu\u00e9 par son oncle aventurier. Plein d\u2019humour et de po\u00e9sie, ce texte original est aussi magnifiquement illustr\u00e9.<\/strong><\/p>\n<p>Monsieur B\u00e9rard est un homme discret et solitaire, obs\u00e9d\u00e9 par l\u2019ordre et la r\u00e9gularit\u00e9. Comptable de profession, il sort aussi peu que possible, pr\u00e9f\u00e9rant un quotidien sans surprise. Mais lorsque son oncle d\u00e9c\u00e8de et lui confie, en h\u00e9ritage, la garde de son animal de compagnie \u2014 un hippopotame pr\u00e9nomm\u00e9 Arthur \u2014 c\u2019est la panique. Comment int\u00e9grer un tel colocataire dans un quotidien millim\u00e9tr\u00e9 ? Car Monsieur B\u00e9rard, tout rigide qu\u2019il soit, a le sens du devoir, et ne peut se r\u00e9soudre \u00e0 se d\u00e9barrasser de l\u2019animal. Fort heureusement : car apr\u00e8s quelques jours, une amiti\u00e9 inattendue va na\u00eetre entre l\u2019homme et l\u2019hippopotame, modifiant peu \u00e0 peu la vision du monde de ce misanthrope inv\u00e9t\u00e9r\u00e9.<\/p>\n<p>Un peu \u00e0 la mani\u00e8re d\u2019une fable, Sous le pommier en fleur met en garde contre le d\u00e9sir de tout contr\u00f4ler et c\u00e9l\u00e8bre l\u2019ouverture \u00e0 l\u2019autre comme un chemin vers le bonheur. L\u2019hippopotame incarne ici la figure de l\u2019\u00e9tranger : un inconnu si diff\u00e9rent qu\u2019il suscite d\u2019abord l\u2019indiff\u00e9rence, voire la crainte, mais qui peut devenir un ami pr\u00e9cieux si l\u2019on prend le temps de briser la glace.<\/p>\n<p>Le texte, \u00e0 l\u2019humour subtil, empreint d\u2019ironie et de tendresse, prend une dimension po\u00e9tique gr\u00e2ce aux illustrations lumineuses d\u2019Olivier Latyk. Celles-ci varient dans leur mise en page : tant\u00f4t en double page, tant\u00f4t en vis-\u00e0-vis du texte, ou encore en petites vignettes diss\u00e9min\u00e9es ici et l\u00e0. Elles s\u00e9duisent par leurs beaux d\u00e9grad\u00e9s de couleurs et l\u2019usage d\u00e9licat de voiles de lumi\u00e8re ou d\u2019ombre. Le d\u00e9nouement, enfin, est \u00e0 la fois doux-amer et profond\u00e9ment touchant.<\/p>\n","protected":false},"excerpt":{"rendered":"Sous le pommier en fleurTexte : Henri MeunierDessin : Olivier Latyk\u00c9diteur : GrassetDate de parution : 24 septembre&hellip;\n","protected":false},"author":2,"featured_media":442510,"comment_status":"","ping_status":"","sticky":false,"template":"","format":"standard","meta":{"footnotes":""},"categories":[1357],"tags":[1379,58,59,1011,27,1380],"class_list":{"0":"post-442509","1":"post","2":"type-post","3":"status-publish","4":"format-standard","5":"has-post-thumbnail","7":"category-livres","8":"tag-books","9":"tag-divertissement","10":"tag-entertainment","11":"tag-fr","12":"tag-france","13":"tag-livres"},"share_on_mastodon":{"url":"https:\/\/pubeurope.com\/@fr\/115326407967263045","error":""},"_links":{"self":[{"href":"https:\/\/www.europesays.com\/fr\/wp-json\/wp\/v2\/posts\/442509","targetHints":{"allow":["GET"]}}],"collection":[{"href":"https:\/\/www.europesays.com\/fr\/wp-json\/wp\/v2\/posts"}],"about":[{"href":"https:\/\/www.europesays.com\/fr\/wp-json\/wp\/v2\/types\/post"}],"author":[{"embeddable":true,"href":"https:\/\/www.europesays.com\/fr\/wp-json\/wp\/v2\/users\/2"}],"replies":[{"embeddable":true,"href":"https:\/\/www.europesays.com\/fr\/wp-json\/wp\/v2\/comments?post=442509"}],"version-history":[{"count":0,"href":"https:\/\/www.europesays.com\/fr\/wp-json\/wp\/v2\/posts\/442509\/revisions"}],"wp:featuredmedia":[{"embeddable":true,"href":"https:\/\/www.europesays.com\/fr\/wp-json\/wp\/v2\/media\/442510"}],"wp:attachment":[{"href":"https:\/\/www.europesays.com\/fr\/wp-json\/wp\/v2\/media?parent=442509"}],"wp:term":[{"taxonomy":"category","embeddable":true,"href":"https:\/\/www.europesays.com\/fr\/wp-json\/wp\/v2\/categories?post=442509"},{"taxonomy":"post_tag","embeddable":true,"href":"https:\/\/www.europesays.com\/fr\/wp-json\/wp\/v2\/tags?post=442509"}],"curies":[{"name":"wp","href":"https:\/\/api.w.org\/{rel}","templated":true}]}}