{"id":44251,"date":"2025-04-22T15:16:10","date_gmt":"2025-04-22T15:16:10","guid":{"rendered":"https:\/\/www.europesays.com\/fr\/44251\/"},"modified":"2025-04-22T15:16:10","modified_gmt":"2025-04-22T15:16:10","slug":"candidat-aux-municipales-a-paris-et-jeune-papa-david-belliard-se-confie-les-difficultes-de-ladoption","status":"publish","type":"post","link":"https:\/\/www.europesays.com\/fr\/44251\/","title":{"rendered":"Candidat aux municipales \u00e0 Paris et jeune papa, David Belliard se confie les difficult\u00e9s de l&rsquo;adoption"},"content":{"rendered":"<p>            Par<br \/>\n        <strong><br \/>\n            <a href=\"https:\/\/actu.fr\/auteur\/sarah-coulet\" title=\"Consulter tous les articles de Sarah Coulet\" rel=\"nofollow noopener\" target=\"_blank\">Sarah Coulet<\/a><br \/>\n        <\/strong><\/p>\n<p>        Publi\u00e9 le<\/p>\n<p>            22 avr. 2025 \u00e0 16h42        <\/p>\n<p>Tout juste <a href=\"https:\/\/actu.fr\/ile-de-france\/paris_75056\/municipales-2026-a-paris-david-belliard-remporte-le-premier-tour-de-la-primaire-ecologiste_62381435.html\" rel=\"nofollow noopener\" target=\"_blank\">d\u00e9sign\u00e9 par les Verts comme candidat<\/a> \u00e0 la <a href=\"https:\/\/actu.fr\/tag\/mairie-de-paris\" rel=\"nofollow noopener\" target=\"_blank\">Mairie de Paris<\/a>, David Belliard s\u2019est livr\u00e9, via une publication Instagram, sur son <strong>nouveau r\u00f4le de p\u00e8re<\/strong> et sur le long parcours travers\u00e9 pour acc\u00e9der \u00e0 la paternit\u00e9 en tant qu\u2019homosexuel.<\/p>\n<p>\u00ab\u00a0Un b\u00e9b\u00e9. Six mois. Une nouvelle vie\u00a0\u00bb<\/p>\n<p class=\" wall-content\">Car ce n\u2019est pas un secret, devenir parents pour les couples de m\u00eame sexe est un chemin souvent bien plus long que pour les h\u00e9t\u00e9rosexuels. La GPA (gestation pour autrui) n\u2019\u00e9tant pas autoris\u00e9e en France et tr\u00e8s co\u00fbteuse ailleurs, <strong>l\u2019adoption<\/strong> reste une des seules autres voies possibles pour les hommes qui souhaitent devenir p\u00e8res.<\/p>\n<p class=\" wall-content\">Sept ans. C\u2019est le nombre d\u2019ann\u00e9es qu\u2019il aura fallu avant que David Belliard et son compagnon re\u00e7oivent, un matin de f\u00e9vrier\u00a02025, un appel. \u00ab\u00a0Le conseil de famille vous a retenu en vue d\u2019une adoption\u00a0\u00bb. Un b\u00e9b\u00e9. Six mois. Une nouvelle vie\u00a0\u00bb, retrace-t-il sur Instagram.\u00a0Des ann\u00e9es dont il se souvient en ces termes\u2009: \u00ab\u00a0un <strong>chemin tortueux, douloureux<\/strong>, fait d\u2019essais, d\u2019impasses, d\u2019erreurs aussi, de rencontres.\u00a0\u00bb\u00a0<\/p>\n<p class=\" wall-content\"><a href=\"https:\/\/www.instagram.com\/p\/DIuSIJFgHKH\/embed\" title=\"Ouvrir le lien sur Instagram\" rel=\"nofollow noopener\" target=\"_blank\">Visualiser le contenu sur Instagram<\/a><\/p>\n<p class=\" wall-content\">\u00abJ\u2019\u00e9tais convaincu que c\u2019\u00e9tait la <strong>fatalit\u00e9 de l\u2019homosexualit\u00e9<\/strong>, qu\u2019elle imposait cette forme de transgression au monde\u2009\u00bb, confie l\u2019adjoint \u00e0 la Mairie de Paris avant d\u2019expliquer avoir pris conscience de cette \u00ab\u2009\u00e9crasante in\u00e9galit\u00e9\u2009\u00bb.<\/p>\n<p class=\" wall-content\">En f\u00e9vrier\u00a02025, \u00e0 46\u00a0ans, il est donc devenu le p\u00e8re d\u2019un b\u00e9b\u00e9 de six mois pr\u00e9nomm\u00e9 <strong>Gabriel<\/strong>. \u00ab\u2009Cette rencontre avec ce petit gar\u00e7on, c\u2019est aussi le fruit de combats et de luttes. Je sais ce que je dois \u00e0 celles et ceux qui s\u2019y sont jet\u00e9s \u00e0 corps perdu, sans pouvoir en jouir pour eux-m\u00eames. Je les admire tant.\u2009\u00bb<\/p>\n<p>Vid\u00e9os : en ce moment sur Actu<\/p>\n<p class=\" wall-content\">Suivez toute l\u2019actualit\u00e9 de vos villes et m\u00e9dias favoris en vous inscrivant \u00e0 <a href=\"https:\/\/moncompte.actu.fr\" title=\"D\u00e9couvez Mon Actu\" rel=\"nofollow noopener\" data-trk=\"{&quot;cta&quot;:{&quot;action&quot;:&quot;https:\\\/\\\/moncompte.actu.fr&quot;,&quot;category&quot;:&quot;mon compte&quot;,&quot;from&quot;:&quot;article footer&quot;,&quot;name&quot;:&quot;Mon actu&quot;,&quot;type&quot;:&quot;cta&quot;}}\" target=\"_blank\">Mon Actu<\/a>.<\/p>\n<p>                    <script async src=\"\/\/www.instagram.com\/embed.js\"><\/script><\/p>\n","protected":false},"excerpt":{"rendered":"Par Sarah Coulet Publi\u00e9 le 22 avr. 2025 \u00e0 16h42 Tout juste d\u00e9sign\u00e9 par les Verts comme candidat&hellip;\n","protected":false},"author":2,"featured_media":44252,"comment_status":"","ping_status":"","sticky":false,"template":"","format":"standard","meta":{"footnotes":""},"categories":[1888],"tags":[1111,1928,11,1927,1719,1777,674,1011,27,2381,12,1926,626,1925,25,104],"class_list":{"0":"post-44251","1":"post","2":"type-post","3":"status-publish","4":"format-standard","5":"has-post-thumbnail","7":"category-paris","8":"tag-actu","9":"tag-actu-paris","10":"tag-actualites","11":"tag-actualites-paris","12":"tag-enfants","13":"tag-eu","14":"tag-europe","15":"tag-fr","16":"tag-france","17":"tag-mairie-de-paris","18":"tag-news","19":"tag-news-paris","20":"tag-paris","21":"tag-paris-news","22":"tag-republique-francaise","23":"tag-societe"},"share_on_mastodon":{"url":"https:\/\/pubeurope.com\/@fr\/114382280022215175","error":""},"_links":{"self":[{"href":"https:\/\/www.europesays.com\/fr\/wp-json\/wp\/v2\/posts\/44251","targetHints":{"allow":["GET"]}}],"collection":[{"href":"https:\/\/www.europesays.com\/fr\/wp-json\/wp\/v2\/posts"}],"about":[{"href":"https:\/\/www.europesays.com\/fr\/wp-json\/wp\/v2\/types\/post"}],"author":[{"embeddable":true,"href":"https:\/\/www.europesays.com\/fr\/wp-json\/wp\/v2\/users\/2"}],"replies":[{"embeddable":true,"href":"https:\/\/www.europesays.com\/fr\/wp-json\/wp\/v2\/comments?post=44251"}],"version-history":[{"count":0,"href":"https:\/\/www.europesays.com\/fr\/wp-json\/wp\/v2\/posts\/44251\/revisions"}],"wp:featuredmedia":[{"embeddable":true,"href":"https:\/\/www.europesays.com\/fr\/wp-json\/wp\/v2\/media\/44252"}],"wp:attachment":[{"href":"https:\/\/www.europesays.com\/fr\/wp-json\/wp\/v2\/media?parent=44251"}],"wp:term":[{"taxonomy":"category","embeddable":true,"href":"https:\/\/www.europesays.com\/fr\/wp-json\/wp\/v2\/categories?post=44251"},{"taxonomy":"post_tag","embeddable":true,"href":"https:\/\/www.europesays.com\/fr\/wp-json\/wp\/v2\/tags?post=44251"}],"curies":[{"name":"wp","href":"https:\/\/api.w.org\/{rel}","templated":true}]}}