{"id":442529,"date":"2025-10-06T09:13:10","date_gmt":"2025-10-06T09:13:10","guid":{"rendered":"https:\/\/www.europesays.com\/fr\/442529\/"},"modified":"2025-10-06T09:13:10","modified_gmt":"2025-10-06T09:13:10","slug":"un-camion-en-feu-des-kilometres-de-bouchons","status":"publish","type":"post","link":"https:\/\/www.europesays.com\/fr\/442529\/","title":{"rendered":"un camion en feu, des kilom\u00e8tres de bouchons"},"content":{"rendered":"<p>            Par<br \/>\n        <strong><br \/>\n            <a href=\"https:\/\/actu.fr\/auteur\/mathias-souteyrat\" title=\"Consulter tous les articles de Mathias Souteyrat\" target=\"_blank\" rel=\"noopener\">Mathias Souteyrat<\/a><br \/>\n        <\/strong><\/p>\n<p>        Publi\u00e9 le<\/p>\n<p>            6 oct. 2025 \u00e0 10h57        <\/p>\n<p>Ce lundi 6\u00a0octobre 2025, vers 10\u00a0heures, un camion a pris feu sur la <a href=\"https:\/\/actu.fr\/tag\/route-nationale-88-rn88\" target=\"_blank\" rel=\"noopener\">RN88<\/a> dans le sens <a href=\"https:\/\/actu.fr\/auvergne-rhone-alpes\/saint-etienne_42218\" target=\"_blank\" rel=\"noopener\">Saint-\u00c9tienne<\/a> vers Le Puy, \u00e0 hauteur de la bretelle Montplaisir \u00e0 Saint-Etienne. Des kilom\u00e8tres de ralentissements sont recens\u00e9s.<\/p>\n<p class=\" wall-content\">\u00c0 11h, \u00ab\u00a0la circulation peut \u00e0 nouveau se faire, mais uniquement sur une voie\u00a0\u00bb.<\/p>\n<p>3 \u00e0 4\u00a0km de bouchons<\/p>\n<p class=\" wall-content\">\u00ab\u00a0La circulation est totalement \u00e0 l\u2019arr\u00eat et aucune d\u00e9viation n\u2019est pour l\u2019instant propos\u00e9e. \u00c9vitez le secteur\u00a0\u00bb, pr\u00e9cise la pr\u00e9fecture, qui signale d\u00e9j\u00e0 3 \u00e0 4\u00a0km de bouchons.<\/p>\n<p class=\" wall-content\">Il n\u2019y a pas pour le moment de d\u00e9viation. La circulation est compl\u00e8tement arr\u00eat\u00e9e.\u00a0<\/p>\n<p>Plus d\u2019infos \u00e0 venir\u2026<\/p>\n<p class=\" wall-content\">Personnalisez votre actualit\u00e9 en ajoutant vos villes et m\u00e9dias en favori avec <a href=\"https:\/\/moncompte.actu.fr\" title=\"D\u00e9couvez Mon Actu\" rel=\"nofollow noopener\" data-trk=\"{&quot;cta&quot;:{&quot;action&quot;:&quot;https:\\\/\\\/moncompte.actu.fr&quot;,&quot;category&quot;:&quot;mon compte&quot;,&quot;from&quot;:&quot;article footer&quot;,&quot;name&quot;:&quot;Mon actu&quot;,&quot;type&quot;:&quot;cta&quot;}}\" target=\"_blank\">Mon Actu<\/a>.<\/p>\n","protected":false},"excerpt":{"rendered":"Par Mathias Souteyrat Publi\u00e9 le 6 oct. 2025 \u00e0 10h57 Ce lundi 6\u00a0octobre 2025, vers 10\u00a0heures, un camion&hellip;\n","protected":false},"author":2,"featured_media":442530,"comment_status":"","ping_status":"","sticky":false,"template":"","format":"standard","meta":{"footnotes":""},"categories":[9653],"tags":[1111,11,2430,1777,674,118,1011,27,1310,12,25,18458,4001],"class_list":{"0":"post-442529","1":"post","2":"type-post","3":"status-publish","4":"format-standard","5":"has-post-thumbnail","7":"category-saint-etienne","8":"tag-actu","9":"tag-actualites","10":"tag-auvergne-rhone-alpes","11":"tag-eu","12":"tag-europe","13":"tag-faits-divers","14":"tag-fr","15":"tag-france","16":"tag-incendie","17":"tag-news","18":"tag-republique-francaise","19":"tag-route-nationale-88-rn88","20":"tag-saint-etienne"},"share_on_mastodon":{"url":"https:\/\/pubeurope.com\/@fr\/115326458575639625","error":""},"_links":{"self":[{"href":"https:\/\/www.europesays.com\/fr\/wp-json\/wp\/v2\/posts\/442529","targetHints":{"allow":["GET"]}}],"collection":[{"href":"https:\/\/www.europesays.com\/fr\/wp-json\/wp\/v2\/posts"}],"about":[{"href":"https:\/\/www.europesays.com\/fr\/wp-json\/wp\/v2\/types\/post"}],"author":[{"embeddable":true,"href":"https:\/\/www.europesays.com\/fr\/wp-json\/wp\/v2\/users\/2"}],"replies":[{"embeddable":true,"href":"https:\/\/www.europesays.com\/fr\/wp-json\/wp\/v2\/comments?post=442529"}],"version-history":[{"count":0,"href":"https:\/\/www.europesays.com\/fr\/wp-json\/wp\/v2\/posts\/442529\/revisions"}],"wp:featuredmedia":[{"embeddable":true,"href":"https:\/\/www.europesays.com\/fr\/wp-json\/wp\/v2\/media\/442530"}],"wp:attachment":[{"href":"https:\/\/www.europesays.com\/fr\/wp-json\/wp\/v2\/media?parent=442529"}],"wp:term":[{"taxonomy":"category","embeddable":true,"href":"https:\/\/www.europesays.com\/fr\/wp-json\/wp\/v2\/categories?post=442529"},{"taxonomy":"post_tag","embeddable":true,"href":"https:\/\/www.europesays.com\/fr\/wp-json\/wp\/v2\/tags?post=442529"}],"curies":[{"name":"wp","href":"https:\/\/api.w.org\/{rel}","templated":true}]}}