{"id":442533,"date":"2025-10-06T09:15:18","date_gmt":"2025-10-06T09:15:18","guid":{"rendered":"https:\/\/www.europesays.com\/fr\/442533\/"},"modified":"2025-10-06T09:15:18","modified_gmt":"2025-10-06T09:15:18","slug":"a-nancy-il-se-fait-voler-son-vehicule-en-recuperant-une-commande","status":"publish","type":"post","link":"https:\/\/www.europesays.com\/fr\/442533\/","title":{"rendered":"\u00c0 Nancy, il se fait voler son v\u00e9hicule en r\u00e9cup\u00e9rant une commande"},"content":{"rendered":"<p itemprop=\"description\">Un conducteur a laiss\u00e9 son moteur tourner pour r\u00e9cup\u00e9rer une commande mais un voleur en a profit\u00e9 pour s&rsquo;en emparer.<\/p>\n<p>\t\tEN BREF<\/p>\n<ul class=\"bloc_resume_post_list\">\n<li>\n<p>\t\t\t\t\t\t\t\tLe 24 septembre 2025 \u00e0 Nancy, un automobiliste se fait voler sa voiture par un homme de 49 ans connu des services de police.\n\t\t\t\t\t\t<\/li>\n<li>\n<p>\t\t\t\t\t\t\t\tLe voleur a d\u00e9clench\u00e9 une course-poursuite en centre-ville, grillant des feux rouges et prenant des ronds-points \u00e0 contresens.\n\t\t\t\t\t\t<\/li>\n<li>\n<p>\t\t\t\t\t\t\t\tNe laissez jamais votre v\u00e9hicule en marche sans surveillance, m\u00eame pour quelques minutes, pour \u00e9viter des vols co\u00fbteux.\n\t\t\t\t\t\t<\/li>\n<\/ul>\n<p>Il pensait n\u00a0\u00bben avoir que pour quelques minutes. Ce mercredi 24 septembre 2025, \u00e0 <strong>Nancy<\/strong>, un automobiliste s&rsquo;est arr\u00eat\u00e9 rue Saint-Dizier pour<strong> r\u00e9cup\u00e9rer une commande<\/strong>. Mais en un instant, un homme de 49 ans s&rsquo;est introduit dans son v\u00e9hicule et a pris la fuite. Cela a d\u00e9clench\u00e9 une <strong>course-poursuite spectaculaire<\/strong> avec la police, en plein centre-ville, selon <a href=\"https:\/\/actu.fr\/grand-est\/nancy_54395\/nancy-il-se-fait-voler-sa-voiture-le-temps-de-recuperer-une-commande_63233498.html\" target=\"_blank\" rel=\"nofollow noopener\">Actu.fr<\/a>.<\/p>\n<p>\t\t\tUne fuite \u00e0 toute vitesse dans les rues de Nancy <\/p>\n<p>Aux alentours de <strong>16h30<\/strong>, le conducteur s&rsquo;est arr\u00eat\u00e9 quelques instants<a href=\"https:\/\/www.autoplus.fr\/pratique\/indicateur-de-changements-de-vitesse-ce-dispositif-qui-veut-bien-faire-mais-qui-abime-votre-moteur-1400840.html\" target=\"_blank\" rel=\"noopener\"> sans couper le moteur<\/a>. Pour le voleur, l&rsquo;opportunit\u00e9 \u00e9tait clairement trop belle. D\u00e9j\u00e0 connu des services de police, il s&rsquo;est install\u00e9 derri\u00e8re le volant et a d\u00e9marr\u00e9 en trombe. Compl\u00e8tement choqu\u00e9e, la victime a alert\u00e9 imm\u00e9diatement une <strong>patrouille<\/strong> \u00e0 proximit\u00e9. Tr\u00e8s rapidement, toutes les unit\u00e9s de police de Nancy ont re\u00e7u la description du v\u00e9hicule et se sont lanc\u00e9es \u00e0 sa <strong>poursuite<\/strong>.<\/p>\n<p> <img loading=\"lazy\" decoding=\"async\" aria-describedby=\"caption-attachment-1401009\" itemprop=\"thumbnailUrl\" class=\"size-large wp-image-1401009 img-responsive \" src=\"https:\/\/www.europesays.com\/fr\/wp-content\/uploads\/2025\/10\/route-nancy-768x512.jpg\" alt=\"Une route pr\u00e8s de Nancy\" width=\"768\" height=\"512\"  \/> \u00a9  Wikimedia Commons<\/p>\n<p id=\"caption-attachment-1401009\" class=\"wp-caption-text\">Le voleur a pris tous les risques possibles sur la route.<\/p>\n<p>Le fugitif a pris la direction de <strong>Champigneulles<\/strong>, semant la panique sur la route. Il a grill\u00e9 des<strong> feux rouges<\/strong>, franchi des z\u00e9bras et pris des <a href=\"https:\/\/www.autoplus.fr\/actualite\/adieu-les-ronds-points-traditionnels-ces-carrefours-crees-dans-les-annees-1980-seraient-plus-surs-1399315.html\" target=\"_blank\" rel=\"noopener\">ronds-points<\/a> \u00e0 contresens. Pour lui, la liste des infractions s&rsquo;est vite allong\u00e9e. Selon la police, l&rsquo;homme aurait m\u00eame fait mine d&rsquo;obtemp\u00e9rer avant de relancer son moteur \u00e0 pleine puissance pour tenter de mieux semer les forces de l&rsquo;ordre. Cette man\u0153uvre p\u00e9rilleuse a apport\u00e9 encore <strong>plus de danger<\/strong> sur la route.<\/p>\n<p> L&rsquo;arrestation du chauffard et une condamnation rapide <\/p>\n<p>Apr\u00e8s plusieurs heures de recherches, le v\u00e9hicule est finalement rep\u00e9r\u00e9 rue Ren\u00e9 Schwartz, \u00e0 <strong>Max\u00e9ville<\/strong>. Cette fois, les policiers ne l&rsquo;ont pas laiss\u00e9 filer. L&rsquo;homme a \u00e9t\u00e9 interpell\u00e9 <strong>sans incident majeur<\/strong>. Mais son profil en dit long : positif \u00e0 l&rsquo;<strong>alcool\u00e9mie<\/strong> et sans <a href=\"https:\/\/www.autoplus.fr\/actualite\/insolite\/les-perles-les-plus-droles-du-permis-de-conduire-1285639.html\" target=\"_blank\" rel=\"noopener\">permis de conduire<\/a>. Pr\u00e9sent\u00e9 en comparution imm\u00e9diate deux jours plus tard, le mis en cause a \u00e9cop\u00e9 de <strong>15 mois de prison ferme<\/strong>. Il s&rsquo;agit v\u00e9ritablement d&rsquo;une <strong>peine exemplaire<\/strong> pour rappeler qu&rsquo;un coup de folie derri\u00e8re le volant peut rapidement tourner au drame.<\/p>\n<p>Cet \u00e9pisode, insolite par son encha\u00eenement improbable, rappelle notamment \u00e0 quel point laisser un moteur tourner sans surveillance, m\u00eame pour quelques minutes, peut <strong>co\u00fbter tr\u00e8s cher<\/strong>. En l&rsquo;espace de quelques secondes, un v\u00e9hicule peut devenir la sc\u00e8ne d&rsquo;une <a href=\"https:\/\/www.autoplus.fr\/actualite\/insolite\/course-poursuite-surrealiste-il-pousse-jusqu-a-270-km-h-pour-tenter-echapper-a-la-police-1335467.html\" target=\"_blank\" rel=\"noopener\">course-poursuite<\/a> \u00e0 haut risque. Ainsi, une banale commande peut se transformer en m\u00e9saventure digne d&rsquo;un film d&rsquo;action.<\/p>\n<p>En France,<strong> une voiture est vol\u00e9e toutes les 4 minutes<\/strong> selon les chiffres du minist\u00e8re de l&rsquo;Int\u00e9rieur. D&rsquo;ailleurs, pr\u00e8s de <strong>10 %<\/strong> de ces vols se produisent lorsque le conducteur laisse le moteur en marche. Finalement, il est donc crucial de ne jamais quitter son v\u00e9hicule en laissant <strong>les cl\u00e9s sur le contact<\/strong>, peu importe le contexte.<\/p>\n","protected":false},"excerpt":{"rendered":"Un conducteur a laiss\u00e9 son moteur tourner pour r\u00e9cup\u00e9rer une commande mais un voleur en a profit\u00e9 pour&hellip;\n","protected":false},"author":2,"featured_media":442534,"comment_status":"","ping_status":"","sticky":false,"template":"","format":"standard","meta":{"footnotes":""},"categories":[9635],"tags":[1111,11,10281,1777,674,1011,27,775,1702,12,25],"class_list":{"0":"post-442533","1":"post","2":"type-post","3":"status-publish","4":"format-standard","5":"has-post-thumbnail","7":"category-nancy","8":"tag-actu","9":"tag-actualites","10":"tag-buzz-nonli","11":"tag-eu","12":"tag-europe","13":"tag-fr","14":"tag-france","15":"tag-grand-est","16":"tag-nancy","17":"tag-news","18":"tag-republique-francaise"},"share_on_mastodon":{"url":"https:\/\/pubeurope.com\/@fr\/115326466462483274","error":""},"_links":{"self":[{"href":"https:\/\/www.europesays.com\/fr\/wp-json\/wp\/v2\/posts\/442533","targetHints":{"allow":["GET"]}}],"collection":[{"href":"https:\/\/www.europesays.com\/fr\/wp-json\/wp\/v2\/posts"}],"about":[{"href":"https:\/\/www.europesays.com\/fr\/wp-json\/wp\/v2\/types\/post"}],"author":[{"embeddable":true,"href":"https:\/\/www.europesays.com\/fr\/wp-json\/wp\/v2\/users\/2"}],"replies":[{"embeddable":true,"href":"https:\/\/www.europesays.com\/fr\/wp-json\/wp\/v2\/comments?post=442533"}],"version-history":[{"count":0,"href":"https:\/\/www.europesays.com\/fr\/wp-json\/wp\/v2\/posts\/442533\/revisions"}],"wp:featuredmedia":[{"embeddable":true,"href":"https:\/\/www.europesays.com\/fr\/wp-json\/wp\/v2\/media\/442534"}],"wp:attachment":[{"href":"https:\/\/www.europesays.com\/fr\/wp-json\/wp\/v2\/media?parent=442533"}],"wp:term":[{"taxonomy":"category","embeddable":true,"href":"https:\/\/www.europesays.com\/fr\/wp-json\/wp\/v2\/categories?post=442533"},{"taxonomy":"post_tag","embeddable":true,"href":"https:\/\/www.europesays.com\/fr\/wp-json\/wp\/v2\/tags?post=442533"}],"curies":[{"name":"wp","href":"https:\/\/api.w.org\/{rel}","templated":true}]}}