{"id":442543,"date":"2025-10-06T09:20:20","date_gmt":"2025-10-06T09:20:20","guid":{"rendered":"https:\/\/www.europesays.com\/fr\/442543\/"},"modified":"2025-10-06T09:20:20","modified_gmt":"2025-10-06T09:20:20","slug":"avec-kinemandjaro-sept-etudiants-de-lecole-de-kine-rouennaise-sont-partis-en-tanzanie-renover-des-ecoles","status":"publish","type":"post","link":"https:\/\/www.europesays.com\/fr\/442543\/","title":{"rendered":"Avec Kin\u00e9\u2019Mandjaro, sept \u00e9tudiants de l\u2019\u00e9cole de kin\u00e9 rouennaise sont partis en Tanzanie r\u00e9nover des \u00e9coles"},"content":{"rendered":"<p>            Par<br \/>\n        <strong><br \/>\n            <a href=\"https:\/\/actu.fr\/auteur\/chloe-bachellet\" title=\"Consulter tous les articles de Chloe Bachelet\" target=\"_blank\" rel=\"noopener\">Chloe Bachelet<\/a><br \/>\n        <\/strong><\/p>\n<p>        Publi\u00e9 le<\/p>\n<p>            6 oct. 2025 \u00e0 7h06        <\/p>\n<p>En octobre\u00a02024, sept \u00e9tudiants en deuxi\u00e8me ann\u00e9e \u00e0 l\u2019\u00e9cole de masso-kin\u00e9sith\u00e9rapie de Rouen cr\u00e9aient une association, \u00ab\u2009Kin\u00e9\u2019Mandjaro\u2009\u00bb, pour venir en aide aux enfants de la r\u00e9gion du Kilimandjaro en Tanzanie.<\/p>\n<p class=\" wall-content\">Leur objectif \u00e9tant de se rendre sur place durant l\u2019\u00e9t\u00e9 2025 pour r\u00e9nover des salles de classe, faire d\u00e9couvrir la culture Fran\u00e7aise et sensibiliser aux enjeux de sant\u00e9. Apr\u00e8s pr\u00e8s d\u2019une ann\u00e9e d\u2019actions pour r\u00e9colter des fonds, et un voyage r\u00e9alis\u00e9 durant le mois de juillet, les membres de l\u2019association passent la main aux nouveaux deuxi\u00e8me ann\u00e9e de l\u2019\u00e9cole. Mais avant cela, ils ont tenu \u00e0 restituer ces derniers mois, riches en apprentissage et en partage.<\/p>\n<p>Deux semaines en Tanzanie<\/p>\n<p class=\" wall-content\">Le 9\u00a0juillet 2025, Julien Tribouillard, Lilas Martin, Ombeline Labat, Anja Marie, Louane Givry, Ma\u00efna H\u00e9richer et Martin Boucher, originaire de<a href=\"https:\/\/actu.fr\/normandie\/bellencombre_76070\" target=\"_blank\" rel=\"noopener\"> Bellencombre<\/a>, en <b>Seine-Maritime<\/b>, s\u2019envolaient pour le village de Mbokomu. Durant trois jours, ils se sont attel\u00e9s \u00e0 la r\u00e9novation de la biblioth\u00e8que du village, le \u00ab\u2009projet financier\u2009\u00bb pour lequel ils ont r\u00e9colt\u00e9 des fonds durant l\u2019ann\u00e9e.<\/p>\n<p>    <img decoding=\"async\" loading=\"lazy\" class=\"size-large\" src=\"https:\/\/www.europesays.com\/fr\/wp-content\/uploads\/2025\/10\/0e9f2cfb4dd8602af2cfb4dd8e5af2v-576x640.jpg\" alt=\"Durant leur voyage ils ont r\u00e9alis\u00e9 plusieurs ateliers de sensibilisation aupr\u00e8s de la population.\" width=\"576\" height=\"640\"\/><br \/>\n    Durant leur voyage ils ont r\u00e9alis\u00e9 plusieurs ateliers de sensibilisation aupr\u00e8s de la population. \u00a9Kin\u00e9\u2019Mandjaro<\/p>\n<p class=\" wall-content\">Ces travaux se sont termin\u00e9s par l\u2019inauguration du lieu fra\u00eechement retap\u00e9. \u00ab\u2009C\u2019\u00e9tait une journ\u00e9e de f\u00eate avec des discours et tous les \u00e9l\u00e8ves des \u00e9coles\u2009\u00bb, indique Julien, le pr\u00e9sident de l\u2019association.<\/p>\n<p class=\" wall-content\">\u00ab\u2009Il y avait des chants, des danses et nous avons m\u00eame fait une danse\u2009\u00bb, ajoute Lilas.<\/p>\n<p>Vid\u00e9os : en ce moment sur ActuAteliers, \u00e9changes et partage<\/p>\n<p class=\" wall-content\">En parall\u00e8le des travaux de r\u00e9novation, les \u00e9tudiants sont intervenus dans plusieurs \u00e9coles de Mbokomu, Kiwalaa et Neville afin de r\u00e9aliser plusieurs ateliers\u2009: gestes et postures, hygi\u00e8ne des mains et premier secours et sur la culture fran\u00e7aise.<\/p>\n<blockquote class=\"ac-article-quote wall-content\">\n<p>Construire le projet et voir qu\u2019il se concr\u00e9tise c\u2019est g\u00e9nial, on avait tous des \u00e9toiles dans les yeux de faire \u00e7a.<\/p>\n<\/blockquote>\n<p>Votre r\u00e9gion, votre actu !<\/p>\n<p>Recevez chaque jour les infos qui comptent pour vous.<\/p>\n<p>\t<a href=\"https:\/\/actu.fr\/newsletter\" class=\"ac-btn ac-btn--corner ac-btn--medium ac-btn--blue800\" target=\"_blank\" rel=\"noopener\">S&rsquo;incrire<\/a><\/p>\n<p class=\" wall-content\">\u00ab\u2009Nous avons rapidement adapt\u00e9 les ateliers pour faciliter la compr\u00e9hension, fait savoir Lilas. Et pour chaque atelier, nous faisions des mises en pratique.\u2009\u00bb<\/p>\n<p class=\" wall-content\">Dans leurs valises, ils avaient ramen\u00e9 les lettres des \u00e9l\u00e8ves d\u2019une \u00e9cole pr\u00e8s du\u00a0Havre, r\u00e9dig\u00e9es dans le cadre d\u2019un \u00e9change \u00e9pistolaire entre les deux \u00e9coles (une Fran\u00e7aise et une Tanzanienne) qu\u2019ils ont mis en place.<\/p>\n<p>Comprendre les besoins sur place<\/p>\n<p class=\" wall-content\">Afin d\u2019adapter au mieux leurs actions sur place et l\u2019aide apport\u00e9e, les b\u00e9n\u00e9voles ont visit\u00e9 des h\u00f4pitaux et dispensaires.<\/p>\n<p>    <img   decoding=\"async\" loading=\"lazy\" class=\"size-large\" src=\"https:\/\/www.europesays.com\/fr\/wp-content\/uploads\/2025\/10\/7c6f39bb4dd86607f39bb4dd8447f3v-960x640.jpg\" alt=\"A leur retour ils ont pr\u00e9sent\u00e9 leur documentaire r\u00e9sumant leurs actions.\" width=\"960\" height=\"640\"\/><br \/>\n    \u00c0 leur retour ils ont pr\u00e9sent\u00e9 leur documentaire r\u00e9sumant leurs actions. \u00a9Kin\u00e9\u2019Mandjaro<\/p>\n<p class=\" wall-content\">\u00ab\u2009Nous avons rencontr\u00e9 un kin\u00e9 qui nous a expliqu\u00e9 le syst\u00e8me de sant\u00e9 sur place, explique Louane. Nous avons pu conna\u00eetre leurs besoins tels que la construction d\u2019un laboratoire ou encore l\u2019installation d\u2019une table de traction lombaires, une machine que nous n\u2019utilisons pas du tout en France.\u2009\u00bb<\/p>\n<p>Passer le relais<\/p>\n<p class=\" wall-content\">\u00c0 leur retour, afin de remercier les partenaires du leur projet ainsi que leur entourage qui ont soutenu leur initiative, les sept futurs kin\u00e9sith\u00e9rapeutes ont organis\u00e9 un \u00e9v\u00e9nement de cl\u00f4ture.<\/p>\n<p class=\" wall-content\">L\u2019occasion pour eux de diffuser le documentaire qu\u2019ils ont r\u00e9alis\u00e9 sur cette ann\u00e9e associative. Car, d\u00e9sormais en troisi\u00e8me ann\u00e9e, la plus difficile, ils confient les r\u00eanes de l\u2019association aux nouveaux deuxi\u00e8me ann\u00e9e de l\u2019\u00e9cole.<\/p>\n<p class=\" wall-content\">\u00ab\u2009Nous souhaitons garder la m\u00eame organisation pour les ann\u00e9es \u00e0 venir\u2009\u00bb, font-ils savoir. C\u2019est d\u2019ailleurs avec un petit pincement au c\u0153ur qu\u2019ils confient leur association car si le projet leur a demand\u00e9 beaucoup de temps, il leur a aussi permis de vivre des moments inoubliables. \u00c7a donne envie\u2009!<\/p>\n<p class=\" wall-content\">Personnalisez votre actualit\u00e9 en ajoutant vos villes et m\u00e9dias en favori avec <a href=\"https:\/\/moncompte.actu.fr\" title=\"D\u00e9couvez Mon Actu\" rel=\"nofollow noopener\" data-trk=\"{&quot;cta&quot;:{&quot;action&quot;:&quot;https:\\\/\\\/moncompte.actu.fr&quot;,&quot;category&quot;:&quot;mon compte&quot;,&quot;from&quot;:&quot;article footer&quot;,&quot;name&quot;:&quot;Mon actu&quot;,&quot;type&quot;:&quot;cta&quot;}}\" target=\"_blank\">Mon Actu<\/a>.<\/p>\n","protected":false},"excerpt":{"rendered":"Par Chloe Bachelet Publi\u00e9 le 6 oct. 2025 \u00e0 7h06 En octobre\u00a02024, sept \u00e9tudiants en deuxi\u00e8me ann\u00e9e \u00e0&hellip;\n","protected":false},"author":2,"featured_media":442544,"comment_status":"","ping_status":"","sticky":false,"template":"","format":"standard","meta":{"footnotes":""},"categories":[9587],"tags":[1111,11,10263,1777,674,1011,27,12,5161,10175,25,9590,104],"class_list":{"0":"post-442543","1":"post","2":"type-post","3":"status-publish","4":"format-standard","5":"has-post-thumbnail","7":"category-rouen","8":"tag-actu","9":"tag-actualites","10":"tag-benevolat","11":"tag-eu","12":"tag-europe","13":"tag-fr","14":"tag-france","15":"tag-news","16":"tag-normandie","17":"tag-pays-de-bray","18":"tag-republique-francaise","19":"tag-rouen","20":"tag-societe"},"share_on_mastodon":{"url":"https:\/\/pubeurope.com\/@fr\/115326486588680429","error":""},"_links":{"self":[{"href":"https:\/\/www.europesays.com\/fr\/wp-json\/wp\/v2\/posts\/442543","targetHints":{"allow":["GET"]}}],"collection":[{"href":"https:\/\/www.europesays.com\/fr\/wp-json\/wp\/v2\/posts"}],"about":[{"href":"https:\/\/www.europesays.com\/fr\/wp-json\/wp\/v2\/types\/post"}],"author":[{"embeddable":true,"href":"https:\/\/www.europesays.com\/fr\/wp-json\/wp\/v2\/users\/2"}],"replies":[{"embeddable":true,"href":"https:\/\/www.europesays.com\/fr\/wp-json\/wp\/v2\/comments?post=442543"}],"version-history":[{"count":0,"href":"https:\/\/www.europesays.com\/fr\/wp-json\/wp\/v2\/posts\/442543\/revisions"}],"wp:featuredmedia":[{"embeddable":true,"href":"https:\/\/www.europesays.com\/fr\/wp-json\/wp\/v2\/media\/442544"}],"wp:attachment":[{"href":"https:\/\/www.europesays.com\/fr\/wp-json\/wp\/v2\/media?parent=442543"}],"wp:term":[{"taxonomy":"category","embeddable":true,"href":"https:\/\/www.europesays.com\/fr\/wp-json\/wp\/v2\/categories?post=442543"},{"taxonomy":"post_tag","embeddable":true,"href":"https:\/\/www.europesays.com\/fr\/wp-json\/wp\/v2\/tags?post=442543"}],"curies":[{"name":"wp","href":"https:\/\/api.w.org\/{rel}","templated":true}]}}