{"id":442545,"date":"2025-10-06T09:21:11","date_gmt":"2025-10-06T09:21:11","guid":{"rendered":"https:\/\/www.europesays.com\/fr\/442545\/"},"modified":"2025-10-06T09:21:11","modified_gmt":"2025-10-06T09:21:11","slug":"un-salon-pour-les-futurs-artisans","status":"publish","type":"post","link":"https:\/\/www.europesays.com\/fr\/442545\/","title":{"rendered":"Un salon pour les futurs artisans"},"content":{"rendered":"\n<p>         Th\u00e8me d\u2019actualit\u00e9\u00a0:\u00a0       <\/p>\n<p>La Chambre des M\u00e9tiers et de l&rsquo;Artisanat (CMA) Normandie organise dans ses locaux le \u00ab\u00a0Salon des futurs artisans\u00a0\u00bb, ce jeudi 9 octobre 2025, de 9h \u00e0 16h.<\/p>\n<p>Une vingtaine d&rsquo;experts et de professionnels de l&rsquo;entreprise rencontrent \u00e0 cette occasion les candidats \u00e0 la cr\u00e9ation. Au programme, un atelier d&rsquo;information sur la cr\u00e9ation et la reprise d&rsquo;une entreprise, et un autre atelier r\u00e9f\u00e9rencement.<\/p>\n<p><img decoding=\"async\" alt=\"f02472c43c934581a8814eb7c8bc8f34.base.image.jpg\" src=\"https:\/\/www.europesays.com\/fr\/wp-content\/uploads\/2025\/10\/f02472c43c934581a8814eb7c8bc8f34.base.image.jpg\"\/><\/p>\n<p>Informations et inscriptions gratuites sur <a href=\"https:\/\/cma-normandie.fr\/landing-page-objectif-artisan-76\/#salon\" target=\"_blank\" class=\"elf-external elf-icon\" rel=\"nofollow noopener\">cma-normandie.fr<\/a>.<\/p>\n","protected":false},"excerpt":{"rendered":"Th\u00e8me d\u2019actualit\u00e9\u00a0:\u00a0 La Chambre des M\u00e9tiers et de l&rsquo;Artisanat (CMA) Normandie organise dans ses locaux le \u00ab\u00a0Salon des&hellip;\n","protected":false},"author":2,"featured_media":442546,"comment_status":"","ping_status":"","sticky":false,"template":"","format":"standard","meta":{"footnotes":""},"categories":[9587],"tags":[1111,11,1777,674,1011,27,12,5161,25,9590],"class_list":{"0":"post-442545","1":"post","2":"type-post","3":"status-publish","4":"format-standard","5":"has-post-thumbnail","7":"category-rouen","8":"tag-actu","9":"tag-actualites","10":"tag-eu","11":"tag-europe","12":"tag-fr","13":"tag-france","14":"tag-news","15":"tag-normandie","16":"tag-republique-francaise","17":"tag-rouen"},"share_on_mastodon":{"url":"https:\/\/pubeurope.com\/@fr\/115326490061778988","error":""},"_links":{"self":[{"href":"https:\/\/www.europesays.com\/fr\/wp-json\/wp\/v2\/posts\/442545","targetHints":{"allow":["GET"]}}],"collection":[{"href":"https:\/\/www.europesays.com\/fr\/wp-json\/wp\/v2\/posts"}],"about":[{"href":"https:\/\/www.europesays.com\/fr\/wp-json\/wp\/v2\/types\/post"}],"author":[{"embeddable":true,"href":"https:\/\/www.europesays.com\/fr\/wp-json\/wp\/v2\/users\/2"}],"replies":[{"embeddable":true,"href":"https:\/\/www.europesays.com\/fr\/wp-json\/wp\/v2\/comments?post=442545"}],"version-history":[{"count":0,"href":"https:\/\/www.europesays.com\/fr\/wp-json\/wp\/v2\/posts\/442545\/revisions"}],"wp:featuredmedia":[{"embeddable":true,"href":"https:\/\/www.europesays.com\/fr\/wp-json\/wp\/v2\/media\/442546"}],"wp:attachment":[{"href":"https:\/\/www.europesays.com\/fr\/wp-json\/wp\/v2\/media?parent=442545"}],"wp:term":[{"taxonomy":"category","embeddable":true,"href":"https:\/\/www.europesays.com\/fr\/wp-json\/wp\/v2\/categories?post=442545"},{"taxonomy":"post_tag","embeddable":true,"href":"https:\/\/www.europesays.com\/fr\/wp-json\/wp\/v2\/tags?post=442545"}],"curies":[{"name":"wp","href":"https:\/\/api.w.org\/{rel}","templated":true}]}}