{"id":442547,"date":"2025-10-06T09:22:32","date_gmt":"2025-10-06T09:22:32","guid":{"rendered":"https:\/\/www.europesays.com\/fr\/442547\/"},"modified":"2025-10-06T09:22:32","modified_gmt":"2025-10-06T09:22:32","slug":"grenoble-le-centre-des-arts-du-recit-lance-sa-saison-a-premol-le-10-octobre","status":"publish","type":"post","link":"https:\/\/www.europesays.com\/fr\/442547\/","title":{"rendered":"Grenoble. Le Centre des Arts du r\u00e9cit lance sa saison \u00e0 Pr\u00e9mol le 10\u00a0octobre"},"content":{"rendered":"<p>L\u2019\u00e9quipe du Centre des arts du r\u00e9cit a investi le Th\u00e9\u00e2tre Pr\u00e9mol et lance cette premi\u00e8re saison par une grande f\u00eate agr\u00e9ment\u00e9e de contes \u00e0 la vol\u00e9e par Rachid Bouali. Il pr\u00e9sentera ensuite Cit\u00e9 Babel. Entre r\u00e9cit de vie et imaginaire collectif, l\u2019artiste raconte la cit\u00e9 de son enfance, la Lionderie \u00e0 Hem dans le Nord de la France. Dans cette cit\u00e9, les habitants \u2013 immigr\u00e9s pour la plupart \u2013 comblent leur vie d\u2019id\u00e9aux et d\u2019illusions. Dans ce quartier aux allures de tour de Babel, les souvenirs de Rachid Bouali croisent les cultures et les langues avec humour et tendresse.<\/p>\n<p class=\"note\">Vendredi 10\u00a0octobre \u00e0 partir de 18 heures au Th\u00e9\u00e2tre Pr\u00e9mol. Gratuit sur inscription. www.artsdurecit.com.<\/p>\n","protected":false},"excerpt":{"rendered":"L\u2019\u00e9quipe du Centre des arts du r\u00e9cit a investi le Th\u00e9\u00e2tre Pr\u00e9mol et lance cette premi\u00e8re saison par&hellip;\n","protected":false},"author":2,"featured_media":442548,"comment_status":"","ping_status":"","sticky":false,"template":"","format":"standard","meta":{"footnotes":""},"categories":[9566],"tags":[1111,11,2430,1687,112,1777,674,1011,27,2731,2732,108,12,25,3140],"class_list":{"0":"post-442547","1":"post","2":"type-post","3":"status-publish","4":"format-standard","5":"has-post-thumbnail","7":"category-grenoble","8":"tag-actu","9":"tag-actualites","10":"tag-auvergne-rhone-alpes","11":"tag-culture-loisirs","12":"tag-edition-grenoble-agglomeration","13":"tag-eu","14":"tag-europe","15":"tag-fr","16":"tag-france","17":"tag-grenoble","18":"tag-grenoble-bassin","19":"tag-isere","20":"tag-news","21":"tag-republique-francaise","22":"tag-spectacle"},"share_on_mastodon":{"url":"https:\/\/pubeurope.com\/@fr\/115326494023954581","error":""},"_links":{"self":[{"href":"https:\/\/www.europesays.com\/fr\/wp-json\/wp\/v2\/posts\/442547","targetHints":{"allow":["GET"]}}],"collection":[{"href":"https:\/\/www.europesays.com\/fr\/wp-json\/wp\/v2\/posts"}],"about":[{"href":"https:\/\/www.europesays.com\/fr\/wp-json\/wp\/v2\/types\/post"}],"author":[{"embeddable":true,"href":"https:\/\/www.europesays.com\/fr\/wp-json\/wp\/v2\/users\/2"}],"replies":[{"embeddable":true,"href":"https:\/\/www.europesays.com\/fr\/wp-json\/wp\/v2\/comments?post=442547"}],"version-history":[{"count":0,"href":"https:\/\/www.europesays.com\/fr\/wp-json\/wp\/v2\/posts\/442547\/revisions"}],"wp:featuredmedia":[{"embeddable":true,"href":"https:\/\/www.europesays.com\/fr\/wp-json\/wp\/v2\/media\/442548"}],"wp:attachment":[{"href":"https:\/\/www.europesays.com\/fr\/wp-json\/wp\/v2\/media?parent=442547"}],"wp:term":[{"taxonomy":"category","embeddable":true,"href":"https:\/\/www.europesays.com\/fr\/wp-json\/wp\/v2\/categories?post=442547"},{"taxonomy":"post_tag","embeddable":true,"href":"https:\/\/www.europesays.com\/fr\/wp-json\/wp\/v2\/tags?post=442547"}],"curies":[{"name":"wp","href":"https:\/\/api.w.org\/{rel}","templated":true}]}}