{"id":442549,"date":"2025-10-06T09:23:13","date_gmt":"2025-10-06T09:23:13","guid":{"rendered":"https:\/\/www.europesays.com\/fr\/442549\/"},"modified":"2025-10-06T09:23:13","modified_gmt":"2025-10-06T09:23:13","slug":"la-victime-droguee-et-alcoolisee-ne-souhaite-pas-deposer-plainte","status":"publish","type":"post","link":"https:\/\/www.europesays.com\/fr\/442549\/","title":{"rendered":"la victime, drogu\u00e9e et alcoolis\u00e9e, ne souhaite pas d\u00e9poser plainte"},"content":{"rendered":"<p>Les policiers grenoblois poursuivent leurs investigations sur les circonstances dans lesquelles un homme de 35 ans a \u00e9t\u00e9 gravement bless\u00e9 \u00e0 l\u2019arme blanche, ce dimanche 5\u00a0octobre vers 19\u00a0h\u00a020, au niveau du 911 avenue des Jeux olympiques, \u00e0 Grenoble, <a href=\"https:\/\/www.ledauphine.com\/faits-divers-justice\/2025\/10\/06\/un-homme-grievement-blesse-a-l-arme-blanche\" target=\"_blank\" rel=\"noopener\">comme l\u2019a r\u00e9v\u00e9l\u00e9 Le Dauphin\u00e9 Lib\u00e9r\u00e9 sur son site<\/a>.<\/p>\n<p>Ce contenu est bloqu\u00e9 car vous n&rsquo;avez pas accept\u00e9 les cookies et autres traceurs.<\/p>\n<p>En cliquant sur \u00ab J\u2019accepte \u00bb, les cookies et autres traceurs seront d\u00e9pos\u00e9s et vous pourrez visualiser les contenus  (<a href=\"\" class=\"consentModule_policy\" target=\"_blank\" title=\"Consulter la politique de protection des donn\u00e9es du fournisseur\">plus d&rsquo;informations<\/a>).<\/p>\n<p>En cliquant sur \u00ab J\u2019accepte tous les cookies \u00bb, vous autorisez des d\u00e9p\u00f4ts de cookies et autres traceurs pour le stockage de vos donn\u00e9es sur nos sites et applications \u00e0 des fins de personnalisation et de ciblage publicitaire.<\/p>\n<p class=\"consentModule_secondaryText\">Vous gardez la possibilit\u00e9 de retirer votre consentement \u00e0 tout moment en consultant notre <a href=\"https:\/\/www.ledauphine.com\/protection-des-donnees\" target=\"_blank\" title=\"Consulter notre politique de protection des donn\u00e9es\" rel=\"noopener\">politique de protection des donn\u00e9es<\/a>. <br \/>&#13;<br \/>\n            <a href=\"https:\/\/www.ledauphine.com\/faits-divers-justice\/2025\/10\/06\/javascript:Didomi.notice.show()\" class=\"consentModule_cmp\" target=\"_blank\" rel=\"noopener\">G\u00e9rer mes choix<\/a>&#13;\n        <\/p>\n<p>&#13;<br \/>\n                        J&rsquo;accepte&#13;<br \/>\n            J&rsquo;accepte tous les cookies&#13;\n        <\/p>\n<p>Coup\u00e9 au visage (d\u2019une oreille jusqu\u2019\u00e0 la m\u00e2choire), au niveau d\u2019un coude et derri\u00e8re la t\u00eate, ce ressortissant Mac\u00e9donien \u2013 manifestement drogu\u00e9 et alcoolis\u00e9 \u2014 avait \u00e9t\u00e9 class\u00e9 en urgence absolue par les sapeurs-pompiers, m\u00e9dicalis\u00e9 sur place par le Samu 38 et transport\u00e9 au CHU Grenoble Alpes. Pour autant, son pronostic vital n\u2019\u00e9tait pas engag\u00e9.<\/p>\n<p>Avant d\u2019\u00eatre \u00e9vacu\u00e9, il aurait vaguement expliqu\u00e9, dans un fran\u00e7ais approximatif, s\u2019\u00eatre battu avec un \u00ab\u00a0ami\u00a0\u00bb dont il ignore le nom et qui avait quitt\u00e9 les lieux avant l\u2019arriv\u00e9e des secours.<\/p>\n<p>Il a \u00e9galement indiqu\u00e9 ne pas souhaiter d\u00e9poser plainte.<\/p>\n","protected":false},"excerpt":{"rendered":"Les policiers grenoblois poursuivent leurs investigations sur les circonstances dans lesquelles un homme de 35 ans a \u00e9t\u00e9&hellip;\n","protected":false},"author":2,"featured_media":442550,"comment_status":"","ping_status":"","sticky":false,"template":"","format":"standard","meta":{"footnotes":""},"categories":[9566],"tags":[1111,11,2430,271,272,112,1777,674,274,107,1011,27,2731,2732,108,12,25],"class_list":{"0":"post-442549","1":"post","2":"type-post","3":"status-publish","4":"format-standard","5":"has-post-thumbnail","7":"category-grenoble","8":"tag-actu","9":"tag-actualites","10":"tag-auvergne-rhone-alpes","11":"tag-crime","12":"tag-delit-et-contravention","13":"tag-edition-grenoble-agglomeration","14":"tag-eu","15":"tag-europe","16":"tag-faits-divers-justice","17":"tag-fil-info","18":"tag-fr","19":"tag-france","20":"tag-grenoble","21":"tag-grenoble-bassin","22":"tag-isere","23":"tag-news","24":"tag-republique-francaise"},"share_on_mastodon":{"url":"https:\/\/pubeurope.com\/@fr\/115326497950142473","error":""},"_links":{"self":[{"href":"https:\/\/www.europesays.com\/fr\/wp-json\/wp\/v2\/posts\/442549","targetHints":{"allow":["GET"]}}],"collection":[{"href":"https:\/\/www.europesays.com\/fr\/wp-json\/wp\/v2\/posts"}],"about":[{"href":"https:\/\/www.europesays.com\/fr\/wp-json\/wp\/v2\/types\/post"}],"author":[{"embeddable":true,"href":"https:\/\/www.europesays.com\/fr\/wp-json\/wp\/v2\/users\/2"}],"replies":[{"embeddable":true,"href":"https:\/\/www.europesays.com\/fr\/wp-json\/wp\/v2\/comments?post=442549"}],"version-history":[{"count":0,"href":"https:\/\/www.europesays.com\/fr\/wp-json\/wp\/v2\/posts\/442549\/revisions"}],"wp:featuredmedia":[{"embeddable":true,"href":"https:\/\/www.europesays.com\/fr\/wp-json\/wp\/v2\/media\/442550"}],"wp:attachment":[{"href":"https:\/\/www.europesays.com\/fr\/wp-json\/wp\/v2\/media?parent=442549"}],"wp:term":[{"taxonomy":"category","embeddable":true,"href":"https:\/\/www.europesays.com\/fr\/wp-json\/wp\/v2\/categories?post=442549"},{"taxonomy":"post_tag","embeddable":true,"href":"https:\/\/www.europesays.com\/fr\/wp-json\/wp\/v2\/tags?post=442549"}],"curies":[{"name":"wp","href":"https:\/\/api.w.org\/{rel}","templated":true}]}}