{"id":442551,"date":"2025-10-06T09:24:11","date_gmt":"2025-10-06T09:24:11","guid":{"rendered":"https:\/\/www.europesays.com\/fr\/442551\/"},"modified":"2025-10-06T09:24:11","modified_gmt":"2025-10-06T09:24:11","slug":"il-perd-le-controle-de-sa-moto-sur-la-4-voies","status":"publish","type":"post","link":"https:\/\/www.europesays.com\/fr\/442551\/","title":{"rendered":"il perd le contr\u00f4le de sa moto sur la 4 voies"},"content":{"rendered":"<p>            Par<br \/>\n        <strong><br \/>\n            <a href=\"https:\/\/actu.fr\/auteur\/matheo-girard\" title=\"Consulter tous les articles de Matheo Girard\" target=\"_blank\" rel=\"noopener\">Matheo Girard<\/a><br \/>\n        <\/strong><\/p>\n<p>        Publi\u00e9 le<\/p>\n<p>            6 oct. 2025 \u00e0 10h27        <\/p>\n<p><b>Un accident<\/b> s\u2019est produit sur la quatre voies dans le sens Le\u00a0Mans \u2013 Rennes, dans la soir\u00e9e de dimanche 5\u00a0octobre 2025, <b>\u00e0 hauteur d\u2019\u00c9trelles<\/b> (Ille-et-Vilaine).<\/p>\n<p class=\" wall-content\"><b>Un homme de 44\u00a0ans<\/b> a perdu le contr\u00f4le de sa moto pour une raison ind\u00e9termin\u00e9e, alors qu\u2019il roulait sur la RN 157.<\/p>\n<p>L\u00e9g\u00e8rement bless\u00e9 \u00e0 la main<\/p>\n<p class=\" wall-content\">\u00ab\u2009Il \u00e9tait l\u00e9g\u00e8rement bless\u00e9 au niveau de la main\u2009\u00bb, indique-t-on du c\u00f4t\u00e9 du Centre op\u00e9rationnel d\u2019incendie et de secours (Codis). C\u2019est la seule victime impliqu\u00e9e dans cet accident.<\/p>\n<p class=\" wall-content\">Les pompiers sont intervenus sur place environ une heure.<\/p>\n<p class=\" wall-content\">Personnalisez votre actualit\u00e9 en ajoutant vos villes et m\u00e9dias en favori avec <a href=\"https:\/\/moncompte.actu.fr\" title=\"D\u00e9couvez Mon Actu\" rel=\"nofollow noopener\" data-trk=\"{&quot;cta&quot;:{&quot;action&quot;:&quot;https:\\\/\\\/moncompte.actu.fr&quot;,&quot;category&quot;:&quot;mon compte&quot;,&quot;from&quot;:&quot;article footer&quot;,&quot;name&quot;:&quot;Mon actu&quot;,&quot;type&quot;:&quot;cta&quot;}}\" target=\"_blank\">Mon Actu<\/a>.<\/p>\n","protected":false},"excerpt":{"rendered":"Par Matheo Girard Publi\u00e9 le 6 oct. 2025 \u00e0 10h27 Un accident s\u2019est produit sur la quatre voies&hellip;\n","protected":false},"author":2,"featured_media":442552,"comment_status":"","ping_status":"","sticky":false,"template":"","format":"standard","meta":{"footnotes":""},"categories":[2821],"tags":[119,1111,11,829,1777,674,118,1011,27,12,584,25],"class_list":{"0":"post-442551","1":"post","2":"type-post","3":"status-publish","4":"format-standard","5":"has-post-thumbnail","7":"category-rennes","8":"tag-accident","9":"tag-actu","10":"tag-actualites","11":"tag-bretagne","12":"tag-eu","13":"tag-europe","14":"tag-faits-divers","15":"tag-fr","16":"tag-france","17":"tag-news","18":"tag-rennes","19":"tag-republique-francaise"},"share_on_mastodon":{"url":"https:\/\/pubeurope.com\/@fr\/115326501936644507","error":""},"_links":{"self":[{"href":"https:\/\/www.europesays.com\/fr\/wp-json\/wp\/v2\/posts\/442551","targetHints":{"allow":["GET"]}}],"collection":[{"href":"https:\/\/www.europesays.com\/fr\/wp-json\/wp\/v2\/posts"}],"about":[{"href":"https:\/\/www.europesays.com\/fr\/wp-json\/wp\/v2\/types\/post"}],"author":[{"embeddable":true,"href":"https:\/\/www.europesays.com\/fr\/wp-json\/wp\/v2\/users\/2"}],"replies":[{"embeddable":true,"href":"https:\/\/www.europesays.com\/fr\/wp-json\/wp\/v2\/comments?post=442551"}],"version-history":[{"count":0,"href":"https:\/\/www.europesays.com\/fr\/wp-json\/wp\/v2\/posts\/442551\/revisions"}],"wp:featuredmedia":[{"embeddable":true,"href":"https:\/\/www.europesays.com\/fr\/wp-json\/wp\/v2\/media\/442552"}],"wp:attachment":[{"href":"https:\/\/www.europesays.com\/fr\/wp-json\/wp\/v2\/media?parent=442551"}],"wp:term":[{"taxonomy":"category","embeddable":true,"href":"https:\/\/www.europesays.com\/fr\/wp-json\/wp\/v2\/categories?post=442551"},{"taxonomy":"post_tag","embeddable":true,"href":"https:\/\/www.europesays.com\/fr\/wp-json\/wp\/v2\/tags?post=442551"}],"curies":[{"name":"wp","href":"https:\/\/api.w.org\/{rel}","templated":true}]}}