{"id":442563,"date":"2025-10-06T09:30:44","date_gmt":"2025-10-06T09:30:44","guid":{"rendered":"https:\/\/www.europesays.com\/fr\/442563\/"},"modified":"2025-10-06T09:30:44","modified_gmt":"2025-10-06T09:30:44","slug":"pres-de-nantes-ces-entreprises-du-batiment-ont-choisi-de-travailler-ensemble","status":"publish","type":"post","link":"https:\/\/www.europesays.com\/fr\/442563\/","title":{"rendered":"pr\u00e8s de Nantes, ces entreprises du b\u00e2timent ont choisi de travailler ensemble"},"content":{"rendered":"<p>            Par<br \/>\n        <strong><br \/>\n            <a href=\"https:\/\/actu.fr\/auteur\/herve-pavageau\" title=\"Consulter tous les articles de Herv\u00e9 Pavageau\" target=\"_blank\" rel=\"noopener\">Herv\u00e9 Pavageau<\/a><br \/>\n        <\/strong><\/p>\n<p>        Publi\u00e9 le<\/p>\n<p>            5 oct. 2025 \u00e0 18h30        <\/p>\n<p>D\u2019habitude quand ils se croisent, \u00e9changent et se voient, c\u2019est sur un chantier. L\u00e0, c\u2019est dans la salle polyvalente <a href=\"https:\/\/actu.fr\/pays-de-la-loire\/le-pallet_44117\" target=\"_blank\" rel=\"noopener\">du Pallet<\/a> qu\u2019ils se sont retrouv\u00e9s, le temps d\u2019une journ\u00e9e de coh\u00e9sion autour de jeux et d\u2019un repas. Pr\u00e8s de<b> 140 salari\u00e9s ont partag\u00e9<\/b> un temps convivial vendredi 26\u00a0septembre. Leur point commun ? C\u2019est d\u2019avoir \u00e9t\u00e9 r\u00e9unis par<a href=\"https:\/\/www.lequipesolutionsthermiques.fr\/\" target=\"_blank\" rel=\"noopener\"> l\u2019\u00c9quipe solutions thermiques<\/a>, nom du g<b>roupement d\u2019int\u00e9r\u00eat \u00e9conomique<\/b> (GIE) auquel leur entreprise appartient. Ce r\u00e9seau unique dans le territoire f\u00e9d\u00e8re des soci\u00e9t\u00e9s du <a href=\"https:\/\/actu.fr\/tag\/vignoble-nantais\" target=\"_blank\" rel=\"noopener\">Vignoble nantais<\/a> et du <b>Maine-et-Loire<\/b>.<\/p>\n<p>Un groupement de 168 salari\u00e9s<\/p>\n<p class=\" wall-content\">Les plus \u00e9loign\u00e9s se trouvent \u00e0 Beaupr\u00e9au-en-Mauges.<\/p>\n<p class=\" wall-content\">Sa particularit\u00e9 ? C\u2019est de regrouper <b>quinze entreprises<\/b> qui r\u00e9unissent tous les <b>corps de m\u00e9tier du b\u00e2timent<\/b> : de la ma\u00eetrise d\u2019\u0153uvre, \u00e0 la ma\u00e7onnerie, couverture, isolation, charpente, menuiserie, pl\u00e2trerie, en passant par la plomberie, le chauffage, <b>l\u2019\u00e9lectricit\u00e9, les \u00e9nergies renouvelables<\/b>.<\/p>\n<p class=\" wall-content\">Une force d\u2019exp\u00e9riences et de savoir-faire s\u2019appuyant sur 168 salari\u00e9s, dont une trentaine d\u2019alternants.<\/p>\n<p>Premier s\u00e9jour en Autriche<\/p>\n<p class=\" wall-content\">La premi\u00e8re pierre \u00e0 l\u2019\u00e9difice du groupe remonte en 2011 lors d\u2019un voyage \u00e0 Voralberg,<b> en Autriche. <\/b><\/p>\n<p class=\" wall-content\">Dans cette r\u00e9gion pionni\u00e8re en \u00e9nergies renouvelables, les artisans prennent \u00ab une claque \u00bb.<\/p>\n<p>Votre r\u00e9gion, votre actu !<\/p>\n<p>Recevez chaque jour les infos qui comptent pour vous.<\/p>\n<p>\t<a href=\"https:\/\/actu.fr\/newsletter\" class=\"ac-btn ac-btn--corner ac-btn--medium ac-btn--blue800\" target=\"_blank\" rel=\"noopener\">S&rsquo;incrire<\/a><\/p>\n<p class=\" wall-content\">Que ce soit en termes d\u2019organisation, de fonctionnement, de communication\u2026 Le s\u00e9jour fait germer une id\u00e9e qui poussera deux ans plus tard.<\/p>\n<p class=\" wall-content\">Reprenant \u00e0 son compte la c\u00e9l\u00e8bre citation \u00ab Tout seul, on va plus vite, ensemble on va plus loin \u00bb, le groupe d\u2019artisans d\u00e9cide de cr\u00e9er un GIE, cadre juridique entre la soci\u00e9t\u00e9 et l\u2019association, qui permet <b>la mise en commun de moyens et d\u2019activit\u00e9s.<\/b><\/p>\n<p class=\" wall-content\">Le cadre pos\u00e9, le GIE a grandi au fil des ann\u00e9es.<\/p>\n<blockquote class=\"ac-article-quote wall-content\">\n<p>Au-del\u00e0 de partager des valeurs communes, le fait de travailler de mani\u00e8re collective nous a fait grandir.<\/p>\n<p>Laurent Terlain, pr\u00e9sident de la structure<\/p><\/blockquote>\n<p>Formations, journ\u00e9es techniques\u2026<\/p>\n<p class=\" wall-content\">R\u00e9f\u00e9renc\u00e9 sur le march\u00e9 de la maison individuelle et du tertiaire, en r\u00e9novation ou en neuf, le groupement est un apporteur d\u2019affaires pour les quinze entreprises membres.<\/p>\n<p class=\" wall-content\">Mais pas que. <a href=\"https:\/\/www.lequipesolutionsthermiques.fr\/\" target=\"_blank\" rel=\"noopener\">Le r\u00e9seau<\/a>, qui pratique la gouvernance tournante, offre des <b>solutions de mutualisation. <\/b><\/p>\n<p class=\" wall-content\">Comme la mise en place d\u2019un r\u00e9f\u00e9rent qui coordonne le chantier au nom des entreprises du GIE retenues.<\/p>\n<p class=\" wall-content\">\u00ab Il touche aussi la vie de l\u2019entreprise d\u2019une mani\u00e8re plus g\u00e9n\u00e9rale \u00bb, rebondit le pr\u00e9sident pour qui l\u2019int\u00e9r\u00eat premier est de permettre aux dirigeants de ne pas \u00ab se sentir seul \u00bb, de partager des exp\u00e9riences et de s\u2019enrichir mutuellement.<\/p>\n<p class=\" wall-content\"><b>Plan de formations<\/b> (la prochaine ayant pour th\u00e8me la gestion de conflits a lieu le 16\u00a0octobre prochain), <b>salons professionnels<\/b> comme<a href=\"https:\/\/actu.fr\/publi-communique\/foire-du-vignoble-nantais-75-ans-de-saveurs-et-de-traditions-celebres-les-15-et-16-mars-a-vallet_62306046.html\" target=\"_blank\" rel=\"noopener\"> la Foire du Vignoble nantais<\/a>, journ\u00e9es techniques, notamment sur le logement partag\u00e9, c\u2019est dans ce panel de solutions que les s\u00e9jours \u00e0 l\u2019\u00e9tranger s\u2019inscrivent.<\/p>\n<p class=\" wall-content\">Un <b>prochain voyage d\u2019\u00e9tudes en 2026<\/b> est d\u2019ailleurs dans les tuyaux.<\/p>\n<p class=\" wall-content\">Le groupe d\u2019artisans du Vignoble nantais envisage de partir en Finlande ou de retourner en Autriche.<\/p>\n<p class=\" wall-content\">La d\u00e9cision sera prise de mani\u00e8re coll\u00e9giale.<\/p>\n<p class=\" wall-content\">On ne change pas une \u00e9quipe\u2026 qui gagne !<\/p>\n<p class=\" wall-content\">Personnalisez votre actualit\u00e9 en ajoutant vos villes et m\u00e9dias en favori avec <a href=\"https:\/\/moncompte.actu.fr\" title=\"D\u00e9couvez Mon Actu\" rel=\"nofollow noopener\" data-trk=\"{&quot;cta&quot;:{&quot;action&quot;:&quot;https:\\\/\\\/moncompte.actu.fr&quot;,&quot;category&quot;:&quot;mon compte&quot;,&quot;from&quot;:&quot;article footer&quot;,&quot;name&quot;:&quot;Mon actu&quot;,&quot;type&quot;:&quot;cta&quot;}}\" target=\"_blank\">Mon Actu<\/a>.<\/p>\n","protected":false},"excerpt":{"rendered":"Par Herv\u00e9 Pavageau Publi\u00e9 le 5 oct. 2025 \u00e0 18h30 D\u2019habitude quand ils se croisent, \u00e9changent et se&hellip;\n","protected":false},"author":2,"featured_media":442564,"comment_status":"","ping_status":"","sticky":false,"template":"","format":"standard","meta":{"footnotes":""},"categories":[2818],"tags":[1111,11,1477,1777,674,1011,27,766,12,2636,25,104,2900],"class_list":{"0":"post-442563","1":"post","2":"type-post","3":"status-publish","4":"format-standard","5":"has-post-thumbnail","7":"category-nantes","8":"tag-actu","9":"tag-actualites","10":"tag-artisanat","11":"tag-eu","12":"tag-europe","13":"tag-fr","14":"tag-france","15":"tag-nantes","16":"tag-news","17":"tag-pays-de-la-loire","18":"tag-republique-francaise","19":"tag-societe","20":"tag-vignoble-nantais"},"share_on_mastodon":{"url":"https:\/\/pubeurope.com\/@fr\/115326525331133634","error":""},"_links":{"self":[{"href":"https:\/\/www.europesays.com\/fr\/wp-json\/wp\/v2\/posts\/442563","targetHints":{"allow":["GET"]}}],"collection":[{"href":"https:\/\/www.europesays.com\/fr\/wp-json\/wp\/v2\/posts"}],"about":[{"href":"https:\/\/www.europesays.com\/fr\/wp-json\/wp\/v2\/types\/post"}],"author":[{"embeddable":true,"href":"https:\/\/www.europesays.com\/fr\/wp-json\/wp\/v2\/users\/2"}],"replies":[{"embeddable":true,"href":"https:\/\/www.europesays.com\/fr\/wp-json\/wp\/v2\/comments?post=442563"}],"version-history":[{"count":0,"href":"https:\/\/www.europesays.com\/fr\/wp-json\/wp\/v2\/posts\/442563\/revisions"}],"wp:featuredmedia":[{"embeddable":true,"href":"https:\/\/www.europesays.com\/fr\/wp-json\/wp\/v2\/media\/442564"}],"wp:attachment":[{"href":"https:\/\/www.europesays.com\/fr\/wp-json\/wp\/v2\/media?parent=442563"}],"wp:term":[{"taxonomy":"category","embeddable":true,"href":"https:\/\/www.europesays.com\/fr\/wp-json\/wp\/v2\/categories?post=442563"},{"taxonomy":"post_tag","embeddable":true,"href":"https:\/\/www.europesays.com\/fr\/wp-json\/wp\/v2\/tags?post=442563"}],"curies":[{"name":"wp","href":"https:\/\/api.w.org\/{rel}","templated":true}]}}