{"id":442573,"date":"2025-10-06T09:35:12","date_gmt":"2025-10-06T09:35:12","guid":{"rendered":"https:\/\/www.europesays.com\/fr\/442573\/"},"modified":"2025-10-06T09:35:12","modified_gmt":"2025-10-06T09:35:12","slug":"quatorze-jeunes-accuses-davoir-prostitue-des-mineures-juges-jusqua-vendredi","status":"publish","type":"post","link":"https:\/\/www.europesays.com\/fr\/442573\/","title":{"rendered":"Quatorze jeunes accus\u00e9s d\u2019avoir prostitu\u00e9 des mineures jug\u00e9s jusqu\u2019\u00e0 vendredi"},"content":{"rendered":"<p>Ils prostituaient surtout des <a href=\"https:\/\/www.20minutes.fr\/dossier\/adolescent\" class=\"c-link c-link--is-underlined\" target=\"_blank\" rel=\"noopener\">adolescentes<\/a> mineures plac\u00e9es, ou suivies par l\u2019<a href=\"https:\/\/www.20minutes.fr\/dossier\/protection_de_l_enfance\" class=\"c-link c-link--is-underlined\" target=\"_blank\" rel=\"noopener\">Aide Sociale \u00e0 l\u2019Enfance (ASE)<\/a>. Quatorze membres pr\u00e9sum\u00e9s de deux r\u00e9seaux ayant <a href=\"https:\/\/www.20minutes.fr\/dossier\/prostitution\" class=\"c-link c-link--is-underlined\" target=\"_blank\" rel=\"noopener\">prostitu\u00e9<\/a> de jeunes mineures en France et \u00e0 l\u2019\u00e9tranger comparaissent lundi et jusqu\u2019\u00e0 vendredi devant le tribunal correctionnel de Toulouse pour <a href=\"https:\/\/www.20minutes.fr\/societe\/proxenetisme\/\" class=\"c-link c-link--is-underlined\" target=\"_blank\" rel=\"noopener\">prox\u00e9n\u00e9tisme<\/a> aggrav\u00e9.<\/p>\n<p>Des investigations men\u00e9es, par la section de recherches de la gendarmerie de <a href=\"https:\/\/www.20minutes.fr\/toulouse\/\" class=\"c-link c-link--is-underlined\" target=\"_blank\" rel=\"noopener\">Toulouse<\/a>, ont dans un premier temps cibl\u00e9 un premier r\u00e9seau qui recrutait principalement ses victimes \u00e0 Toulouse afin de les prostituer en France, en Belgique et en Suisse [\u2026] sous la surveillance de souteneurs, dont un grand nombre \u00e9taient \u00e9galement mineurs\u00a0\u00bb, a expliqu\u00e9 le procureur de Toulouse, dans un communiqu\u00e9.<\/p>\n<p>Ce r\u00e9seau \u00e9tait, selon le parquet, \u00ab\u00a0dirig\u00e9 par un majeur d\u00e9j\u00e0 condamn\u00e9 par la Justice et qui orchestrait cette activit\u00e9 depuis son lieu d\u2019incarc\u00e9ration\u00a0\u00bb.<\/p>\n<p>R\u00e9seau concurrent entra\u00eenant de vives tensions<\/p>\n<p>Au cours des investigations men\u00e9es en\u00a02023 et\u00a02024, les enqu\u00eateurs ont constat\u00e9 que des \u00ab\u00a0cadres\u00a0\u00bb de ce premier r\u00e9seau avaient d\u00e9cid\u00e9 de \u00ab\u00a0se mettre \u00e0 leur compte et de cr\u00e9er un r\u00e9seau concurrent, entra\u00eenant de vives tensions entre d\u00e9linquants conduisant \u00e0 des menaces et repr\u00e9sailles jusqu\u2019\u00e0 l\u2019arrestation de la plupart des membres des deux groupements\u00a0\u00bb, selon la m\u00eame source. \u00ab\u00a0Ils \u00e9taient organis\u00e9s comme des r\u00e9seaux de stup, avec prise de rendez-vous en ligne\u00a0\u00bb, a soulign\u00e9 une source proche de l\u2019enqu\u00eate.<\/p>\n<\/p>\n<p>Le tribunal correctionnel juge dans un premier temps quatorze membres pr\u00e9sum\u00e9s de ces deux r\u00e9seaux, huit autres jeunes, mineurs, devant compara\u00eetre ult\u00e9rieurement devant le tribunal pour enfants de Toulouse.<\/p>\n<p>Treize des quatorze pr\u00e9venus &#8211; dont trois sont en d\u00e9tention &#8211; la plupart \u00e2g\u00e9s de moins de vingt ans au moment des faits, \u00e9taient pr\u00e9sents devant les juges toulousains, lundi matin, plusieurs d\u2019entre eux reconnaissant \u00ab\u00a0avoir particip\u00e9\u00a0\u00bb \u00e0 ces r\u00e9seaux.<\/p>\n","protected":false},"excerpt":{"rendered":"Ils prostituaient surtout des adolescentes mineures plac\u00e9es, ou suivies par l\u2019Aide Sociale \u00e0 l\u2019Enfance (ASE). Quatorze membres pr\u00e9sum\u00e9s&hellip;\n","protected":false},"author":2,"featured_media":442574,"comment_status":"","ping_status":"","sticky":false,"template":"","format":"standard","meta":{"footnotes":""},"categories":[2816],"tags":[1111,47,11,1777,674,1011,27,2722,2721,12,2680,2694,2899,21027,25,104,2312,3693],"class_list":{"0":"post-442573","1":"post","2":"type-post","3":"status-publish","4":"format-standard","5":"has-post-thumbnail","7":"category-toulouse","8":"tag-actu","9":"tag-actualite","10":"tag-actualites","11":"tag-eu","12":"tag-europe","13":"tag-fr","14":"tag-france","15":"tag-haute-garonne","16":"tag-midi-pyrenees","17":"tag-news","18":"tag-occitanie","19":"tag-proces","20":"tag-prostitution","21":"tag-proxenetisme","22":"tag-republique-francaise","23":"tag-societe","24":"tag-toulouse","25":"tag-tribunal"},"share_on_mastodon":{"url":"https:\/\/pubeurope.com\/@fr\/115326545024005613","error":""},"_links":{"self":[{"href":"https:\/\/www.europesays.com\/fr\/wp-json\/wp\/v2\/posts\/442573","targetHints":{"allow":["GET"]}}],"collection":[{"href":"https:\/\/www.europesays.com\/fr\/wp-json\/wp\/v2\/posts"}],"about":[{"href":"https:\/\/www.europesays.com\/fr\/wp-json\/wp\/v2\/types\/post"}],"author":[{"embeddable":true,"href":"https:\/\/www.europesays.com\/fr\/wp-json\/wp\/v2\/users\/2"}],"replies":[{"embeddable":true,"href":"https:\/\/www.europesays.com\/fr\/wp-json\/wp\/v2\/comments?post=442573"}],"version-history":[{"count":0,"href":"https:\/\/www.europesays.com\/fr\/wp-json\/wp\/v2\/posts\/442573\/revisions"}],"wp:featuredmedia":[{"embeddable":true,"href":"https:\/\/www.europesays.com\/fr\/wp-json\/wp\/v2\/media\/442574"}],"wp:attachment":[{"href":"https:\/\/www.europesays.com\/fr\/wp-json\/wp\/v2\/media?parent=442573"}],"wp:term":[{"taxonomy":"category","embeddable":true,"href":"https:\/\/www.europesays.com\/fr\/wp-json\/wp\/v2\/categories?post=442573"},{"taxonomy":"post_tag","embeddable":true,"href":"https:\/\/www.europesays.com\/fr\/wp-json\/wp\/v2\/tags?post=442573"}],"curies":[{"name":"wp","href":"https:\/\/api.w.org\/{rel}","templated":true}]}}