{"id":442577,"date":"2025-10-06T09:37:11","date_gmt":"2025-10-06T09:37:11","guid":{"rendered":"https:\/\/www.europesays.com\/fr\/442577\/"},"modified":"2025-10-06T09:37:11","modified_gmt":"2025-10-06T09:37:11","slug":"la-joie-de-kylian-mbappe-en-tribunes-apres-le-but-de-son-frere-ethan-contre-paris","status":"publish","type":"post","link":"https:\/\/www.europesays.com\/fr\/442577\/","title":{"rendered":"la joie de Kylian Mbapp\u00e9 en tribunes apr\u00e8s le but de son fr\u00e8re Ethan contre Paris"},"content":{"rendered":"<p>L\u2019ex-vedette du PSG, Kylian Mbapp\u00e9, \u00e9tait en tribunes lors du match nul entre son ancienne \u00e9quipe et le LOSC. Il n\u2019a pas manqu\u00e9 de c\u00e9l\u00e9brer et f\u00e9liciter Ethan, buteur pour les Nordistes.<\/p>\n<p class=\"fig-paragraph\">Le grand fr\u00e8re n\u2019avait rien pu faire pour le Real Madrid en Coupe du monde des clubs cet \u00e9t\u00e9\u00a0<a href=\"http:\/\/www.lefigaro.fr\/sports\/football\/coupe-du-monde\/psg-real-madrid-irresistible-la-machine-infernale-parisienne-a-encore-frappe-20250710\" data-fig-type=\"NewsFlash\" data-gtm-custom-categorie=\"navigation\" data-gtm-custom-action=\"crossclick\" data-gtm-custom-label=\"Contextuel\" data-gtm-event=\"customEventSPE\" data-fig-domain=\"LEFIGARO\" target=\"_blank\" rel=\"noopener\">(d\u00e9faite 4-0)<\/a>. Le petit fr\u00e8re, lui, a eu plus de r\u00e9ussite. Ethan Mbapp\u00e9 a permis au LOSC\u00a0<a href=\"http:\/\/www.lefigaro.fr\/sports\/football\/ligue-1\/psg-lille-coup-franc-de-nuno-mendes-egalisation-d-ethan-mbappe-le-resume-en-video-20251006\" data-fig-type=\"NewsFlash\" data-gtm-custom-categorie=\"navigation\" data-gtm-custom-action=\"crossclick\" data-gtm-custom-label=\"Contextuel\" data-gtm-event=\"customEventSPE\" data-fig-domain=\"LEFIGARO\" target=\"_blank\" rel=\"noopener\">d\u2019arracher le point du nul (1-1)<\/a>\u00a0en \u00e9galisant tardivement (85e) face au Paris Saint-Germain, dimanche en cl\u00f4ture de la 7e journ\u00e9e de Ligue\u00a01. Et ce sous les yeux de Kylian, pr\u00e9sent dans les tribunes de la Decathlon Arena-Stade Pierre Mauroy.<\/p>\n<p class=\"fig-paragraph\">Le capitaine de l\u2019\u00e9quipe de France (26 ans) n\u2019a pas boud\u00e9 son plaisir sur le but de son fr\u00e8re (18 ans), qui avait rejoint le PSG en m\u00eame temps que lui en 2017 et\u00a0<a href=\"http:\/\/www.lefigaro.fr\/sports\/football\/transferts\/mercato-apres-kylian-mbappe-au-tour-de-son-petit-frere-ethan-de-quitter-le-psg-20240618\" data-fig-type=\"NewsFlash\" data-gtm-custom-categorie=\"navigation\" data-gtm-custom-action=\"crossclick\" data-gtm-custom-label=\"Contextuel\" data-gtm-event=\"customEventSPE\" data-fig-domain=\"LEFIGARO\" target=\"_blank\" rel=\"noopener\">l\u2019a quitt\u00e9 en 2024 pour le LOSC<\/a>. \u00abScript de fou&#8230; Mon starboy\u00bb, a f\u00e9licit\u00e9 Kylian Mbapp\u00e9 dans une publication Instagram apr\u00e8s la rencontre, avec une photo d\u2019Ethan imitant sa c\u00e9l\u00e9bration de but, bras crois\u00e9s.<\/p>\n<p>                                    <a class=\"fig-a11y-skip a11y-hidden\" href=\"#fig-a11y-skip-main-inarticle\"><br \/>\n        Passer la publicit\u00e9<br \/>\n    <\/a><\/p>\n<p class=\"fig-paragraph\">Il s\u2019\u00e9tait lui aussi illustr\u00e9 la veille avec un but\u00a0<a href=\"http:\/\/www.lefigaro.fr\/sports\/football\/espagne\/liga-grace-a-un-double-de-vinicius-et-un-but-de-mbappe-le-real-madrid-dompte-villarreal-et-reprend-la-premiere-place-20251004\" data-fig-type=\"NewsFlash\" data-gtm-custom-categorie=\"navigation\" data-gtm-custom-action=\"crossclick\" data-gtm-custom-label=\"Contextuel\" data-gtm-event=\"customEventSPE\" data-fig-domain=\"LEFIGARO\" target=\"_blank\" rel=\"noopener\">dans la victoire madril\u00e8ne face \u00e0 Villarreal (3-1)<\/a>\u00a0en championnat d\u2019Espagne. Place d\u00e9sormais aux \u00e9liminatoires de la Coupe du monde 2026 avec les Bleus pour lui. Concernant Ethan Mbapp\u00e9, il s\u2019agissait de son deuxi\u00e8me but chez les professionnels, apr\u00e8s\u00a0<a href=\"http:\/\/www.lefigaro.fr\/sports\/football\/ligue-1\/ligue-1-ethan-mbappe-offre-la-victoire-au-losc-de-giroud-contre-toulouse-20250914\" data-fig-type=\"NewsFlash\" data-gtm-custom-categorie=\"navigation\" data-gtm-custom-action=\"crossclick\" data-gtm-custom-label=\"Contextuel\" data-gtm-event=\"customEventSPE\" data-fig-domain=\"LEFIGARO\" target=\"_blank\" rel=\"noopener\">celui de la victoire contre Toulouse<\/a>\u00a0le 14 septembre dernier (2-1).<\/p>\n<p class=\"fig-paragraph\"><strong>\u00c0 VOIR AUSSI &#8211; <\/strong>Coup franc de Mendes, but tardif de Mbapp\u00e9&#8230; Le r\u00e9sum\u00e9 de Lille-PSG dimanche dernier (1-1)<\/p>\n","protected":false},"excerpt":{"rendered":"L\u2019ex-vedette du PSG, Kylian Mbapp\u00e9, \u00e9tait en tribunes lors du match nul entre son ancienne \u00e9quipe et le&hellip;\n","protected":false},"author":2,"featured_media":442578,"comment_status":"","ping_status":"","sticky":false,"template":"","format":"standard","meta":{"footnotes":""},"categories":[2815],"tags":[1111,11,1777,674,1011,27,811,6477,1307,2267,12,93,25],"class_list":{"0":"post-442577","1":"post","2":"type-post","3":"status-publish","4":"format-standard","5":"has-post-thumbnail","7":"category-lille","8":"tag-actu","9":"tag-actualites","10":"tag-eu","11":"tag-europe","12":"tag-fr","13":"tag-france","14":"tag-hauts-de-france","15":"tag-kylian-mbappe","16":"tag-lille","17":"tag-losc","18":"tag-news","19":"tag-psg","20":"tag-republique-francaise"},"share_on_mastodon":{"url":"https:\/\/pubeurope.com\/@fr\/115326552854461461","error":""},"_links":{"self":[{"href":"https:\/\/www.europesays.com\/fr\/wp-json\/wp\/v2\/posts\/442577","targetHints":{"allow":["GET"]}}],"collection":[{"href":"https:\/\/www.europesays.com\/fr\/wp-json\/wp\/v2\/posts"}],"about":[{"href":"https:\/\/www.europesays.com\/fr\/wp-json\/wp\/v2\/types\/post"}],"author":[{"embeddable":true,"href":"https:\/\/www.europesays.com\/fr\/wp-json\/wp\/v2\/users\/2"}],"replies":[{"embeddable":true,"href":"https:\/\/www.europesays.com\/fr\/wp-json\/wp\/v2\/comments?post=442577"}],"version-history":[{"count":0,"href":"https:\/\/www.europesays.com\/fr\/wp-json\/wp\/v2\/posts\/442577\/revisions"}],"wp:featuredmedia":[{"embeddable":true,"href":"https:\/\/www.europesays.com\/fr\/wp-json\/wp\/v2\/media\/442578"}],"wp:attachment":[{"href":"https:\/\/www.europesays.com\/fr\/wp-json\/wp\/v2\/media?parent=442577"}],"wp:term":[{"taxonomy":"category","embeddable":true,"href":"https:\/\/www.europesays.com\/fr\/wp-json\/wp\/v2\/categories?post=442577"},{"taxonomy":"post_tag","embeddable":true,"href":"https:\/\/www.europesays.com\/fr\/wp-json\/wp\/v2\/tags?post=442577"}],"curies":[{"name":"wp","href":"https:\/\/api.w.org\/{rel}","templated":true}]}}